{"id":561052,"date":"2025-11-26T23:53:12","date_gmt":"2025-11-26T23:53:12","guid":{"rendered":"https:\/\/www.europesays.com\/fr\/561052\/"},"modified":"2025-11-26T23:53:12","modified_gmt":"2025-11-26T23:53:12","slug":"une-enveloppe-de-15-million-deuros-pour-renover-deux-ecoles-de-cette-commune","status":"publish","type":"post","link":"https:\/\/www.europesays.com\/fr\/561052\/","title":{"rendered":"une enveloppe de 1,5 million d\u2019euros pour r\u00e9nover deux \u00e9coles de cette commune"},"content":{"rendered":"<p>                    Par<br \/>\n        <strong><br \/>\n            <a href=\"https:\/\/actu.fr\/auteur\/aurelien-delavaud\" title=\"Consulter tous les articles de Aur\u00e9lien Delavaud\" target=\"_blank\" rel=\"noopener\">Aur\u00e9lien Delavaud<\/a><br \/>\n                    <\/strong><\/p>\n<p>        Publi\u00e9 le<\/p>\n<p>            26 nov. 2025 \u00e0 21h17        <\/p>\n<p>C\u2019est un moment toujours d\u00e9terminant de la vie municipale. L\u2019occasion de faire le <b>bilan financier<\/b> de l\u2019ann\u00e9e \u00e9coul\u00e9e, mais aussi de se pencher sur les d\u00e9penses \u00e0 venir pour la suivante. Jeudi 27 novembre 2025, les \u00e9lus de <a href=\"https:\/\/actu.fr\/normandie\/saint-pierre-les-elbeuf_76640\" target=\"_blank\" rel=\"noopener\">Saint-Pierre-l\u00e8s-Elbeuf (Seine-Maritime)<\/a> ont rendez-vous pour le traditionnel <b>Rapport d\u2019orientation budg\u00e9taire (ROB)<\/b>, la premi\u00e8re \u00e9tape vers un budget 2026 qui devrait \u00eatre vot\u00e9 le 18 d\u00e9cembre prochain. Dans cette projection, un projet d\u2019investissement majeur ressort : celui pour la r\u00e9novation d\u2019un groupe scolaire.<\/p>\n<p>Un chantier \u00e0 1,5 M\u20ac<\/p>\n<p class=\" wall-content\">\u00ab Il n\u2019y a pas de probl\u00e8mes majeurs, les b\u00e2timents ne sont pas ab\u00eem\u00e9s, assure d\u2019embl\u00e9e St\u00e9phane Castrale-Bela, le directeur g\u00e9n\u00e9ral des services de la commune. Mais disons que c\u2019est <b>devenu un peu vieillot<\/b>. \u00bb<\/p>\n<p class=\" wall-content\">\u00c0 ses c\u00f4t\u00e9s, Nadia Mezrar, la maire, abonde : \u00ab C\u2019est une \u00e9cole qui a 50 ans. \u00bb Alors pour la <b>remettre aux normes<\/b> et au go\u00fbt du jour, la Ville pr\u00e9voit un chantier d\u2019envergure.<\/p>\n<blockquote class=\"ac-article-quote wall-content\">\n<p>En tout, il y en a environ pour 1,5 million d\u2019euros. On va refaire l\u2019\u00e9cole.<\/p>\n<p>Nadia Mezrar, maire de Saint-Pierre-l\u00e8s-Elbeuf<\/p><\/blockquote>\n<p class=\" wall-content\">Dans le d\u00e9tail, c\u2019est bien une grande <b>r\u00e9novation<\/b> dont il est question. L\u2019un des points centraux sera la r\u00e9fection compl\u00e8te des <b>blocs de sanitaires<\/b>, dans l\u2019\u00e9cole primaire et dans l\u2019\u00e9cole maternelle.<\/p>\n<p class=\" wall-content\">\u00ab On les refait tous enti\u00e8rement et on va en rendre un accessible aux personnes \u00e0 mobilit\u00e9 r\u00e9duite dans chaque \u00e9cole \u00bb, pr\u00e9cise St\u00e9phane Castrale-Bela.<\/p>\n<p>    <img   decoding=\"async\" loading=\"lazy\" class=\"size-large\" src=\"https:\/\/www.europesays.com\/fr\/wp-content\/uploads\/2025\/11\/21a503f55429669c503f55429fdc50v-960x640.jpg\" alt=\"\u00e9cole Jules-Verne Saint-Pierre-l\u00e8s-Elbeuf\" width=\"960\" height=\"640\"\/><br \/>\n    En 2026, la Ville pr\u00e9voit une grande r\u00e9novation du groupe scolaire Hector Malot-Jules Verne. \u00a9Aur\u00e9lien Delavaud<\/p>\n<p class=\" wall-content\">Dans le reste des b\u00e2timents, surtout dans <b>les classes<\/b>, les travaux pr\u00e9voient une r\u00e9novation \u00ab des peintures, des faux plafonds et des \u00e9clairages \u00bb. En revanche, pas besoin de toucher aux sols et aux fen\u00eatres, qui sont toujours en bon \u00e9tat selon les services de la Ville.<\/p>\n<p>Votre r\u00e9gion, votre actu !<\/p>\n<p>Recevez chaque jour les infos qui comptent pour vous.<\/p>\n<p>\t<a href=\"https:\/\/actu.fr\/newsletter\" class=\"ac-btn ac-btn--corner ac-btn--medium ac-btn--blue800\" target=\"_blank\" rel=\"noopener\">S&rsquo;incrire<\/a><br \/>\nR\u00e9duire au maximum l\u2019impact sur les \u00e9l\u00e8ves<\/p>\n<p class=\" wall-content\">Voil\u00e0 pour la partie visible de l\u2019iceberg. Mais comme l\u2019explique le directeur g\u00e9n\u00e9ral des services, il y a aussi toute une partie des travaux qui ne se voit pas : \u00ab On refait presque l\u2019int\u00e9gralit\u00e9 des r\u00e9seaux d\u2019\u00e9lectricit\u00e9, d\u2019eau et d\u2019\u00e9vacuation, et on <b>d\u00e9samiante<\/b> le sous-sol. \u00bb<\/p>\n<p class=\" wall-content\">Alors que les \u00e9tudes ont commenc\u00e9 et que la mise en concurrence des entreprises devrait intervenir d\u00e9but 2026, le chantier devrait commencer bien plus tard dans l\u2019ann\u00e9e. Pour la Ville, l\u2019enjeu sera de <b>limiter au maximum l\u2019impact sur les enfants<\/b> et la vie scolaire.<\/p>\n<p class=\" wall-content\">\u00ab Pour les travaux les plus importants, comme le d\u00e9samiantage, on vise les vacances d\u2019\u00e9t\u00e9. Apr\u00e8s, les travaux se feront par phases, qu\u2019il faudra encore organiser \u00bb, pr\u00e9cise St\u00e9phane Castrale-Bela.<\/p>\n<p class=\" wall-content\">Selon les pr\u00e9visions, les travaux devraient se faire une aile apr\u00e8s l\u2019autre, peut-\u00eatre en utilisant des b\u00e2timents provisoires et modulables, pour ne pas avoir \u00e0 vider enti\u00e8rement l\u2019\u00e9cole et d\u00e9placer les \u00e9l\u00e8ves.<\/p>\n<p>Le conseil municipal se r\u00e9organise<\/p>\n<p>La r\u00e9cente vague de d\u00e9missions a une incidence, sur l&rsquo;organisation du conseil municipal de Saint-Pierre. Jeudi soir, il sera notamment question de r\u00e9attribuer des d\u00e9l\u00e9gations laiss\u00e9es vacantes par les d\u00e9missionnaires. Pour les Sports et la vie associative, c&rsquo;est Laurent Sachot qui reprend le flambeau. \u00ab Il \u00e9tait membre de la commission et il conna\u00eet le sujet \u00bb, justifie la maire, Nadia Mezrar. Sa d\u00e9l\u00e9gation pr\u00e9c\u00e9dente sera r\u00e9partie entre trois autres adjoints, Laurence Esclasse, Francis Geslin et Taylor Rogeret, qui suivaient d\u00e9j\u00e0 ces dossiers. La nouvelle conseill\u00e8re municipale d\u00e9l\u00e9gu\u00e9e charg\u00e9e de la Vie participative et de la proximit\u00e9 sera Patricia Barri\u00e8re, qui n&rsquo;avait pas de d\u00e9l\u00e9gation jusqu&rsquo;\u00e0 pr\u00e9sent. Pour ce choix, Nadia Mezrar vante \u00ab une conseill\u00e8re tr\u00e8s engag\u00e9e aupr\u00e8s du CCAS, une \u00e9lue exp\u00e9riment\u00e9e et engag\u00e9e dans l&rsquo;action sociale de proximit\u00e9 et la solidarit\u00e9 \u00bb.<br \/>&#13;<br \/>\n\u00c0 noter que le conseil municipal accueillera deux nouveaux membres pour cette fin de mandat, qui ont accept\u00e9 d&rsquo;y si\u00e9ger apr\u00e8s les d\u00e9parts. Il s&rsquo;agit de Chantal Lambert, qui se trouvait en fin de liste, et de Morgan Paumier, qui y \u00e9tait inscrit dans un r\u00f4le de \u00ab rempla\u00e7ant \u00bb, comme le permet une loi de 2018.<\/p>\n<p class=\" wall-content\">Personnalisez votre actualit\u00e9 en ajoutant vos villes et m\u00e9dias en favori avec <a href=\"https:\/\/moncompte.actu.fr\" title=\"D\u00e9couvez Mon Actu\" rel=\"nofollow noopener\" data-trk=\"{&quot;cta&quot;:{&quot;action&quot;:&quot;https:\\\/\\\/moncompte.actu.fr&quot;,&quot;category&quot;:&quot;mon compte&quot;,&quot;from&quot;:&quot;article footer&quot;,&quot;name&quot;:&quot;Mon actu&quot;,&quot;type&quot;:&quot;cta&quot;}}\" target=\"_blank\">Mon Actu<\/a>.<\/p>\n","protected":false},"excerpt":{"rendered":"Par Aur\u00e9lien Delavaud Publi\u00e9 le 26 nov. 2025 \u00e0 21h17 C\u2019est un moment toujours d\u00e9terminant de la vie&hellip;\n","protected":false},"author":2,"featured_media":561053,"comment_status":"","ping_status":"","sticky":false,"template":"","format":"standard","meta":{"footnotes":""},"categories":[9587],"tags":[1111,11,4019,1057,1777,674,1011,27,12,5161,25,9590,104,2086],"class_list":{"0":"post-561052","1":"post","2":"type-post","3":"status-publish","4":"format-standard","5":"has-post-thumbnail","7":"category-rouen","8":"tag-actu","9":"tag-actualites","10":"tag-ecoles","11":"tag-education","12":"tag-eu","13":"tag-europe","14":"tag-fr","15":"tag-france","16":"tag-news","17":"tag-normandie","18":"tag-republique-francaise","19":"tag-rouen","20":"tag-societe","21":"tag-travaux"},"share_on_mastodon":{"url":"https:\/\/pubeurope.com\/@fr\/115618697376106841","error":""},"_links":{"self":[{"href":"https:\/\/www.europesays.com\/fr\/wp-json\/wp\/v2\/posts\/561052","targetHints":{"allow":["GET"]}}],"collection":[{"href":"https:\/\/www.europesays.com\/fr\/wp-json\/wp\/v2\/posts"}],"about":[{"href":"https:\/\/www.europesays.com\/fr\/wp-json\/wp\/v2\/types\/post"}],"author":[{"embeddable":true,"href":"https:\/\/www.europesays.com\/fr\/wp-json\/wp\/v2\/users\/2"}],"replies":[{"embeddable":true,"href":"https:\/\/www.europesays.com\/fr\/wp-json\/wp\/v2\/comments?post=561052"}],"version-history":[{"count":0,"href":"https:\/\/www.europesays.com\/fr\/wp-json\/wp\/v2\/posts\/561052\/revisions"}],"wp:featuredmedia":[{"embeddable":true,"href":"https:\/\/www.europesays.com\/fr\/wp-json\/wp\/v2\/media\/561053"}],"wp:attachment":[{"href":"https:\/\/www.europesays.com\/fr\/wp-json\/wp\/v2\/media?parent=561052"}],"wp:term":[{"taxonomy":"category","embeddable":true,"href":"https:\/\/www.europesays.com\/fr\/wp-json\/wp\/v2\/categories?post=561052"},{"taxonomy":"post_tag","embeddable":true,"href":"https:\/\/www.europesays.com\/fr\/wp-json\/wp\/v2\/tags?post=561052"}],"curies":[{"name":"wp","href":"https:\/\/api.w.org\/{rel}","templated":true}]}}