{"id":561056,"date":"2025-11-26T23:55:23","date_gmt":"2025-11-26T23:55:23","guid":{"rendered":"https:\/\/www.europesays.com\/fr\/561056\/"},"modified":"2025-11-26T23:55:23","modified_gmt":"2025-11-26T23:55:23","slug":"ouverture-des-salons-artisa-naturissima-et-2-tonnes-50","status":"publish","type":"post","link":"https:\/\/www.europesays.com\/fr\/561056\/","title":{"rendered":"Ouverture des Salons Artisa, Naturissima et 2 Tonnes 50"},"content":{"rendered":"<p>Ouverture de trois salons compl\u00e9mentaires \u00e0 Alpexpo, d\u00e9di\u00e9s \u00e0 l\u2019artisanat, au mieux-vivre et \u00e0 la pr\u00e9servation de la plan\u00e8te.<\/p>\n<p>Jusqu\u2019\u00e0 dimanche, venez profiter du savoir-faire et des r\u00e9alisations des artisans du salon Artisa, prenez le temps de mieux vivre aupr\u00e8s des exposants du salon Naturissima et d\u00e9couvrir d\u2019autres solutions de consommation avec les membres du salon 2 Tonnes 50.<\/p>\n<p>Trois salons jusqu\u2019\u00e0 la fin de semaine \u00e0 Alpexpo.<\/p>\n","protected":false},"excerpt":{"rendered":"Ouverture de trois salons compl\u00e9mentaires \u00e0 Alpexpo, d\u00e9di\u00e9s \u00e0 l\u2019artisanat, au mieux-vivre et \u00e0 la pr\u00e9servation de la&hellip;\n","protected":false},"author":2,"featured_media":561057,"comment_status":"","ping_status":"","sticky":false,"template":"","format":"standard","meta":{"footnotes":""},"categories":[9566],"tags":[1111,11,2430,1777,674,1011,27,2731,12,25],"class_list":{"0":"post-561056","1":"post","2":"type-post","3":"status-publish","4":"format-standard","5":"has-post-thumbnail","7":"category-grenoble","8":"tag-actu","9":"tag-actualites","10":"tag-auvergne-rhone-alpes","11":"tag-eu","12":"tag-europe","13":"tag-fr","14":"tag-france","15":"tag-grenoble","16":"tag-news","17":"tag-republique-francaise"},"share_on_mastodon":{"url":"https:\/\/pubeurope.com\/@fr\/115618705324265092","error":""},"_links":{"self":[{"href":"https:\/\/www.europesays.com\/fr\/wp-json\/wp\/v2\/posts\/561056","targetHints":{"allow":["GET"]}}],"collection":[{"href":"https:\/\/www.europesays.com\/fr\/wp-json\/wp\/v2\/posts"}],"about":[{"href":"https:\/\/www.europesays.com\/fr\/wp-json\/wp\/v2\/types\/post"}],"author":[{"embeddable":true,"href":"https:\/\/www.europesays.com\/fr\/wp-json\/wp\/v2\/users\/2"}],"replies":[{"embeddable":true,"href":"https:\/\/www.europesays.com\/fr\/wp-json\/wp\/v2\/comments?post=561056"}],"version-history":[{"count":0,"href":"https:\/\/www.europesays.com\/fr\/wp-json\/wp\/v2\/posts\/561056\/revisions"}],"wp:featuredmedia":[{"embeddable":true,"href":"https:\/\/www.europesays.com\/fr\/wp-json\/wp\/v2\/media\/561057"}],"wp:attachment":[{"href":"https:\/\/www.europesays.com\/fr\/wp-json\/wp\/v2\/media?parent=561056"}],"wp:term":[{"taxonomy":"category","embeddable":true,"href":"https:\/\/www.europesays.com\/fr\/wp-json\/wp\/v2\/categories?post=561056"},{"taxonomy":"post_tag","embeddable":true,"href":"https:\/\/www.europesays.com\/fr\/wp-json\/wp\/v2\/tags?post=561056"}],"curies":[{"name":"wp","href":"https:\/\/api.w.org\/{rel}","templated":true}]}}