{"id":561060,"date":"2025-11-26T23:58:24","date_gmt":"2025-11-26T23:58:24","guid":{"rendered":"https:\/\/www.europesays.com\/fr\/561060\/"},"modified":"2025-11-26T23:58:24","modified_gmt":"2025-11-26T23:58:24","slug":"implantation-du-pole-espoir-a-rennes-on-se-tire-une-balle-dans-le-pied-regrette-erwan-croguennec-president-de-landerneau","status":"publish","type":"post","link":"https:\/\/www.europesays.com\/fr\/561060\/","title":{"rendered":"Implantation du p\u00f4le espoir \u00e0 Rennes\u00a0: \u00ab\u00a0On se tire une balle dans le pied\u00a0!\u00a0\u00bb, regrette Erwan Croguennec, pr\u00e9sident de Landerneau"},"content":{"rendered":"<p>Sur la carte de France de \u00ab La Boulag\u00e8re Wonderligue \u00bb, un rapide coup d\u2019\u0153il suffit pour faire le tour des clubs bretons. Unique repr\u00e9sentant de la r\u00e9gion, le LBB y tient sa place depuis 2018. Une pr\u00e9sence qui passe, budget restreint oblige, par la formation de joueuses.<\/p>\n<blockquote><p>\u00ab Le fait que nos 4e et 3e soient \u00e0 Rennes, au p\u00f4le espoir, est aujourd\u2019hui un gros probl\u00e8me. Cela cause une grande souffrance \u00e0 tout le monde, \u00e0 nous comme aux joueuses \u00bb<\/p><\/blockquote>\n<p>Si, par le pass\u00e9, une vingtaine d\u2019entre elles a atteint le statut professionnel ou semi-professionnel, dont Maud Stervinou et Victorine Thiaw, le LBB fait face \u00e0 une concurrence f\u00e9roce, \u00e0 laquelle n\u2019\u00e9chappe pas son centre de formation. Mais ce dernier, qui aligne trois \u00e9quipes (en U15 et U18 nationaux, et en N2F, avec les Espoirs), doit composer, qui plus est, avec \u00ab une aberration \u00bb, comme s\u2019indigne Erwan Croguennec.<\/p>\n<p>L\u2019exemple du hand avec le BBH<\/p>\n<p>\u00ab Le fait que nos 4e et 3e soient \u00e0 Rennes, au p\u00f4le espoir, est aujourd\u2019hui un gros probl\u00e8me. Cela cause une grande souffrance \u00e0 tout le monde, \u00e0 nous comme aux joueuses \u00bb, explique le pr\u00e9sident du LBB, \u00e9voquant \u00ab une grosse anomalie \u00bb. \u00ab Je vais \u00eatre tr\u00e8s clair : on se tire une balle dans le pied \u00bb, poursuit-il, avant de prendre en exemple le p\u00f4le espoir de hand f\u00e9minin, qui a su s\u2019implanter \u00e0 Brest \u00ab au plus pr\u00e8s du BBH \u00bb, et de r\u00e9clamer \u00ab au minimum la cr\u00e9ation d\u2019une antenne pour le basket \u00bb dans le secteur de Landerneau. <\/p>\n<p>Un message que le tr\u00e8s actif pr\u00e9sident a fait remonter \u00e0 l\u2019ensemble des acteurs de ce dossier, dont Alain Cottenceau, DTN, ou Pierre Pouliquen, vice-pr\u00e9sident de la R\u00e9gion. En jeu ? \u00ab Voir des jeunes filles form\u00e9es dans notre r\u00e9gion, avec nos financements, partir ensuite vers d\u2019autres clubs de l\u2019ouest (La Roche\/Yon, Chartres, Angers) \u00bb.<\/p>\n","protected":false},"excerpt":{"rendered":"Sur la carte de France de \u00ab La Boulag\u00e8re Wonderligue \u00bb, un rapide coup d\u2019\u0153il suffit pour faire&hellip;\n","protected":false},"author":2,"featured_media":561061,"comment_status":"","ping_status":"","sticky":false,"template":"","format":"standard","meta":{"footnotes":""},"categories":[2821],"tags":[1111,11,1465,829,1777,674,1011,27,9815,67774,12,584,25,60],"class_list":{"0":"post-561060","1":"post","2":"type-post","3":"status-publish","4":"format-standard","5":"has-post-thumbnail","7":"category-rennes","8":"tag-actu","9":"tag-actualites","10":"tag-basket","11":"tag-bretagne","12":"tag-eu","13":"tag-europe","14":"tag-fr","15":"tag-france","16":"tag-landerneau","17":"tag-landerneau-bretagne-basket","18":"tag-news","19":"tag-rennes","20":"tag-republique-francaise","21":"tag-sports"},"share_on_mastodon":{"url":"https:\/\/pubeurope.com\/@fr\/115618716520366578","error":""},"_links":{"self":[{"href":"https:\/\/www.europesays.com\/fr\/wp-json\/wp\/v2\/posts\/561060","targetHints":{"allow":["GET"]}}],"collection":[{"href":"https:\/\/www.europesays.com\/fr\/wp-json\/wp\/v2\/posts"}],"about":[{"href":"https:\/\/www.europesays.com\/fr\/wp-json\/wp\/v2\/types\/post"}],"author":[{"embeddable":true,"href":"https:\/\/www.europesays.com\/fr\/wp-json\/wp\/v2\/users\/2"}],"replies":[{"embeddable":true,"href":"https:\/\/www.europesays.com\/fr\/wp-json\/wp\/v2\/comments?post=561060"}],"version-history":[{"count":0,"href":"https:\/\/www.europesays.com\/fr\/wp-json\/wp\/v2\/posts\/561060\/revisions"}],"wp:featuredmedia":[{"embeddable":true,"href":"https:\/\/www.europesays.com\/fr\/wp-json\/wp\/v2\/media\/561061"}],"wp:attachment":[{"href":"https:\/\/www.europesays.com\/fr\/wp-json\/wp\/v2\/media?parent=561060"}],"wp:term":[{"taxonomy":"category","embeddable":true,"href":"https:\/\/www.europesays.com\/fr\/wp-json\/wp\/v2\/categories?post=561060"},{"taxonomy":"post_tag","embeddable":true,"href":"https:\/\/www.europesays.com\/fr\/wp-json\/wp\/v2\/tags?post=561060"}],"curies":[{"name":"wp","href":"https:\/\/api.w.org\/{rel}","templated":true}]}}