{"id":561066,"date":"2025-11-27T00:02:14","date_gmt":"2025-11-27T00:02:14","guid":{"rendered":"https:\/\/www.europesays.com\/fr\/561066\/"},"modified":"2025-11-27T00:02:14","modified_gmt":"2025-11-27T00:02:14","slug":"un-garage-automobile-en-flammes-dans-la-plaine-du-var-ce-mercredi-soir","status":"publish","type":"post","link":"https:\/\/www.europesays.com\/fr\/561066\/","title":{"rendered":"un garage automobile en flammes dans la plaine du Var ce mercredi soir"},"content":{"rendered":"<p class=\"fs-5 \">Plusieurs explosions ont \u00e9t\u00e9 entendues ce mercredi 26 novembre soir \u00e0 Nice-Ouest et Saint-Laurent-du-Var. En cause : un feu de garage automobile, boulevard du Mercantour, dans la plaine du Var.<\/p>\n<p class=\"fs-5 \">Un incendie qui, sur les coups de minuit, \u00e9tait \u00abma\u00eetris\u00e9\u00bb selon un porte-parole des sapeurs-pompiers.<\/p>\n<p class=\"fs-5 \">Bilan : <strong>plusieurs v\u00e9hicules endommag\u00e9s ainsi que deux locaux de 20m2 totalement d\u00e9truits.<\/strong><\/p>\n<p>                                                                                <strong>\u00abPas de notion de victime\u00bb<\/strong><\/p>\n<p class=\"fs-5 \">Les pompiers avaient \u00e9t\u00e9 alert\u00e9s aux alentours de 22 h 30. \u00ab <strong>35 sapeurs pompiers<\/strong> luttent actuellement contre les flammes, d\u00e9taillait le Service d\u00e9partemental d\u2019incendie et de secours des Alpes-Maritimes (Sdis 06), une heure environ apr\u00e8s le d\u00e9but du sinistre. Les soldats du feu doivent faire face \u00e0 plusieurs v\u00e9hicules en feu. Deux lances ont \u00e9t\u00e9 \u00e9tablies afin de limiter la propagation. \u00bb <\/p>\n<p class=\"fs-5 \">15 engins ont \u00e9t\u00e9 d\u00e9ploy\u00e9s. \u00ab Il n\u2019y a pas de notion de victimes pour le moment \u00bb, pr\u00e9cisait encore le Sdis06 \u00e0 cette heure.<\/p>\n<p>            <img src=\"https:\/\/www.europesays.com\/fr\/wp-content\/uploads\/2025\/11\/cbb37c6_upload-from-url-1-ce3twgg0wgnh-data-art-16657926.jpg\"   loading=\"lazy\" decoding=\"async\" alt=\"En 2019, l\u2019expert judiciaire Jean-Jacques Cultil a enqu\u00eat\u00e9 sur cet impressionnant sinistre. \" class=\"img-fluid position-absolute w-100 object-fit-cover rounded-2\" width=\"600\" height=\"400\"\/><\/p>\n<p class=\"fs-5 \">Les causes de l\u2019incendie demeuraient \u00e9galement inconnues mais le panache de fum\u00e9e, impressionnant et particuli\u00e8rement fonc\u00e9, \u00e9tait visible de loin malgr\u00e9 la nuit. Surtout, une forte odeur de br\u00fbl\u00e9 avait envahi les quartiers alentour.<\/p>\n","protected":false},"excerpt":{"rendered":"Plusieurs explosions ont \u00e9t\u00e9 entendues ce mercredi 26 novembre soir \u00e0 Nice-Ouest et Saint-Laurent-du-Var. En cause : un&hellip;\n","protected":false},"author":2,"featured_media":561067,"comment_status":"","ping_status":"","sticky":false,"template":"","format":"standard","meta":{"footnotes":""},"categories":[2819],"tags":[1111,11,1777,674,1011,27,12,2401,882,25],"class_list":{"0":"post-561066","1":"post","2":"type-post","3":"status-publish","4":"format-standard","5":"has-post-thumbnail","7":"category-nice","8":"tag-actu","9":"tag-actualites","10":"tag-eu","11":"tag-europe","12":"tag-fr","13":"tag-france","14":"tag-news","15":"tag-nice","16":"tag-provence-alpes-cote-dazur","17":"tag-republique-francaise"},"share_on_mastodon":{"url":"https:\/\/pubeurope.com\/@fr\/115618733114509272","error":""},"_links":{"self":[{"href":"https:\/\/www.europesays.com\/fr\/wp-json\/wp\/v2\/posts\/561066","targetHints":{"allow":["GET"]}}],"collection":[{"href":"https:\/\/www.europesays.com\/fr\/wp-json\/wp\/v2\/posts"}],"about":[{"href":"https:\/\/www.europesays.com\/fr\/wp-json\/wp\/v2\/types\/post"}],"author":[{"embeddable":true,"href":"https:\/\/www.europesays.com\/fr\/wp-json\/wp\/v2\/users\/2"}],"replies":[{"embeddable":true,"href":"https:\/\/www.europesays.com\/fr\/wp-json\/wp\/v2\/comments?post=561066"}],"version-history":[{"count":0,"href":"https:\/\/www.europesays.com\/fr\/wp-json\/wp\/v2\/posts\/561066\/revisions"}],"wp:featuredmedia":[{"embeddable":true,"href":"https:\/\/www.europesays.com\/fr\/wp-json\/wp\/v2\/media\/561067"}],"wp:attachment":[{"href":"https:\/\/www.europesays.com\/fr\/wp-json\/wp\/v2\/media?parent=561066"}],"wp:term":[{"taxonomy":"category","embeddable":true,"href":"https:\/\/www.europesays.com\/fr\/wp-json\/wp\/v2\/categories?post=561066"},{"taxonomy":"post_tag","embeddable":true,"href":"https:\/\/www.europesays.com\/fr\/wp-json\/wp\/v2\/tags?post=561066"}],"curies":[{"name":"wp","href":"https:\/\/api.w.org\/{rel}","templated":true}]}}