{"id":561068,"date":"2025-11-27T00:03:33","date_gmt":"2025-11-27T00:03:33","guid":{"rendered":"https:\/\/www.europesays.com\/fr\/561068\/"},"modified":"2025-11-27T00:03:33","modified_gmt":"2025-11-27T00:03:33","slug":"le-magnifique-marche-de-noel-de-nice-sinstalle-a-massena-des-ce-vendredi","status":"publish","type":"post","link":"https:\/\/www.europesays.com\/fr\/561068\/","title":{"rendered":"Le magnifique March\u00e9 de No\u00ebl de Nice s\u2019installe \u00e0 Mass\u00e9na d\u00e8s ce vendredi"},"content":{"rendered":"<p data-start=\"931\" data-end=\"1492\">Tout le mois de novembre, les Ni\u00e7ois ont vu s\u2019\u00e9lever petit \u00e0 petit les structures blanches du d\u00e9cor tant attendu. Ce week-end, \u00e7a y est\u00a0: le March\u00e9 de No\u00ebl reprend possession de la place Mass\u00e9na et du jardin Albert-1er, transformant le centre-ville en terrain de jeu hivernal. <strong>Plus de 60 chalets, des stands gourmands \u00e0 te faire tourner la t\u00eate <\/strong>(et fondre une raclette en deux minutes), des artisans locaux et un espace restauration anim\u00e9 par concerts et danses\u2026 on entre ici comme dans un grand village festif qui sent la cannelle, les churros et le vin chaud. <strong>La Grande roue, elle, tr\u00f4ne comme chaque ann\u00e9e \u00e0 Mass\u00e9na.<\/strong> De jour comme de nuit, elle offre une vue monstrueusement belle sur les illuminations (toutes 100% LED) qui serpentent depuis le centre jusqu\u2019\u00e0 la Promenade des Anglais.\u00a0<\/p>\n<p>&#13;<br \/>\nAnimations quotidiennes et ateliers pour les enfants&#13;<\/p>\n<p data-start=\"1958\" data-end=\"2515\">\u00c0 quelques pas de Mass\u00e9na, le jardin Albert-1er devient un second monde, plus po\u00e9tique et plus immersif.<strong> Le Village accueille 70 exposants r\u00e9gionaux et toute une ribambelle d\u2019animations. <\/strong>Danse, musique, d\u00e9ambulations, initiations pour les petits comme pour les grands\u2026 chaque jour, le programme change et surprend. Pour les enfants, la magie est totale\u00a0:<strong> Maison du Petit Papa No\u00ebl, espace de jeux<\/strong> pens\u00e9 pour eux,<strong> atelier de peinture sur c\u00e9ramique, photo booth<\/strong> pour immortaliser leurs bouilles. La \u00ab\u00a0place aux festins\u00a0\u00bb rassemblera les gourmands autour de <strong>chalets sal\u00e9s, sucr\u00e9s et de buvettes conviviales<\/strong>, histoire de faire une pause entre deux man\u00e8ges.<\/p>\n<p>&#13;<\/p>\n<blockquote class=\"instagram-media\" data-instgrm-permalink=\"https:\/\/www.instagram.com\/p\/C0lwr-LIXtF\/?utm_source=ig_embed&amp;utm_campaign=loading\" data-instgrm-version=\"14\" style=\"background: #FFF; border: 0; border-radius: 3px; box-shadow: 0 0 1px 0 rgba(0,0,0,0.5),0 1px 10px 0 rgba(0,0,0,0.15); margin: 1px; max-width: 540px; min-width: 326px; padding: 0; width: calc(100% - 2px);\"><p>&#13;<br \/>\n&#13;\n<\/p><\/blockquote>\n<p>&#13;<br \/>\n&#13;<br \/>\nLa Grande Parade avec 200 artistes et de nombreux chars&#13;<\/p>\n<p data-start=\"3233\" data-end=\"3706\">Point d\u2019orgue de la saison\u00a0: <a href=\"https:\/\/www.lebonbon.fr\/nice\/good-news\/parade-noel-artistes-chars-nice-decembre\/\" target=\"_blank\" rel=\"noopener\">la Grande Parade du dimanche 7 d\u00e9cembre<\/a>. <strong>Deux cents artistes, quinze troupes professionnelles, trois chars carnavalesques sign\u00e9s par la famille Povigna<\/strong> (v\u00e9ritables l\u00e9gendes du Carnaval de Nice) et une heure et demie de spectacle qui attirent chaque ann\u00e9e pr\u00e8s de <strong>45 000 spectateurs<\/strong>. Le cort\u00e8ge partira de l\u2019avenue Jean-M\u00e9decin \u00e0 17h, avant de rejoindre Mass\u00e9na dans un tourbillon de lumi\u00e8res, de musique et de danse. Le tout totalement gratuit. Derri\u00e8re l\u2019\u00e9v\u00e9nement, on retrouve l\u2019association Nice Shopping qui assume un objectif clair\u00a0: <strong>dynamiser les achats de No\u00ebl en ville durant ce week-end strat\u00e9gique.\u00a0<\/strong><\/p>\n<p>&#13;<\/p>\n<blockquote class=\"instagram-media\" data-instgrm-permalink=\"https:\/\/www.instagram.com\/p\/C0vue_sojgw\/?utm_source=ig_embed&amp;utm_campaign=loading\" data-instgrm-version=\"14\" style=\"background: #FFF; border: 0; border-radius: 3px; box-shadow: 0 0 1px 0 rgba(0,0,0,0.5),0 1px 10px 0 rgba(0,0,0,0.15); margin: 1px; max-width: 540px; min-width: 326px; padding: 0; width: calc(100% - 2px);\"><p>&#13;<br \/>\n&#13;\n<\/p><\/blockquote>\n<p>&#13;<br \/>\n&#13;<\/p>\n<p data-start=\"3988\" data-end=\"4178\">C\u00f4t\u00e9 pratique, les horaires s\u2019adaptent selon les jours\u00a0: du lundi au mercredi de 12h \u00e0 21h, jusqu\u2019\u00e0 23h les jeudis et vendredis, de 11h \u00e0 23h le samedi et de 11h \u00e0 21h le dimanche. Plusieurs journ\u00e9es ont leurs horaires sp\u00e9ciaux\u00a0: 24 et 31 d\u00e9cembre (12h\u201319h), No\u00ebl (14h\u201323h) et le 1er janvier (12h\u201323h). En bref\u00a0: impossible de ne pas trouver un moment pour y faire un tour\u00a0!<\/p>\n<p>&#13;<\/p>\n<p data-start=\"3988\" data-end=\"4178\"><strong>March\u00e9 de No\u00ebl de Nice<\/strong><br \/><strong>Du 28 novembre 2025 au 4 janvier 2026<\/strong><br \/><a href=\"https:\/\/www.nice.fr\/noel-a-nice\/\" rel=\"nofollow noopener noreferrer\" target=\"_blank\"><strong>Plus d&rsquo;infos<\/strong><\/a><\/p>\n<p><script async src=\"\/\/www.instagram.com\/embed.js\"><\/script><\/p>\n","protected":false},"excerpt":{"rendered":"Tout le mois de novembre, les Ni\u00e7ois ont vu s\u2019\u00e9lever petit \u00e0 petit les structures blanches du d\u00e9cor&hellip;\n","protected":false},"author":2,"featured_media":561069,"comment_status":"","ping_status":"","sticky":false,"template":"","format":"standard","meta":{"footnotes":""},"categories":[2819],"tags":[1111,11,1777,674,1011,27,12,2401,882,25],"class_list":{"0":"post-561068","1":"post","2":"type-post","3":"status-publish","4":"format-standard","5":"has-post-thumbnail","7":"category-nice","8":"tag-actu","9":"tag-actualites","10":"tag-eu","11":"tag-europe","12":"tag-fr","13":"tag-france","14":"tag-news","15":"tag-nice","16":"tag-provence-alpes-cote-dazur","17":"tag-republique-francaise"},"share_on_mastodon":{"url":"https:\/\/pubeurope.com\/@fr\/115618736667821152","error":""},"_links":{"self":[{"href":"https:\/\/www.europesays.com\/fr\/wp-json\/wp\/v2\/posts\/561068","targetHints":{"allow":["GET"]}}],"collection":[{"href":"https:\/\/www.europesays.com\/fr\/wp-json\/wp\/v2\/posts"}],"about":[{"href":"https:\/\/www.europesays.com\/fr\/wp-json\/wp\/v2\/types\/post"}],"author":[{"embeddable":true,"href":"https:\/\/www.europesays.com\/fr\/wp-json\/wp\/v2\/users\/2"}],"replies":[{"embeddable":true,"href":"https:\/\/www.europesays.com\/fr\/wp-json\/wp\/v2\/comments?post=561068"}],"version-history":[{"count":0,"href":"https:\/\/www.europesays.com\/fr\/wp-json\/wp\/v2\/posts\/561068\/revisions"}],"wp:featuredmedia":[{"embeddable":true,"href":"https:\/\/www.europesays.com\/fr\/wp-json\/wp\/v2\/media\/561069"}],"wp:attachment":[{"href":"https:\/\/www.europesays.com\/fr\/wp-json\/wp\/v2\/media?parent=561068"}],"wp:term":[{"taxonomy":"category","embeddable":true,"href":"https:\/\/www.europesays.com\/fr\/wp-json\/wp\/v2\/categories?post=561068"},{"taxonomy":"post_tag","embeddable":true,"href":"https:\/\/www.europesays.com\/fr\/wp-json\/wp\/v2\/tags?post=561068"}],"curies":[{"name":"wp","href":"https:\/\/api.w.org\/{rel}","templated":true}]}}