{"id":561072,"date":"2025-11-27T00:05:53","date_gmt":"2025-11-27T00:05:53","guid":{"rendered":"https:\/\/www.europesays.com\/fr\/561072\/"},"modified":"2025-11-27T00:05:53","modified_gmt":"2025-11-27T00:05:53","slug":"un-village-de-noel-feerique-dans-ce-chateau-pres-de-nantes","status":"publish","type":"post","link":"https:\/\/www.europesays.com\/fr\/561072\/","title":{"rendered":"Un village de No\u00ebl f\u00e9erique dans ce ch\u00e2teau pr\u00e8s de Nantes"},"content":{"rendered":"<p>Une atmosph\u00e8re chaleureuse et \u00e9l\u00e9gante<\/p>\n<p>D\u00e8s l\u2019arriv\u00e9e, vous serez plong\u00e9s dans un univers doux et scintillant. Les jardins du domaine, d\u00e9j\u00e0 r\u00e9put\u00e9s pour leur beaut\u00e9, s\u2019orneront de guirlandes lumineuses, de petites touches dor\u00e9es et de d\u00e9cors festifs soigneusement imagin\u00e9s pour magnifier le lieu. Ici, pas de surench\u00e8re, le Ch\u00e2teau de Maubreuil fait le choix d\u2019<strong>un No\u00ebl \u00e9l\u00e9gant, chaleureux, presque intimiste, une parenth\u00e8se raffin\u00e9e pour profiter de l\u2019hiver autrement.<\/strong><\/p>\n<p><img loading=\"lazy\" decoding=\"async\" src=\"https:\/\/www.europesays.com\/fr\/wp-content\/uploads\/2025\/11\/noel-maubreuil jpeg.jpg\" width=\"603\" height=\"500\" alt=\"\"\/><\/p>\n<p>Un march\u00e9 artisanal local<\/p>\n<p><strong>Le village s\u2019organise autour de chalets d\u00e9di\u00e9s \u00e0 l\u2019artisanat, o\u00f9 cr\u00e9ateurs et producteurs locaux d\u00e9voileront leurs pi\u00e8ces uniques\u00a0:<\/strong> bijoux fait main, objets de d\u00e9coration, cr\u00e9ations textiles, id\u00e9es cadeaux pens\u00e9es en s\u00e9ries limit\u00e9es\u2026 L\u2019occasion parfaite de faire ses emplettes de No\u00ebl en privil\u00e9giant un circuit court, tout en soutenant le savoir-faire de la r\u00e9gion.<\/p>\n<p>Animations pour les enfants<\/p>\n<p>Parce que la magie de No\u00ebl se partage en famille, les plus jeunes ne seront pas oubli\u00e9s. En plus du charme du lieu, plusieurs animations sp\u00e9cialement con\u00e7ues pour eux seront propos\u00e9es\u00a0: ateliers maquillage, mini-animations ludiques et rencontres avec les \u00e9quipes du domaine. De quoi transformer la visite en v\u00e9ritable aventure enchant\u00e9e.<\/p>\n<p>Un chalet gourmand pour se r\u00e9chauffer<\/p>\n<p>Impossible d\u2019imaginer un march\u00e9 de No\u00ebl sans douceurs\u00a0! <strong>Un chalet gourmand servira cr\u00eapes maison, chocolat chaud onctueux, jus de pomme et de poire<\/strong> r\u00e9confortants, et bien s\u00fbr <strong>l\u2019incontournable vin chaud \u00e9pic\u00e9.<\/strong> Une pause parfaite entre deux chalets, dans une ambiance douce et parfum\u00e9e.<\/p>\n<p>Un chalet bien-\u00eatre unique<\/p>\n<p>Pour prolonger l\u2019exp\u00e9rience, un chalet enti\u00e8rement d\u00e9di\u00e9 au bien-\u00eatre, sign\u00e9 Cinq Mondes, permettra de d\u00e9couvrir l\u2019univers sensoriel du Spa Le Maubreuil. Un vrai voyage relaxant au c\u0153ur du village, id\u00e9al pour offrir (ou s\u2019offrir) un moment suspendu.<\/p>\n<blockquote class=\"instagram-media\" data-instgrm-permalink=\"https:\/\/www.instagram.com\/p\/DRNJvG4DEn_\/?utm_source=ig_embed&amp;utm_campaign=loading\" data-instgrm-version=\"14\" style=\"background: #FFF; border: 0; border-radius: 3px; box-shadow: 0 0 1px 0 rgba(0,0,0,0.5),0 1px 10px 0 rgba(0,0,0,0.15); margin: 1px; max-width: 540px; min-width: 326px; padding: 0; width: calc(100% - 2px);\">\n<\/blockquote>\n<p>Coffrets et cadeaux d\u2019exception<\/p>\n<p>Un autre chalet sera r\u00e9serv\u00e9 aux coffrets et bons cadeaux du domaine\u00a0: s\u00e9jours, soins, exp\u00e9riences gastronomiques\u2026 De quoi glisser sous le sapin une surprise inoubliable, made in Maubreuil.<\/p>\n<p><strong>Infos pratiques\u00a0:<\/strong><br \/><strong>Le Village de No\u00ebl ouvrira sur les trois week-ends pr\u00e9c\u00e9dant No\u00ebl\u00a0:<\/strong><br \/><strong>6\u20137 d\u00e9cembre, 13\u201314 d\u00e9cembre, 20\u201321 d\u00e9cembre 2025<\/strong><br \/><strong>De 11h \u00e0 18h<\/strong><br \/><strong>Entr\u00e9e libre<\/strong><br \/><strong>Parking sur place<br \/><\/strong><\/p>\n<p><script async src=\"\/\/www.instagram.com\/embed.js\"><\/script><\/p>\n","protected":false},"excerpt":{"rendered":"Une atmosph\u00e8re chaleureuse et \u00e9l\u00e9gante D\u00e8s l\u2019arriv\u00e9e, vous serez plong\u00e9s dans un univers doux et scintillant. Les jardins&hellip;\n","protected":false},"author":2,"featured_media":561073,"comment_status":"","ping_status":"","sticky":false,"template":"","format":"standard","meta":{"footnotes":""},"categories":[2818],"tags":[1111,11,1777,674,1011,27,766,12,2636,25],"class_list":{"0":"post-561072","1":"post","2":"type-post","3":"status-publish","4":"format-standard","5":"has-post-thumbnail","7":"category-nantes","8":"tag-actu","9":"tag-actualites","10":"tag-eu","11":"tag-europe","12":"tag-fr","13":"tag-france","14":"tag-nantes","15":"tag-news","16":"tag-pays-de-la-loire","17":"tag-republique-francaise"},"share_on_mastodon":{"url":"https:\/\/pubeurope.com\/@fr\/115618748750058803","error":""},"_links":{"self":[{"href":"https:\/\/www.europesays.com\/fr\/wp-json\/wp\/v2\/posts\/561072","targetHints":{"allow":["GET"]}}],"collection":[{"href":"https:\/\/www.europesays.com\/fr\/wp-json\/wp\/v2\/posts"}],"about":[{"href":"https:\/\/www.europesays.com\/fr\/wp-json\/wp\/v2\/types\/post"}],"author":[{"embeddable":true,"href":"https:\/\/www.europesays.com\/fr\/wp-json\/wp\/v2\/users\/2"}],"replies":[{"embeddable":true,"href":"https:\/\/www.europesays.com\/fr\/wp-json\/wp\/v2\/comments?post=561072"}],"version-history":[{"count":0,"href":"https:\/\/www.europesays.com\/fr\/wp-json\/wp\/v2\/posts\/561072\/revisions"}],"wp:featuredmedia":[{"embeddable":true,"href":"https:\/\/www.europesays.com\/fr\/wp-json\/wp\/v2\/media\/561073"}],"wp:attachment":[{"href":"https:\/\/www.europesays.com\/fr\/wp-json\/wp\/v2\/media?parent=561072"}],"wp:term":[{"taxonomy":"category","embeddable":true,"href":"https:\/\/www.europesays.com\/fr\/wp-json\/wp\/v2\/categories?post=561072"},{"taxonomy":"post_tag","embeddable":true,"href":"https:\/\/www.europesays.com\/fr\/wp-json\/wp\/v2\/tags?post=561072"}],"curies":[{"name":"wp","href":"https:\/\/api.w.org\/{rel}","templated":true}]}}