{"id":561074,"date":"2025-11-27T00:07:14","date_gmt":"2025-11-27T00:07:14","guid":{"rendered":"https:\/\/www.europesays.com\/fr\/561074\/"},"modified":"2025-11-27T00:07:14","modified_gmt":"2025-11-27T00:07:14","slug":"le-maire-sortant-veut-armer-la-police-municipale-une-partie-de-la-gauche-denonce-une-course-aux-voix-de-lextreme-droite","status":"publish","type":"post","link":"https:\/\/www.europesays.com\/fr\/561074\/","title":{"rendered":"le maire sortant veut armer la police municipale, une partie de la gauche d\u00e9nonce \u00ab\u00a0une course aux voix de l\u2019extr\u00eame droite\u00a0\u00bb"},"content":{"rendered":"<p>L\u2019\u00e9lu assure vouloir \u00ab\u00a0prot\u00e9ger nos agents autant que nos concitoyens. La police municipale intervient en premier dans 90\u00a0% des cas. Nos policiers se retrouvent r\u00e9guli\u00e8rement en situation de danger, notamment la nuit\u00a0\u00bb. En cas de victoire aux \u00e9lections municipales, Michel Poignonec promet d\u2019enclencher rapidement le processus. \u00ab\u00a0Il faut l\u2019autorisation du pr\u00e9fet, former les agents, acqu\u00e9rir l\u2019\u00e9quipement et mettre en place une formation continue.\u00a0\u00bb Depuis 2023, la police municipale a \u00e9tendu son service jusqu\u2019\u00e0 3\u00a0heures du matin. La Ville l\u2019a aussi dot\u00e9e d\u2019un r\u00e9seau de vid\u00e9osurveillance. Le maire-candidat voit l\u2019armement comme la suite logique.<\/p>\n<p>102\u00a0000\u00a0euros d\u2019\u00e9quipement<\/p>\n<p>Il chiffre l\u2019op\u00e9ration \u00e0 102\u00a0000\u00a0euros la premi\u00e8re ann\u00e9e, \u00e9quipements et formations compris. Il en co\u00fbtera ensuite 350\u00a0euros par an et par agent \u00e0 la commune. Un effort n\u00e9cessaire, pour Michel Poignonec. Il entend porter l\u2019effectif de 21 \u00e0 35\u00a0agents, afin d\u2019assurer une pr\u00e9sence permanente sur la voie publique. \u00ab\u00a0L\u2019armement est la premi\u00e8re question que nous posent les candidats au poste de policier. Avant m\u00eame la r\u00e9mun\u00e9ration. Et c\u2019est une demande forte de nos agents d\u00e9j\u00e0 sur le terrain.\u00a0\u00bb<\/p>\n<p>Longtemps oppos\u00e9 \u00e0 l\u2019armement l\u00e9tal, Michel Poignonec assure avoir \u00ab\u00a0chemin\u00e9\u00a0\u00bb. \u00ab\u00a0Jusqu\u2019au milieu des ann\u00e9es 2010, notre police municipale avait encore un profil hybride, h\u00e9rit\u00e9 de la tradition du garde champ\u00eatre. Aujourd\u2019hui, nos agents sont des anciens de la police nationale, de la gendarmerie ou de l\u2019administration p\u00e9nitentiaire. Beaucoup sont r\u00e9servistes sur leur temps libre et portent une arme dans le cadre de ces fonctions.\u00a0\u00bb<\/p>\n<p>M\u00e9diation ou pr\u00e9vention ?<\/p>\n<p>\u00ab\u00a0Une course aux voix de l\u2019extr\u00eame droite\u00a0\u00bb, balaie Guillaume Latrille. Le <a href=\"https:\/\/www.sudouest.fr\/elections\/municipales\/gironde\/municipales-a-villenave-d-ornon-la-candidature-de-guillaume-latrille-acte-la-desunion-de-la-gauche-26442755.php\" target=\"_blank\" rel=\"noopener\">candidat de La France insoumise<\/a> fait le lien entre cette annonce et les <a href=\"https:\/\/www.sudouest.fr\/elections\/municipales\/gironde\/municipales-2026-a-bordeaux-le-plan-de-bataille-du-rn-dans-la-metropole-26678569.php\" target=\"_blank\" rel=\"noopener\">intentions \u00e9lectorales du Rassemblement national<\/a> \u00e0 Villenave. En 2021, au conseil municipal, il s\u2019opposait d\u00e9j\u00e0 \u00e0 l\u2019arriv\u00e9e des pistolets \u00e0 impulsion \u00e9lectrique. \u00ab\u00a0J\u2019ai \u00e9t\u00e9 le seul \u00e0 dire non \u00e0 cette course \u00e0 l\u2019armement. On m\u2019avait r\u00e9torqu\u00e9 que Villenave n\u2019\u00e9tait pas Chicago. Qu\u2019on en resterait l\u00e0. Force est de constater que j\u2019avais raison.\u00a0\u00bb<\/p>\n<blockquote><p>\u00ab\u00a0L\u2019armement est la premi\u00e8re question que nous posent les candidats au poste de policier\u00a0\u00bb<\/p><\/blockquote>\n<p>Guillaume Latrille oppose aux pistolets la n\u00e9cessit\u00e9 \u00ab\u00a0d\u2019enrayer la spirale de l\u2019\u00e9chec dans laquelle tombent certains jeunes\u00a0\u00bb. \u00ab\u00a0Derri\u00e8re, il y a la m\u00e9diation de proximit\u00e9, la pr\u00e9vention de la d\u00e9linquance d\u00e8s ses pr\u00e9mices. Un travail en profondeur qui lie tissu familial, scolaire et associatif. C\u2019est, par exemple, celui des \u00e9ducateurs de rue. Actuellement, le D\u00e9partement et la Ville ne leur donnent pas les moyens d\u2019intervenir dans tous les quartiers.\u00a0\u00bb<\/p>\n<p>\u00ab\u00a0D\u00e9tricotages incessants\u00a0\u00bb<\/p>\n<p>L\u2019autre liste de gauche appelle, elle aussi, \u00e0 ne pas oublier la pr\u00e9vention. \u00ab\u00a0La commune est l\u2019acteur le plus proche du terrain, rappelle St\u00e9phanie Anfray. Elle a un r\u00f4le \u00e0 assumer pour enrayer les violences de toutes sortes, y compris au sein du foyer.\u00a0\u00bb La socialiste d\u00e9plore que le Conseil local de s\u00e9curit\u00e9 et de pr\u00e9vention de la d\u00e9linquance n\u2019ait \u00e9t\u00e9 r\u00e9uni qu\u2019\u00e0 deux reprises depuis 2020.<\/p>\n<p>Sa <a href=\"https:\/\/www.sudouest.fr\/elections\/municipales\/municipales-2026-a-villenave-d-ornon-stephanie-anfray-repart-sous-le-signe-du-bien-vivre-et-de-la-co-construction-26826646.php\" target=\"_blank\" rel=\"noopener\">liste d\u2019union de plusieurs partis de gauche<\/a> ne se prononce pas, en revanche, sur l\u2019armement l\u00e9tal. \u00ab\u00a0Nous sommes dans une d\u00e9marche de coconstruction du programme avec les citoyens et des experts. Tous les sujets, y compris celui-ci, seront tranch\u00e9s au cours d\u2019ateliers th\u00e9matiques\u00a0\u00bb. \u00c0 rebours \u00ab\u00a0des d\u00e9tricotages incessants de l\u2019actuelle majorit\u00e9\u00a0\u00bb en mati\u00e8re de s\u00e9curit\u00e9. \u00ab\u00a0On <a href=\"https:\/\/www.sudouest.fr\/gironde\/villenave-d-ornon\/villenave-d-ornon-la-ville-rallume-son-eclairage-toute-la-nuit-26099259.php\" target=\"_blank\" rel=\"noopener\">rallume l\u2019\u00e9clairage apr\u00e8s l\u2019avoir \u00e9teint<\/a>. On relance des patrouilles de nuit quand celles-ci existaient d\u00e9j\u00e0 par le pass\u00e9\u00a0\u00bb, avance-t-elle.<\/p>\n","protected":false},"excerpt":{"rendered":"L\u2019\u00e9lu assure vouloir \u00ab\u00a0prot\u00e9ger nos agents autant que nos concitoyens. La police municipale intervient en premier dans 90\u00a0%&hellip;\n","protected":false},"author":2,"featured_media":561075,"comment_status":"","ping_status":"","sticky":false,"template":"","format":"standard","meta":{"footnotes":""},"categories":[2817],"tags":[1111,11,1997,1777,674,1011,27,12,2219,25],"class_list":{"0":"post-561074","1":"post","2":"type-post","3":"status-publish","4":"format-standard","5":"has-post-thumbnail","7":"category-bordeaux","8":"tag-actu","9":"tag-actualites","10":"tag-bordeaux","11":"tag-eu","12":"tag-europe","13":"tag-fr","14":"tag-france","15":"tag-news","16":"tag-nouvelle-aquitaine","17":"tag-republique-francaise"},"share_on_mastodon":{"url":"https:\/\/pubeurope.com\/@fr\/115618751725065976","error":""},"_links":{"self":[{"href":"https:\/\/www.europesays.com\/fr\/wp-json\/wp\/v2\/posts\/561074","targetHints":{"allow":["GET"]}}],"collection":[{"href":"https:\/\/www.europesays.com\/fr\/wp-json\/wp\/v2\/posts"}],"about":[{"href":"https:\/\/www.europesays.com\/fr\/wp-json\/wp\/v2\/types\/post"}],"author":[{"embeddable":true,"href":"https:\/\/www.europesays.com\/fr\/wp-json\/wp\/v2\/users\/2"}],"replies":[{"embeddable":true,"href":"https:\/\/www.europesays.com\/fr\/wp-json\/wp\/v2\/comments?post=561074"}],"version-history":[{"count":0,"href":"https:\/\/www.europesays.com\/fr\/wp-json\/wp\/v2\/posts\/561074\/revisions"}],"wp:featuredmedia":[{"embeddable":true,"href":"https:\/\/www.europesays.com\/fr\/wp-json\/wp\/v2\/media\/561075"}],"wp:attachment":[{"href":"https:\/\/www.europesays.com\/fr\/wp-json\/wp\/v2\/media?parent=561074"}],"wp:term":[{"taxonomy":"category","embeddable":true,"href":"https:\/\/www.europesays.com\/fr\/wp-json\/wp\/v2\/categories?post=561074"},{"taxonomy":"post_tag","embeddable":true,"href":"https:\/\/www.europesays.com\/fr\/wp-json\/wp\/v2\/tags?post=561074"}],"curies":[{"name":"wp","href":"https:\/\/api.w.org\/{rel}","templated":true}]}}