{"id":561076,"date":"2025-11-27T00:08:22","date_gmt":"2025-11-27T00:08:22","guid":{"rendered":"https:\/\/www.europesays.com\/fr\/561076\/"},"modified":"2025-11-27T00:08:22","modified_gmt":"2025-11-27T00:08:22","slug":"donald-trump-decortique-par-des-experts-durant-trois-jours-a-bordeaux","status":"publish","type":"post","link":"https:\/\/www.europesays.com\/fr\/561076\/","title":{"rendered":"Donald Trump d\u00e9cortiqu\u00e9 par des experts durant trois jours \u00e0 Bordeaux"},"content":{"rendered":"<p>        <img decoding=\"async\" id=\"26870520\" src=\"https:\/\/www.europesays.com\/fr\/wp-content\/uploads\/2025\/11\/20251126205038-davt7554.jpg\" alt=\"Le premier d\u00e9bat des Tribunes de la presse s\u2019est d\u00e9roul\u00e9 en d\u00e9but de soir\u00e9e ce 26\u00a0novembre sur le th\u00e8me \u00ab\u00a0Pourquoi Trump\u00a0?\u00a0\u00bb en pr\u00e9sence de trois experts dont une ambassadrice de la France \u00e0 l\u2019Otan.\" itemprop=\"contentURL\"\/><\/p>\n<p>    Le premier d\u00e9bat des Tribunes de la presse s\u2019est d\u00e9roul\u00e9 en d\u00e9but de soir\u00e9e ce 26\u00a0novembre sur le th\u00e8me \u00ab\u00a0Pourquoi Trump\u00a0?\u00a0\u00bb en pr\u00e9sence de trois experts dont une ambassadrice de la France \u00e0 l\u2019Otan.<\/p>\n<p>Thierry DAVID\u00a0\/\u00a0SO<\/p>\n<p>\u00ab\u00a0Trump est amoureux de lui-m\u00eame. \u00c0\u00a0ce point, c\u2019est assez rare, c\u2019est un homme politique d\u2019un genre tout \u00e0 fait nouveau. D\u00e8s janvier dernier, il s\u2019est impos\u00e9 comme la prochaine th\u00e9matique des Tribunes de la presse\u00a0\u00bb, indique <a href=\"https:\/\/www.sudouest.fr\/gironde\/bordeaux\/tribunes-de-la-presse-a-bordeaux-pour-le-president-bernard-guetta-trump-donne-le-vertige-par-son-ignorance-profonde-26848821.php\" target=\"_blank\" rel=\"follow noopener\">le journaliste Bernard Guetta \u00e0 \u00ab\u00a0Sud\u00a0Ouest\u00a0\u00bb<\/a>. L\u2019\u00e9v\u00e9nement\u00a0(1), qu\u2019il pr\u00e9side depuis une dizaine d\u2019ann\u00e9es, a d\u00e9but\u00e9 ce mercredi 26\u00a0novembre \u00e0 Bordeaux. Il vise \u00e0 d\u00e9crypter l\u2019actualit\u00e9 avec des experts. Une actualit\u00e9 que Trump s\u2019\u00e9chine \u00e0 monopoliser chaque jour par tous les moyens depuis sa r\u00e9\u00e9lection.<\/p>\n<p>Posture narcissique<\/p>\n<p>Lors du lancement de ces Tribunes en d\u00e9but de soir\u00e9e, le premier d\u00e9bat intitul\u00e9 \u00ab\u00a0Pourquoi Trump\u00a0\u00bb a r\u00e9uni, dans un grand amphith\u00e9\u00e2tre bien rempli, Maya Kandel, historienne sp\u00e9cialiste des \u00c9tats-Unis, Muriel Domenach, ancienne ambassadrice de la France aupr\u00e8s de l\u2019Otan, et Thomas Sn\u00e9garoff, historien et journaliste. Tous trois se sont accord\u00e9s sur un point\u00a0: la strat\u00e9gie de Trump est floue, \u00e9volutive.<\/p>\n<p>        <img decoding=\"async\" id=\"26870523\" src=\"https:\/\/www.europesays.com\/fr\/wp-content\/uploads\/2025\/11\/20251126205037-davt7727.jpg\" alt=\"L\u2019amphith\u00e9\u00e2tre du TNBA \u00e9tait bien rempli ce 26\u00a0novembre\u00a0; le public est compos\u00e9 de diff\u00e9rentes g\u00e9n\u00e9rations.\" itemprop=\"contentURL\"\/><\/p>\n<p>    L\u2019amphith\u00e9\u00e2tre du TNBA \u00e9tait bien rempli ce 26\u00a0novembre\u00a0; le public est compos\u00e9 de diff\u00e9rentes g\u00e9n\u00e9rations.<\/p>\n<p>Thierry DAVID\u00a0\/\u00a0SO<\/p>\n<p>\u00ab\u00a0Trump aimerait s\u2019entendre avec les autres grands de ce monde pour qu\u2019ils se partagent des zones d\u2019influence\u00a0\u00bb, soutient l\u2019historienne. \u00ab\u00a0Il a une posture narcissique, il est pr\u00eat \u00e0 faire des deals mais sans passer pour le dindon de la farce\u00a0\u00bb, consid\u00e8re la diplomate. \u00ab\u00a0Retrouver la grandeur de l\u2019Am\u00e9rique\u00a0: mais c\u2019\u00e9tait quand\u00a0? J\u2019ai demand\u00e9 \u00e0 ses \u00e9lecteurs, leurs avis divergent. Trump a su capter la nostalgie\u00a0\u00bb, en d\u00e9duit le journaliste.<\/p>\n<p>Sous tous les angles<\/p>\n<p>Les prochains d\u00e9bats consacr\u00e9s exclusivement \u00e0 l\u2019impr\u00e9visible Trump se d\u00e9rouleront dans trois lieux. \u00c0\u00a0la Station Ausone de la librairie Mollat, trois \u00e9crivains, ukrainien, fran\u00e7ais et am\u00e9ricain, dialogueront sur le trumpisme ce 27\u00a0novembre. Et le lendemain, le site accueillera le traducteur de \u00ab\u00a0Mein Kampf\u00a0\u00bb pour expliquer le langage de Donald Trump\u2026 et de Vladimir Poutine.<\/p>\n<p>Au Th\u00e9\u00e2tre national Bordeaux Aquitaine (TNBA), il est question de la diplomatie furieuse et tonitruante de Trump. Ce dernier se consid\u00e9rant sauv\u00e9 par Dieu, le th\u00e8me du radicalisme chr\u00e9tien figure au programme, de m\u00eame que son ignorance sur le d\u00e9r\u00e8glement climatique. Et samedi 29\u00a0novembre, le TNBA s\u2019interrogera sur la possibilit\u00e9 ou pas d\u2019un \u00ab\u00a0trumpisme \u00e0 la fran\u00e7aise\u00a0\u00bb.<\/p>\n<p>De son c\u00f4t\u00e9, l\u2019Institut du journalisme Bordeaux-Aquitaine (Ijba) propose, notamment, des rencontres sur l\u2019ex-meilleur ami de Trump, Elon Musk, et sur le trumpisme en tant que poison\u2026 qui se r\u00e9pand dans le monde. Oui, cela peut faire peur.<\/p>\n","protected":false},"excerpt":{"rendered":"Le premier d\u00e9bat des Tribunes de la presse s\u2019est d\u00e9roul\u00e9 en d\u00e9but de soir\u00e9e ce 26\u00a0novembre sur le&hellip;\n","protected":false},"author":2,"featured_media":561077,"comment_status":"","ping_status":"","sticky":false,"template":"","format":"standard","meta":{"footnotes":""},"categories":[2817],"tags":[1111,11,1997,1777,674,1011,27,12,2219,25],"class_list":{"0":"post-561076","1":"post","2":"type-post","3":"status-publish","4":"format-standard","5":"has-post-thumbnail","7":"category-bordeaux","8":"tag-actu","9":"tag-actualites","10":"tag-bordeaux","11":"tag-eu","12":"tag-europe","13":"tag-fr","14":"tag-france","15":"tag-news","16":"tag-nouvelle-aquitaine","17":"tag-republique-francaise"},"share_on_mastodon":{"url":"https:\/\/pubeurope.com\/@fr\/115618757105850246","error":""},"_links":{"self":[{"href":"https:\/\/www.europesays.com\/fr\/wp-json\/wp\/v2\/posts\/561076","targetHints":{"allow":["GET"]}}],"collection":[{"href":"https:\/\/www.europesays.com\/fr\/wp-json\/wp\/v2\/posts"}],"about":[{"href":"https:\/\/www.europesays.com\/fr\/wp-json\/wp\/v2\/types\/post"}],"author":[{"embeddable":true,"href":"https:\/\/www.europesays.com\/fr\/wp-json\/wp\/v2\/users\/2"}],"replies":[{"embeddable":true,"href":"https:\/\/www.europesays.com\/fr\/wp-json\/wp\/v2\/comments?post=561076"}],"version-history":[{"count":0,"href":"https:\/\/www.europesays.com\/fr\/wp-json\/wp\/v2\/posts\/561076\/revisions"}],"wp:featuredmedia":[{"embeddable":true,"href":"https:\/\/www.europesays.com\/fr\/wp-json\/wp\/v2\/media\/561077"}],"wp:attachment":[{"href":"https:\/\/www.europesays.com\/fr\/wp-json\/wp\/v2\/media?parent=561076"}],"wp:term":[{"taxonomy":"category","embeddable":true,"href":"https:\/\/www.europesays.com\/fr\/wp-json\/wp\/v2\/categories?post=561076"},{"taxonomy":"post_tag","embeddable":true,"href":"https:\/\/www.europesays.com\/fr\/wp-json\/wp\/v2\/tags?post=561076"}],"curies":[{"name":"wp","href":"https:\/\/api.w.org\/{rel}","templated":true}]}}