{"id":561080,"date":"2025-11-27T00:10:15","date_gmt":"2025-11-27T00:10:15","guid":{"rendered":"https:\/\/www.europesays.com\/fr\/561080\/"},"modified":"2025-11-27T00:10:15","modified_gmt":"2025-11-27T00:10:15","slug":"toulouse-la-sanction-est-tombee-pour-donnum-apres-son-geste-polemique-le-caractere-raciste-nest-pas-retenu","status":"publish","type":"post","link":"https:\/\/www.europesays.com\/fr\/561080\/","title":{"rendered":"Toulouse: la sanction est tomb\u00e9e pour D\u00f6nnum apr\u00e8s son geste pol\u00e9mique, le caract\u00e8re raciste n&rsquo;est pas retenu"},"content":{"rendered":"<p class=\"mb-4 text-lg md:leading-8 break-words\"><a href=\"https:\/\/fr.news.yahoo.com\/sport\/d%C3%B6nnum-accus%C3%A9-racisme-comit%C3%A9-d%C3%A9thique-091746846.html\" data-ylk=\"slk:Aron D\u00f6nnum;elm:context_link;itc:0;sec:content-canvas;outcm:mb_qualified_link;_E:mb_qualified_link;ct:story;\" class=\"link  yahoo-link\" target=\"_blank\" rel=\"noopener\">Aron D\u00f6nnum<\/a> est d\u00e9sormais fix\u00e9. Ce mercredi, un peu plus de trois semaines apr\u00e8s <a href=\"https:\/\/fr.news.yahoo.com\/sport\/cest-juste-dire-%C3%A0-joueur-200100886.html\" data-ylk=\"slk:son geste pol\u00e9mique envers le milieu camerounais Simon Ebonog;elm:context_link;itc:0;sec:content-canvas;outcm:mb_qualified_link;_E:mb_qualified_link;ct:story;\" class=\"link  yahoo-link\" target=\"_blank\" rel=\"noopener\">son geste pol\u00e9mique envers le milieu camerounais Simon Ebonog<\/a> lors de Toulouse-Le Havre (0-0, 11e journ\u00e9e de Ligue 1, le 2 novembre), l&rsquo;international norv\u00e9gien a \u00e9t\u00e9 sanctionn\u00e9 de deux matchs de suspension par la commission de discipline de la LFP.<\/p>\n<p class=\"mb-4 text-lg md:leading-8 break-words\">La sanction prend effet \u00e0 partir du 2 d\u00e9cembre. D\u00f6nnum pourra donc jouer lors du d\u00e9placement sur la pelouse de l&rsquo;OM, samedi (21h05), mais manquera les deux prochains matchs du TFC, face \u00e0 Strasbourg (6 d\u00e9cembre) et le Paris FC (13 d\u00e9cembre).<\/p>\n<p>La notion de \u00ab\u00a0comportement blessant\u00a0\u00bb a \u00e9t\u00e9 retenue<\/p>\n<p class=\"mb-4 text-lg md:leading-8 break-words\">L&rsquo;instance a retenu la notion de \u00ab\u00a0comportement blessant\u00a0\u00bb et non le caract\u00e8re raciste du geste de D\u00f6nnum. Apr\u00e8s un duel avec Ebonog, le Toulousain avait agit\u00e9 sa main devant son nez en fixant son adversaire. Un geste qui avait provoqu\u00e9 la fureur de l&rsquo;entra\u00eeneur havrais Didier Digard, interrogeant: \u00ab\u00a0Si on dit que c&rsquo;est pas pour du racisme, c&rsquo;est quoi?\u00a0\u00bb, alors que D\u00f6nnum avait fermement d\u00e9menti ces accusations.<\/p>\n<p class=\"mb-4 text-lg md:leading-8 break-words\">\u00ab\u00a0C&rsquo;est fou de dire que je suis raciste\u00a0\u00bb, avait r\u00e9pondu D\u00f6nnum. \u00ab\u00a0Il s&rsquo;approche de moi, je peux sentir son haleine et elle sent mauvais, cela n&rsquo;a rien \u00e0 voir avec du racisme.\u00a0\u00bb Son club avait d\u00e9nonc\u00e9 des \u00ab\u00a0accusations infond\u00e9es et particuli\u00e8rement graves\u00a0\u00bb.<\/p>\n<p class=\"mb-4 text-lg md:leading-8 break-words\">La justice civile s&rsquo;est aussi pench\u00e9e sur l&rsquo;affaire. <a href=\"https:\/\/fr.news.yahoo.com\/sport\/enqu%C3%AAte-judiciaire-attendant-sanction-sportive-114328654.html\" data-ylk=\"slk:Le parquet de Toulouse a ouvert le 20 novembre une enqu\u00eate pr\u00e9liminaire;elm:context_link;itc:0;sec:content-canvas;outcm:mb_qualified_link;_E:mb_qualified_link;ct:story;\" class=\"link  yahoo-link\" target=\"_blank\" rel=\"noopener\">Le parquet de Toulouse a ouvert le 20 novembre une enqu\u00eate pr\u00e9liminaire<\/a> pour injure publique en raison de la race concernant le joueur norv\u00e9gien.<\/p>\n<p class=\"mb-4 text-lg md:leading-8 break-words\"><a href=\"https:\/\/rmcsport.bfmtv.com\/football\/ligue-1\/toulouse-la-sanction-est-tombee-pour-donnum-apres-son-geste-polemique-le-caractere-raciste-n-est-pas-retenu_AV-202511261089.html#xtor=AL-68\" rel=\"nofollow noopener\" target=\"_blank\" data-ylk=\"slk:Article original publi\u00e9 sur RMC Sport;elm:context_link;itc:0;sec:content-canvas\" class=\"link \">Article original publi\u00e9 sur RMC Sport<\/a><\/p>\n","protected":false},"excerpt":{"rendered":"Aron D\u00f6nnum est d\u00e9sormais fix\u00e9. Ce mercredi, un peu plus de trois semaines apr\u00e8s son geste pol\u00e9mique envers&hellip;\n","protected":false},"author":2,"featured_media":561081,"comment_status":"","ping_status":"","sticky":false,"template":"","format":"standard","meta":{"footnotes":""},"categories":[2816],"tags":[1111,11,2331,8954,1777,674,1011,27,24671,12,2680,25,67776,2312,67775],"class_list":{"0":"post-561080","1":"post","2":"type-post","3":"status-publish","4":"format-standard","5":"has-post-thumbnail","7":"category-toulouse","8":"tag-actu","9":"tag-actualites","10":"tag-commission-de-discipline","11":"tag-didier-digard","12":"tag-eu","13":"tag-europe","14":"tag-fr","15":"tag-france","16":"tag-geste","17":"tag-news","18":"tag-occitanie","19":"tag-republique-francaise","20":"tag-simon-ebonog","21":"tag-toulouse","22":"tag-toulouse-le-havre"},"share_on_mastodon":{"url":"https:\/\/pubeurope.com\/@fr\/115618763648264689","error":""},"_links":{"self":[{"href":"https:\/\/www.europesays.com\/fr\/wp-json\/wp\/v2\/posts\/561080","targetHints":{"allow":["GET"]}}],"collection":[{"href":"https:\/\/www.europesays.com\/fr\/wp-json\/wp\/v2\/posts"}],"about":[{"href":"https:\/\/www.europesays.com\/fr\/wp-json\/wp\/v2\/types\/post"}],"author":[{"embeddable":true,"href":"https:\/\/www.europesays.com\/fr\/wp-json\/wp\/v2\/users\/2"}],"replies":[{"embeddable":true,"href":"https:\/\/www.europesays.com\/fr\/wp-json\/wp\/v2\/comments?post=561080"}],"version-history":[{"count":0,"href":"https:\/\/www.europesays.com\/fr\/wp-json\/wp\/v2\/posts\/561080\/revisions"}],"wp:featuredmedia":[{"embeddable":true,"href":"https:\/\/www.europesays.com\/fr\/wp-json\/wp\/v2\/media\/561081"}],"wp:attachment":[{"href":"https:\/\/www.europesays.com\/fr\/wp-json\/wp\/v2\/media?parent=561080"}],"wp:term":[{"taxonomy":"category","embeddable":true,"href":"https:\/\/www.europesays.com\/fr\/wp-json\/wp\/v2\/categories?post=561080"},{"taxonomy":"post_tag","embeddable":true,"href":"https:\/\/www.europesays.com\/fr\/wp-json\/wp\/v2\/tags?post=561080"}],"curies":[{"name":"wp","href":"https:\/\/api.w.org\/{rel}","templated":true}]}}