{"id":561082,"date":"2025-11-27T00:11:17","date_gmt":"2025-11-27T00:11:17","guid":{"rendered":"https:\/\/www.europesays.com\/fr\/561082\/"},"modified":"2025-11-27T00:11:17","modified_gmt":"2025-11-27T00:11:17","slug":"4-idees-cinema-originales-pour-terminer-lannee-en-beaute","status":"publish","type":"post","link":"https:\/\/www.europesays.com\/fr\/561082\/","title":{"rendered":"4 id\u00e9es cin\u00e9ma originales pour terminer l&rsquo;ann\u00e9e en beaut\u00e9"},"content":{"rendered":"<p class=\"intro\">Le mois de d\u00e9cembre s&rsquo;annonce magique pour les amateurs de cin\u00e9ma \u00e0 Lille\u00a0! Entre cin\u00e9-concerts enchanteurs et projections participatives, la m\u00e9tropole lilloise d\u00e9ploie un programme vari\u00e9 qui saura combler tous les cin\u00e9philes. Que vous soyez fan de musiques de films cultes ou amateur d&rsquo;exp\u00e9riences immersives, ces quatre rendez-vous transformeront vos soir\u00e9es d&rsquo;hiver en moments inoubliables. Pr\u00e9parez-vous \u00e0 vivre le septi\u00e8me art autrement\u00a0!<\/p>\n<p><a data-lightbox=\"article\" data-title=\"D\u00e9cembre \u00e0 Lille : 4 id\u00e9es cin\u00e9ma originales pour terminer l&#039;ann\u00e9e en beaut\u00e9 DR\" class=\"image detail fullwidth  position-relative d-block\" href=\"https:\/\/www.jds.fr\/medias\/image\/decembre-a-lille-4-idees-cinema-inoubliables-pour-779205-920-0-F.webp\" title=\"D\u00e9cembre \u00e0 Lille : 4 id\u00e9es cin\u00e9ma originales pour terminer l&#039;ann\u00e9e en beaut\u00e9 DR\" target=\"_blank\" rel=\"noopener\"><br \/>\n<img decoding=\"async\" loading=\"lazy\" src=\"https:\/\/www.europesays.com\/fr\/wp-content\/uploads\/2025\/11\/decembre-a-lille-4-idees-cinema-inoubliables-pour-779205-1200-0.webp.webp\"   width=\"685\" alt=\"D\u00e9cembre \u00e0 Lille : 4 id\u00e9es cin\u00e9ma originales pour terminer l'ann\u00e9e en beaut\u00e9\" class=\"border\"\/><br \/>\nDR<br \/>\nD\u00e9cembre \u00e0 Lille\u00a0: 4 id\u00e9es cin\u00e9ma originales pour terminer l&rsquo;ann\u00e9e en beaut\u00e9<br \/>\n<\/a><\/p>\n<p>1\/\u00a0\u00ab\u00a0the Magical Music Of Harry Potter\u00a0\u00bb En Tourn\u00e9e\u00a0: la magie musicale op\u00e8re<\/p>\n<p>\ud83c\udfbc Laissez-vous transporter dans l&rsquo;univers envo\u00fbtant de Poudlard avec <a href=\"https:\/\/www.jds.fr\/lille\/spectacles\/cinema\/the-magical-music-of-harry-potter-en-tournee-283550_A\" target=\"_blank\" rel=\"noopener\">\u00ab\u00a0the Magical Music Of Harry Potter\u00a0\u00bb en tourn\u00e9e \u00e0 Lille<\/a>. Ce concert exceptionnel r\u00e9unit solistes, chorale et orchestre symphonique pour donner vie aux compositions l\u00e9gendaires de John Williams, Patrick Doyle, Nicolas Hooper et Alexander Desplat.\u00a0\u2728 Une exp\u00e9rience sensorielle totale qui ravivera tous vos souvenirs des huit films de la saga.<\/p>\n<p>\ud83d\udca1 <strong>Notre conseil\u00a0:<\/strong> Arrivez en avance pour vous impr\u00e9gner de l&rsquo;atmosph\u00e8re du Th\u00e9\u00e2tre S\u00e9bastopol et profitez pleinement de cette soir\u00e9e musicale qui promet d&rsquo;\u00eatre aussi \u00e9motionnelle que spectaculaire.<\/p>\n<p>\ud83d\udccd Th\u00e9\u00e2tre S\u00e9bastopol | Lille<br \/>\ud83d\udcc5 Le 23\/12\/2025<\/p>\n<p class=\"mise_en_avant\">\ud83d\udc49 <a href=\"https:\/\/www.jds.fr\/lille\/spectacles\/cinema\/the-magical-music-of-harry-potter-en-tournee-283550_A\" target=\"_blank\" rel=\"noopener\">\u00ab\u00a0the Magical Music Of Harry Potter\u00a0\u00bb En Tourn\u00e9e<\/a><\/p>\n<p><a class=\"btn btn-lg shadow-lg btn-primary rounded-pill fnac_link\" data-fnac=\"in_article\" href=\"https:\/\/www.awin1.com\/pclick.php?p=38877395915&amp;a=634278&amp;m=12494&amp;clickref=in_article-A-desktop\" target=\"_blank\" rel=\"nofollow noopener\"> Acheter des billets<\/a><\/p>\n<p>\u00a0<\/p>\n<p>2\/ L&rsquo;Ecran Pop Cin\u00e9ma Karaok\u00e9\u00a0: Grease\u00a0: chantez \u00e0 pleins poumons<\/p>\n<p>\ud83c\udfa4 Place \u00e0 la f\u00eate avec <a href=\"https:\/\/www.jds.fr\/lille\/spectacles\/cinema\/l-ecran-pop-cinema-karaoke-grease-1125956_A\" target=\"_blank\" rel=\"noopener\">L&rsquo;Ecran Pop Cin\u00e9ma Karaok\u00e9 Grease \u00e0 Lille<\/a>\u00a0! Cette exp\u00e9rience unique transforme la projection du film culte en karaok\u00e9 g\u00e9ant o\u00f9 les paroles d\u00e9filent \u00e0 l&rsquo;\u00e9cran. Animations, concours de costumes ann\u00e9es 50 et ambiance survolt\u00e9e garantie dans ce concept r\u00e9volutionnaire qui r\u00e9unit les fans de com\u00e9dies musicales. \ud83d\udd7a Sortez vos plus belles tenues r\u00e9tro et pr\u00e9parez-vous \u00e0 vivre Rydell High School comme si vous y \u00e9tiez\u00a0!<\/p>\n<p>\ud83d\udca1 <strong>\u00c0 savoir\u00a0:<\/strong> Venez d\u00e9guis\u00e9s pour participer au concours de costume et tentez de remporter des cadeaux tout en devenant la star de la soir\u00e9e.<\/p>\n<p>\ud83d\udccd UGC Cin\u00e9 Cit\u00e9 Lille | Lille<br \/>\ud83d\udcc5 Le 01\/12\/2025<\/p>\n<p class=\"mise_en_avant\">\ud83d\udc49 <a href=\"https:\/\/www.jds.fr\/lille\/spectacles\/cinema\/l-ecran-pop-cinema-karaoke-grease-1125956_A\" target=\"_blank\" rel=\"noopener\">L&rsquo;Ecran Pop Cin\u00e9ma Karaok\u00e9\u00a0: Grease<\/a><\/p>\n<p><a class=\"btn btn-lg shadow-lg btn-primary rounded-pill fnac_link\" data-fnac=\"in_article\" href=\"https:\/\/www.awin1.com\/pclick.php?p=42087425846&amp;a=634278&amp;m=12494&amp;clickref=in_article-A-desktop\" target=\"_blank\" rel=\"nofollow noopener\"> Acheter des billets<\/a><\/p>\n<p>\u00a0<\/p>\n<p>3\/ E.t.\u00a0: l&rsquo;\u00e9motion en direct avec un orchestre symphonique<\/p>\n<p>\ud83d\udc7d Red\u00e9couvrez le chef-d&rsquo;\u0153uvre de Steven Spielberg dans une version in\u00e9dite avec <a href=\"https:\/\/www.jds.fr\/lille\/spectacles\/cinema\/e-t-1209036_A\" target=\"_blank\" rel=\"noopener\">E.T. en cin\u00e9-concert \u00e0 Roubaix<\/a>. La partition sublime de John Williams prend une dimension exceptionnelle gr\u00e2ce \u00e0 un orchestre symphonique qui l&rsquo;interpr\u00e8te en direct pendant la projection. Dirig\u00e9 par Ernst van Tiel, ce spectacle promet de r\u00e9veiller l&rsquo;enfant qui sommeille en chacun et de faire vibrer petits et grands devant cette histoire d&rsquo;amiti\u00e9 intergalactique. \ud83c\udfbb L&rsquo;occasion r\u00eav\u00e9e de revivre toute la magie de ce film intemporel.<\/p>\n<p>\ud83d\udca1 <strong>Conseil pratique\u00a0:<\/strong> Cette exp\u00e9rience rare m\u00e9rite que l&rsquo;on s&rsquo;y pr\u00e9pare \u00e9motionnellement &#8211; pr\u00e9voyez des mouchoirs pour ce moment de pure \u00e9motion\u00a0!<\/p>\n<p>\ud83d\udccd 31 rue de l&rsquo;Epeule Roubaix | Roubaix<br \/>\ud83d\udcc5 Du 12\/12\/2025 au 13\/12\/2025<\/p>\n<p class=\"mise_en_avant\">\ud83d\udc49 <a href=\"https:\/\/www.jds.fr\/lille\/spectacles\/cinema\/e-t-1209036_A\" target=\"_blank\" rel=\"noopener\">E.t.<\/a><\/p>\n<p>\u00a0<\/p>\n<p>4\/ Loisirs 13\/17 ans au PRJ Nord\u00a0: un programme sur-mesure pour les ados<\/p>\n<p>\ud83c\udfac Le PRJ Nord d\u00e9ploie un programme d&rsquo;activit\u00e9s sp\u00e9cialement con\u00e7u pour les 13-17 ans avec <a href=\"https:\/\/www.jds.fr\/lille\/spectacles\/cinema\/loisirs-13-17-ans-au-prj-nord-vacances-fin-2025-1256156_A\" target=\"_blank\" rel=\"noopener\">les Loisirs 13\/17 ans au PRJ Nord pour les vacances de fin 2025 \u00e0 Roubaix<\/a>. Entre visite culturelle au Louvre-Lens, soir\u00e9es patinoire et s\u00e9jour en Belgique, cette programmation diversifi\u00e9e inclut \u00e9galement des activit\u00e9s cin\u00e9ma et audiovisuelles. \ud83c\udfa5 Une belle initiative pour occuper intelligemment les vacances des jeunes avec un m\u00e9lange \u00e9quilibr\u00e9 de culture, sport et divertissement.<\/p>\n<p>\ud83d\udca1 <strong>Astuce de pro\u00a0:<\/strong> Les inscriptions sont ouvertes, n&rsquo;attendez pas pour r\u00e9server une place dans ce programme complet qui allie d\u00e9couvertes culturelles et moments de d\u00e9tente.<\/p>\n<p>\ud83d\udccd Roubaix | Roubaix<br \/>\ud83d\udcc5 Du 22\/12\/2025 au 02\/01\/2026<\/p>\n<p class=\"mise_en_avant\">\ud83d\udc49 <a href=\"https:\/\/www.jds.fr\/lille\/spectacles\/cinema\/loisirs-13-17-ans-au-prj-nord-vacances-fin-2025-1256156_A\" target=\"_blank\" rel=\"noopener\">Loisirs 13\/17 ans au PRJ Nord (vacances fin 2025)<\/a><\/p>\n<p>\u00a0<\/p>\n","protected":false},"excerpt":{"rendered":"Le mois de d\u00e9cembre s&rsquo;annonce magique pour les amateurs de cin\u00e9ma \u00e0 Lille\u00a0! Entre cin\u00e9-concerts enchanteurs et projections&hellip;\n","protected":false},"author":2,"featured_media":561083,"comment_status":"","ping_status":"","sticky":false,"template":"","format":"standard","meta":{"footnotes":""},"categories":[2815],"tags":[1111,11,1777,674,1011,27,811,1307,12,25],"class_list":{"0":"post-561082","1":"post","2":"type-post","3":"status-publish","4":"format-standard","5":"has-post-thumbnail","7":"category-lille","8":"tag-actu","9":"tag-actualites","10":"tag-eu","11":"tag-europe","12":"tag-fr","13":"tag-france","14":"tag-hauts-de-france","15":"tag-lille","16":"tag-news","17":"tag-republique-francaise"},"share_on_mastodon":{"url":"https:\/\/pubeurope.com\/@fr\/115618768211362246","error":""},"_links":{"self":[{"href":"https:\/\/www.europesays.com\/fr\/wp-json\/wp\/v2\/posts\/561082","targetHints":{"allow":["GET"]}}],"collection":[{"href":"https:\/\/www.europesays.com\/fr\/wp-json\/wp\/v2\/posts"}],"about":[{"href":"https:\/\/www.europesays.com\/fr\/wp-json\/wp\/v2\/types\/post"}],"author":[{"embeddable":true,"href":"https:\/\/www.europesays.com\/fr\/wp-json\/wp\/v2\/users\/2"}],"replies":[{"embeddable":true,"href":"https:\/\/www.europesays.com\/fr\/wp-json\/wp\/v2\/comments?post=561082"}],"version-history":[{"count":0,"href":"https:\/\/www.europesays.com\/fr\/wp-json\/wp\/v2\/posts\/561082\/revisions"}],"wp:featuredmedia":[{"embeddable":true,"href":"https:\/\/www.europesays.com\/fr\/wp-json\/wp\/v2\/media\/561083"}],"wp:attachment":[{"href":"https:\/\/www.europesays.com\/fr\/wp-json\/wp\/v2\/media?parent=561082"}],"wp:term":[{"taxonomy":"category","embeddable":true,"href":"https:\/\/www.europesays.com\/fr\/wp-json\/wp\/v2\/categories?post=561082"},{"taxonomy":"post_tag","embeddable":true,"href":"https:\/\/www.europesays.com\/fr\/wp-json\/wp\/v2\/tags?post=561082"}],"curies":[{"name":"wp","href":"https:\/\/api.w.org\/{rel}","templated":true}]}}