{"id":561084,"date":"2025-11-27T00:12:21","date_gmt":"2025-11-27T00:12:21","guid":{"rendered":"https:\/\/www.europesays.com\/fr\/561084\/"},"modified":"2025-11-27T00:12:21","modified_gmt":"2025-11-27T00:12:21","slug":"mairie-christmas-marche-de-noel-durable-et-local-evenements","status":"publish","type":"post","link":"https:\/\/www.europesays.com\/fr\/561084\/","title":{"rendered":"Mairie Christmas, march\u00e9 de No\u00ebl durable et local \/ \u00c9v\u00e9nements"},"content":{"rendered":"<p>\n                                                                        Le 29 novembre 2025<br \/>\n\t\t\t\t\t\t\t\t\t\t\tde 13h00 \u00e0 19h00\n\t\t\t\t\t                                        <\/p>\n<p class=\"subtitle\">\u00e0 <strong><br \/>\nH\u00f4tel de Ville Lille<\/strong><\/p>\n<p>Le march\u00e9 de No\u00ebl local et durable est de retour \u00e0 l&rsquo;h\u00f4tel de ville.<\/p>\n<p>            <img loading=\"lazy\" decoding=\"async\" src=\"\/var\/www\/storage\/images\/mediatheque\/mairie-de-lille\/images-openagenda\/mairie-christmas-revient-pour-une-deuxieme-edition\/3867588-1-fre-FR\/Mairie-Christmas-revient-pour-une-deuxieme-edition_news_image_top.jpg\" width=\"779\" height=\"519\" alt=\"Mairie Christmas revient pour une deuxi\u00e8me \u00e9dition !\"\/><\/p>\n<p>\nLe march\u00e9 de No\u00ebl local et durable, organis\u00e9 par la Ville de Lille, fait son retour pour une deuxi\u00e8me \u00e9dition. Vous y trouverez des alternatives pour des f\u00eates de fin d\u2019ann\u00e9e qui font du bien :<br \/>&#8211; Des cadeaux qui ont du sens<br \/>&#8211; Une alimentation gourmande durable<br \/>&#8211; Des d\u00e9cos et tenues de f\u00eates \u00e9co-responsables<br \/>&#8211; Des mobilit\u00e9s actives<\/p>\n<p>\nPlus d\u2019une trentaine d\u2019acteurs lillois ou des environs proposeront de nombreuses id\u00e9es de cadeaux fabriqu\u00e9s localement ou de seconde main (jouets, livres, v\u00eatements, bijoux, bougies, produits locaux, \u2026).<br \/>En parall\u00e8le, dans une ambiance musicale et festive, venez profiter de nombreuses animations gratuites tout au long de l\u2019apr\u00e8s-midi. Petits et grands trouveront des activit\u00e9s adapt\u00e9es \u00e0 leur \u00e2ge pour rendre les f\u00eates de fin d\u2019ann\u00e9e plus \u00e9co-responsables. L\u2019occasion de faire plaisir ou se faire plaisir durablement.<br \/>Entr\u00e9e libre et gratuite.<\/p>\n<p>\nAu programme :<br \/><strong>SPECTACLES<\/strong><br \/>o 15h : Spectacle de contes &#8211; familles et enfants \u00e0 partir de 5 ans<br \/>o 16h et 18h : Spectacle de no\u00ebl &#8211; dur\u00e9e : environ 30 min &#8211; de 3 \u00e0 8 ans<br \/>o 17h : Chorale par Les Voix Imp&rsquo;<\/p>\n<p>\n<strong>ATELIERS &amp; ANIMATIONS<\/strong><br \/>(sans r\u00e9servation \u2013 \u00e0 partir de 14h)<br \/>o Atelier ludique et cr\u00e9atif de \u00ab\u00a0fabrication de d\u00e9corations de No\u00ebl\u00a0\u00bb<br \/>o Atelier \u00ab\u00a0d\u00e9gustation de bouch\u00e9es festives responsables\u00a0\u00bb<br \/>o Atelier \u00ab\u00a0cr\u00e9ation de bee wraps\u00a0\u00bb<br \/>o Atelier \u00ab\u00a0couture z\u00e9ro d\u00e9chet \u00bb<br \/>o Atelier \u00ab\u00a0cr\u00e9ation de cosm\u00e9tiques naturels \u00bb<br \/>o Atelier Furoshiki<br \/>o Animation cadeaux et f\u00eates z\u00e9ro d\u00e9chet<br \/>o Quiz mobilit\u00e9 avec la Maison des mobilit\u00e9s durables<br \/>Et rendez-vous au stand Ville de Lille pour participer \u00e0 une chasse aux tr\u00e9sors !<\/p>\n<p>\nRetrouvez ci-dessous la liste des acteurs participants au march\u00e9 :<br \/>Cadeaux<\/p>\n<ul class=\"listPuce\">\n<li>Andreges<\/li>\n<li>Association la Grande Echelle<\/li>\n<li>Atelier \u00ab\u00a0Les Arts Verre\u00a0\u00bb<\/li>\n<li>Bicloubook<\/li>\n<li>Derri\u00e8re les nuages<\/li>\n<li>Kayte et Leslie<\/li>\n<li>L\u2019A\u00e9ronef<\/li>\n<li>La Cl\u2019em des Champs<\/li>\n<li>La Remise enjou\u00e9e<\/li>\n<li>Le Chutier<\/li>\n<li>Lib&amp;Lu<\/li>\n<li>Lille Sud Insertion<\/li>\n<li>Madame Coq<\/li>\n<li>Majuno Design<\/li>\n<li>Quand Chacha Coud<\/li>\n<li>Savonnerie Twenty Fives<\/li>\n<li>S. Guidicelli<\/li>\n<li>TAF by Cit\u00e9o<\/li>\n<li>Terre A Perles<\/li>\n<\/ul>\n<p>Alimentation<\/p>\n<ul class=\"listPuce\">\n<li>Brasserie Le Singe Savant<\/li>\n<li>Bonsigne<\/li>\n<li>Gaufres d\u2019Emotions<\/li>\n<li>Le Fourgon<\/li>\n<li>Lille aux abeilles \/ L\u00eele de beaut\u00e9<\/li>\n<li>Boulangerie Brood<\/li>\n<li>Vegetal\u2019Y<\/li>\n<\/ul>\n<p>Tenues de f\u00eate<\/p>\n<ul class=\"listPuce\">\n<li>Chez Henry (La Croix Rouge)<\/li>\n<li>Ephata<\/li>\n<li>Fou de Coudre<\/li>\n<\/ul>\n<p>Mobilit\u00e9<\/p>\n<ul class=\"listPuce\">\n<li>CITIZ<\/li>\n<li>Maison des Mobilit\u00e9s Durables<\/li>\n<\/ul>\n<p>        \t\t                                        Infos pratiques<\/p>\n<p>                    Lieu<\/p>\n<p>\nH\u00f4tel de Ville Lille<\/p>\n<p>                    Adresse<\/p>\n<p>Place Augustin Laurent\u00a0<\/p>\n<p>                                                            Voir le plan<\/p>\n<p>\n                    PublicsDe  \u00e0  ans<\/p>\n<p>                            Horaires<\/p>\n<p class=\"textAlone\">Le 29\/11\/2025 de 13:00 \u00e0 19:00<\/p>\n<p>                        Tarifs<\/p>\n<p>Gratuit<\/p>\n","protected":false},"excerpt":{"rendered":"Le 29 novembre 2025 de 13h00 \u00e0 19h00 \u00e0 H\u00f4tel de Ville Lille Le march\u00e9 de No\u00ebl local&hellip;\n","protected":false},"author":2,"featured_media":561085,"comment_status":"","ping_status":"","sticky":false,"template":"","format":"standard","meta":{"footnotes":""},"categories":[2815],"tags":[1111,11,4763,1777,674,1011,27,811,1307,5415,12,25],"class_list":{"0":"post-561084","1":"post","2":"type-post","3":"status-publish","4":"format-standard","5":"has-post-thumbnail","7":"category-lille","8":"tag-actu","9":"tag-actualites","10":"tag-agenda","11":"tag-eu","12":"tag-europe","13":"tag-fr","14":"tag-france","15":"tag-hauts-de-france","16":"tag-lille","17":"tag-mairie","18":"tag-news","19":"tag-republique-francaise"},"share_on_mastodon":{"url":"https:\/\/pubeurope.com\/@fr\/115618772118171126","error":""},"_links":{"self":[{"href":"https:\/\/www.europesays.com\/fr\/wp-json\/wp\/v2\/posts\/561084","targetHints":{"allow":["GET"]}}],"collection":[{"href":"https:\/\/www.europesays.com\/fr\/wp-json\/wp\/v2\/posts"}],"about":[{"href":"https:\/\/www.europesays.com\/fr\/wp-json\/wp\/v2\/types\/post"}],"author":[{"embeddable":true,"href":"https:\/\/www.europesays.com\/fr\/wp-json\/wp\/v2\/users\/2"}],"replies":[{"embeddable":true,"href":"https:\/\/www.europesays.com\/fr\/wp-json\/wp\/v2\/comments?post=561084"}],"version-history":[{"count":0,"href":"https:\/\/www.europesays.com\/fr\/wp-json\/wp\/v2\/posts\/561084\/revisions"}],"wp:featuredmedia":[{"embeddable":true,"href":"https:\/\/www.europesays.com\/fr\/wp-json\/wp\/v2\/media\/561085"}],"wp:attachment":[{"href":"https:\/\/www.europesays.com\/fr\/wp-json\/wp\/v2\/media?parent=561084"}],"wp:term":[{"taxonomy":"category","embeddable":true,"href":"https:\/\/www.europesays.com\/fr\/wp-json\/wp\/v2\/categories?post=561084"},{"taxonomy":"post_tag","embeddable":true,"href":"https:\/\/www.europesays.com\/fr\/wp-json\/wp\/v2\/tags?post=561084"}],"curies":[{"name":"wp","href":"https:\/\/api.w.org\/{rel}","templated":true}]}}