{"id":561086,"date":"2025-11-27T00:13:22","date_gmt":"2025-11-27T00:13:22","guid":{"rendered":"https:\/\/www.europesays.com\/fr\/561086\/"},"modified":"2025-11-27T00:13:22","modified_gmt":"2025-11-27T00:13:22","slug":"un-sommet-a-la-provence-pour-reinventer-la-gouvernance","status":"publish","type":"post","link":"https:\/\/www.europesays.com\/fr\/561086\/","title":{"rendered":"un sommet \u00e0 \u00ab\u00a0La Provence\u00a0\u00bb pour r\u00e9inventer la gouvernance"},"content":{"rendered":"<p>Loin des agitations et du d\u00e9sordre mondial, prenons le temps de penser au futur. Un avenir que nous voulons plus durable, plus juste, plus collaboratif, plus audacieux. Un avenir dont <a href=\"https:\/\/www.laprovence.com\/article\/economie\/25882708933696\/27e-trophees-de-leconomie-de-la-provence-ces-femmes-entrepreneures-qui-boostent-leconomie\" target=\"_blank\" rel=\"noopener\">les femmes auraient un r\u00f4le moteur<\/a>, pour r\u00e9pondre aux d\u00e9fis et tracer une autre voie.<\/p>\n<p>Cette ambition, nous la partagerons \u00e0 l\u2019occasion du <a href=\"https:\/\/www.laprovence.com\/article\/nos-rendez-vous\/29328948602033\/la-provence-met-a-lhonneur-l-engagement-sous-toutes-ses-formes-du-20-novembre-au-20-decembre\" target=\"_blank\" rel=\"noopener\">premier \u00ab\u00a0Global Leadership by Women Summit\u00a0\u00bb<\/a> ce jeudi 27 novembre au si\u00e8ge de La Provence <a href=\"https:\/\/www.laprovence.com\/bouches-du-rhone\/marseille-13055\" target=\"_blank\" rel=\"noopener\">\u00e0 Marseille<\/a>. Un sommet international d\u00e9di\u00e9 au leadership f\u00e9minin organis\u00e9 par notre journal qui rassemblera plus de 500\u00a0participants, 50\u00a0speakers, des femmes et hommes engag\u00e9s, acteurs publics et priv\u00e9s, visionnaires et leaders internationaux.<\/p>\n<p>Au-del\u00e0 des constats, ce sera une formidable opportunit\u00e9 de faire \u00e9merger des solutions inspirantes et des actions concr\u00e8tes autour de la transition \u00e9nerg\u00e9tique, de l\u2019intelligence artificielle \u00e9thique, du commerce responsable\u2026<\/p>\n<p>Tables-rondes et d\u00e9bats contradictoires<\/p>\n<p>\u00ab\u00a0Je veux que les choses avancent\u00a0\u00bb, lance<a href=\"https:\/\/www.laprovence.com\/article\/economie\/24975473322705\/notre-ambition-a-la-provence-mettre-en-avant-l-economie-territoriale\" target=\"_blank\" rel=\"noopener\"> Chiara Corazza<\/a>, repr\u00e9sentante du secteur priv\u00e9 pour la France au G20 Empower et conseill\u00e8re sp\u00e9ciale du Global Leadership by Women Summit, le premier sommet international qui ambitionne le leadership non pour les femmes, mais par les femmes. \u00ab\u00a0Des femmes &#8211;\u00a0mais aussi des hommes\u00a0&#8211; actives sur les cinq continents, sont \u00e0 Marseille car elles croient en les causes qu\u2019elles d\u00e9fendent et sont convaincues qu\u2019il faut proposer un leadership plus \u00e9quilibr\u00e9, qui associe l\u2019humanit\u00e9 tout enti\u00e8re. Il faut fa\u00e7onner une soci\u00e9t\u00e9 o\u00f9 les femmes sont b\u00e2tisseuses de paix, force motrice des investissements durables, au c\u0153ur de l\u2019\u00e9conomie, aux tables de n\u00e9gociation, aux commandes de la transition \u00e9nerg\u00e9tique et protagonistes d\u2019une cybers\u00e9curit\u00e9 renforc\u00e9e.\u00a0\u00bb<\/p>\n<p>La journ\u00e9e est ainsi \u00e9maill\u00e9e de conf\u00e9rences &#8211;\u00a0tables rondes et d\u00e9bats contradictoires\u00a0-, de networking et d\u2019ateliers interactifs pour d\u00e9velopper le leadership par les femmes.<\/p>\n<p>Chiara Corazza insiste\u00a0: \u00ab\u00a0Nous ne pouvons pas laisser le pouvoir \u00e0 une poign\u00e9e d\u2019hommes qui n\u2019agissent pas pour l\u2019humanit\u00e9 ni l\u2019int\u00e9r\u00eat commun, mais pour leur ego, leur visibilit\u00e9 et leurs int\u00e9r\u00eats personnels. Nous avons besoin de r\u00e9inventer la gouvernance mondiale, en sollicitant tous les talents, toutes les expertises et toutes les capacit\u00e9s, y compris celles des femmes, face aux crises climatiques, financi\u00e8res, d\u00e9mographiques et d\u00e9mocratiques.\u00a0\u00bb<\/p>\n<p>Des talents qui seront r\u00e9compens\u00e9s par <a href=\"https:\/\/www.laprovence.com\/\" target=\"_blank\" rel=\"noopener\">La Provence<\/a> lors de la remise des Troph\u00e9es \u00ab\u00a0Femmes leaders de demain\u00a0\u00bb \u00e0 des femmes engag\u00e9es au service de l\u2019int\u00e9r\u00eat g\u00e9n\u00e9ral. Quatre cheffes d\u2019entreprise seront ainsi salu\u00e9es pour leur parcours exemplaire.<\/p>\n<p><strong>Le programme de la journ\u00e9e au si\u00e8ge de \u00ab\u00a0La Provence\u00a0\u00bb (19, rue Henri Barbusse)<\/strong><br \/>\n8h30 &#8211; 9h<\/p>\n<p>Ouverture, anim\u00e9e par Olivier Biscaye &#8211; Directeur de la r\u00e9daction de La Provence, avec intervention de\u00a0:<\/p>\n<p>Chiara CORAZZA &#8211; Repr\u00e9sentante pour la France au G20 EMPOWER, Conseill\u00e8re au Gender Equality Advisory Council du G7, Conseill\u00e8re Sp\u00e9ciale du Global Leadership by Women Summit.<\/p>\n<p>Jean-Christophe TORTORA &#8211; Directeur G\u00e9n\u00e9ral CMA M\u00e9dia.<\/p>\n<p><a href=\"https:\/\/www.laprovence.com\/article\/politique\/85656542804296\/violences-faites-aux-femmes-aurore-berge-annonce-un-projet-de-loi-cadre-de-53-mesures\" target=\"_blank\" rel=\"noopener\">Aurore BERG\u00c9<\/a> &#8211; Ministre d\u00e9l\u00e9gu\u00e9e charg\u00e9e de l\u2019\u00c9galit\u00e9 entre les femmes et les hommes et de la Lutte contre les discriminations.<\/p>\n<p><img alt=\"Marie Guillemot.\" loading=\"lazy\" decoding=\"async\" data-nimg=\"fill\" class=\" TwicCore_img__i9TC1 undefined  undefined\" style=\"position:absolute;height:100%;width:100%;left:0;top:0;right:0;bottom:0;color:transparent;background-size:cover;background-position:50% 50%;background-repeat:no-repeat;background-image:url(&quot;data:image\/svg+xml;charset=utf-8,%3Csvg xmlns='http:\/\/www.w3.org\/2000\/svg' %3E%3Cfilter id='b' color-interpolation-filters='sRGB'%3E%3CfeGaussianBlur stdDeviation='20'\/%3E%3CfeColorMatrix values='1 0 0 0 0 0 1 0 0 0 0 0 1 0 0 0 0 0 100 -1' result='s'\/%3E%3CfeFlood x='0' y='0' width='100%25' height='100%25'\/%3E%3CfeComposite operator='out' in='s'\/%3E%3CfeComposite in2='SourceGraphic'\/%3E%3CfeGaussianBlur stdDeviation='20'\/%3E%3C\/filter%3E%3Cimage width='100%25' height='100%25' x='0' y='0' preserveAspectRatio='none' style='filter: url(%23b);' href='https:\/\/pictures.laprovence.com\/cdn-cgi\/image\/blur=250\/media\/melody\/2025\/11\/26\/marie-guillemot-1764190550_8496b94acd1967896b94acd194c96bv_.jpg'\/%3E%3C\/svg%3E&quot;)\"   src=\"https:\/\/www.europesays.com\/fr\/wp-content\/uploads\/2025\/11\/marie-guillemot-1764190550_8496b94acd1967896b94acd194c96bv_.jpg\"\/>Marie Guillemot. \/ Photo DR9h &#8211; 9h50<\/p>\n<p>Session pl\u00e9ni\u00e8re\u00a0: Leaders dans les investissements, la finance, pour un impact global positif.<\/p>\n<p>Intervenants\u00a0:<\/p>\n<p>Dr. Hynd BOUHIA, Pr\u00e9sidente Strategica (investissements strat\u00e9giques \u00e0 impact), Fondatrice, BAL Method \u00ae [Maroc].<\/p>\n<p>Carlo D\u2019ASARO BIONDO &#8211;\u00a0Senior Advisor Boston Consulting Group.\u00a0Independent Board Member Poste Italiane, co-auteur du livre \u00ab\u00a0L\u2019humanit\u00e9 face \u00e0 l\u2019IA\u00a0: Le combat du si\u00e8cle\u00a0\u00bb.<\/p>\n<p>Christine FABRESSE &#8211; Pr\u00e9sidente Cepac.<\/p>\n<p>Marie GUILLEMOT &#8211; Pr\u00e9sidente du Directoire KPMG en France, Membre du board KPMG International, Pr\u00e9sidente de la F3P.<\/p>\n<p>Irena RADOVI\u0106 &#8211; Gouverneure, Banque centrale du Mont\u00e9n\u00e9gro [Mont\u00e9n\u00e9gro].<\/p>\n<p>9h50 &#8211; 10h<\/p>\n<p>Duo sur le leadership international<\/p>\n<p>Prof. Gilles KEPEL &#8211; Professeur des Universit\u00e9s, politiste\u00a0et arabisant, auteur.<\/p>\n<p>10h &#8211; 10h40<\/p>\n<p>Session pl\u00e9ni\u00e8re\u00a0: Leaders dans une IA et une Tech inclusives for good.<\/p>\n<p>Intervenants\u00a0:<\/p>\n<p>John AKINBOYEWA \u2013 Leader of the HungreeFreeWorld, Chief Hunger and Waste Eliminator, The HungreeApp [Nigeria].<\/p>\n<p>L\u00e9na TOUCHARD &#8211; Co-fondatrice et Directrice G\u00e9n\u00e9rale, Women in STEM Europe.<\/p>\n<p>Laurence KERJEAN &#8211; Pr\u00e9sidente Business Professional Women (BPW) Marseille M\u00e9tropole.<\/p>\n<p>Catherine LADOUSSE &#8211; CoPr\u00e9sidente de la commission Parit\u00e9, Haut Conseil \u00e0 l\u2019\u00e9galit\u00e9 entre les femmes et les hommes, et membre du G7 Gender Equality Advisory Council<\/p>\n<p><img alt=\"Salom\u00e9 Zourabichvili, cinqui\u00e8me pr\u00e9sidente de G\u00e9orgie.\" loading=\"lazy\" decoding=\"async\" data-nimg=\"fill\" class=\" TwicCore_img__i9TC1 undefined  undefined\" style=\"position:absolute;height:100%;width:100%;left:0;top:0;right:0;bottom:0;color:transparent;background-size:cover;background-position:50% 50%;background-repeat:no-repeat;background-image:url(&quot;data:image\/svg+xml;charset=utf-8,%3Csvg xmlns='http:\/\/www.w3.org\/2000\/svg' %3E%3Cfilter id='b' color-interpolation-filters='sRGB'%3E%3CfeGaussianBlur stdDeviation='20'\/%3E%3CfeColorMatrix values='1 0 0 0 0 0 1 0 0 0 0 0 1 0 0 0 0 0 100 -1' result='s'\/%3E%3CfeFlood x='0' y='0' width='100%25' height='100%25'\/%3E%3CfeComposite operator='out' in='s'\/%3E%3CfeComposite in2='SourceGraphic'\/%3E%3CfeGaussianBlur stdDeviation='20'\/%3E%3C\/filter%3E%3Cimage width='100%25' height='100%25' x='0' y='0' preserveAspectRatio='none' style='filter: url(%23b);' href='https:\/\/pictures.laprovence.com\/cdn-cgi\/image\/blur=250\/media\/melody\/2025\/11\/26\/salome-zourabichvili-cinquieme-presidente-de-georgie-1764190550_7fbe674f2b19624ce674f2b19d8ce6v_.jpg'\/%3E%3C\/svg%3E&quot;)\"   src=\"https:\/\/www.europesays.com\/fr\/wp-content\/uploads\/2025\/11\/salome-zourabichvili-cinquieme-presidente-de-georgie-1764190550_7fbe674f2b19624ce674f2b19d8ce6v_.jpg\"\/>Salom\u00e9 Zourabichvili, cinqui\u00e8me pr\u00e9sidente de G\u00e9orgie. \/ Photo DR10h40 &#8211; 10h50<\/p>\n<p>Duo sur le leadership international<\/p>\n<p>Salom\u00e9 ZOURABICHVILI &#8211; 5e Pr\u00e9sidente de G\u00e9orgie [G\u00e9orgie].<\/p>\n<p>10h50 &#8211; 11h40<\/p>\n<p>Session pl\u00e9ni\u00e8re\u00a0: Leaders moteurs de croissance durable dans le climat et la biodiversit\u00e9<\/p>\n<p>Intervenants\u00a0:<\/p>\n<p>Patricia RICARD &#8211; Pr\u00e9sidente de l\u2019Institut Oc\u00e9anographique Paul Ricard<\/p>\n<p>Prof. Milena ANGELOVA &#8211; Secretary General, Bulgarian Industrial Capital Association, Member of the Economic and Social Committee and Executive Vice-President of SGI Europe [Bulgarie]<\/p>\n<p>Christopher CORDOVA &#8211; CEO\u00a0AI for Climate [Mexique]<\/p>\n<p>\u00c9milie DE LOMBARES &#8211; Pr\u00e9sidente, ONET<\/p>\n<p>Rosalie MANN &#8211; Founder &amp; CEO &#8211; No More Plastic Foundation<\/p>\n<p>11h40 &#8211; 12h10<\/p>\n<p>Session pl\u00e9ni\u00e8re\u00a0: Leaders engag\u00e9s en commerce<\/p>\n<p>responsable et transports r\u00e9silients<\/p>\n<p>Intervenants\u00a0:<\/p>\n<p>Mary Concilia ANCHANG &#8211; Avocate, Associ\u00e9e senior et Directrice g\u00e9n\u00e9rale du cabinet Onambele &#8211; Anchang &amp; Associates, Pr\u00e9sidente ex\u00e9cutive de la Chambre africaine du commerce et de l\u2019industrie (ACC) [Cameroun]<\/p>\n<p>Christine CABAU WOEHREL \u2013 Vice-Pr\u00e9sidente en charge des op\u00e9rations et des actifs, CMA CGM<\/p>\n<p>Prof. Dr. Nayla COMAIR-OBEID &#8211; Partenaire Fondatrice, Obeid &amp; Partners, Membre du Conseil d\u2019Administration du Conseil international pour l\u2019arbitrage commercial (ICCA), Ancienne Pr\u00e9sidente de la Chambre de Commerce Internationale [Liban]<\/p>\n<p>Ngozi OKONJO-IWEALA &#8211; Directrice g\u00e9n\u00e9rale, Organisation mondiale du commerce [Nig\u00e9ria]<\/p>\n<p><img alt=\"Oleksandra Matviichuk.\" loading=\"lazy\" decoding=\"async\" data-nimg=\"fill\" class=\" TwicCore_img__i9TC1 undefined  undefined\" style=\"position:absolute;height:100%;width:100%;left:0;top:0;right:0;bottom:0;color:transparent;background-size:cover;background-position:50% 50%;background-repeat:no-repeat;background-image:url(&quot;data:image\/svg+xml;charset=utf-8,%3Csvg xmlns='http:\/\/www.w3.org\/2000\/svg' %3E%3Cfilter id='b' color-interpolation-filters='sRGB'%3E%3CfeGaussianBlur stdDeviation='20'\/%3E%3CfeColorMatrix values='1 0 0 0 0 0 1 0 0 0 0 0 1 0 0 0 0 0 100 -1' result='s'\/%3E%3CfeFlood x='0' y='0' width='100%25' height='100%25'\/%3E%3CfeComposite operator='out' in='s'\/%3E%3CfeComposite in2='SourceGraphic'\/%3E%3CfeGaussianBlur stdDeviation='20'\/%3E%3C\/filter%3E%3Cimage width='100%25' height='100%25' x='0' y='0' preserveAspectRatio='none' style='filter: url(%23b);' href='https:\/\/pictures.laprovence.com\/cdn-cgi\/image\/blur=250\/media\/melody\/2025\/11\/26\/oleksandra-matviichuk-1764190551_fbeb65013c19670fb65013c19a4fb6v_.jpg'\/%3E%3C\/svg%3E&quot;)\"   src=\"https:\/\/www.europesays.com\/fr\/wp-content\/uploads\/2025\/11\/oleksandra-matviichuk-1764190551_fbeb65013c19670fb65013c19a4fb6v_.jpg\"\/>Oleksandra Matviichuk. \/ Photo Boettcher_Sebastian12h10 &#8211; 12h20<\/p>\n<p>Keynote : La voix universelle d\u2019une femme engag\u00e9e<\/p>\n<p>Oleksandra MATVIICHUK &#8211; Avocate et militante ukrainienne pour les droits de l\u2019homme, directrice de l\u2019ONG Centre pour les libert\u00e9s civiles, prix Nobel de la paix en\u00a02022 [Ukraine]<\/p>\n<p>12h20 &#8211; 13h15<\/p>\n<p>Lancement d\u2019un mouvement mondial pour un Global Leadership by Women<\/p>\n<p>Intervenants\u00a0:<\/p>\n<p>Chiara CORAZZA &#8211; Repr\u00e9sentante pour la France au G20 EMPOWER, Conseill\u00e8re au Gender Equality<\/p>\n<p>Advisory Council du G7, Conseill\u00e8re Sp\u00e9ciale du Global Leadership by Women Summit [Italie, Royaume Uni]<\/p>\n<p>Ayumi MOORE AOKI &#8211; Pr\u00e9sidente Fondatrice, Women in Tech\u00ae Global and Women in Tech Diplomacy [Br\u00e9sil, Japon]<\/p>\n<p>Dr. Harbeen ARORA RAI, Pr\u00e9sidente Fondatrice, G100, ALL Ladies League (ALL) | Women Economic Forum (WEF), WICCI, Women\u2019s Indian Chamber of Commerce and Industry [Inde]<\/p>\n<p>Dr. Karen BRUG\u00c9S \u2013 CEO, Mujeres Violeta\u00ae and MiPartner Foundation, Chair World Economic Forum (WEF) Colombia, Global Chair G100 Zero Hunger Mission [Colombia]<\/p>\n<p>Marilena CITELLI FRANCESE\u00a0Pr\u00e9sidente, Women Economic Forum (WEF) Italy [Italie]<\/p>\n<p>Dr. Vladyslava MAGALETSKA \u2013 Pr\u00e9sidente, Women Economic Forum Poland and Ukraine 2026, G100 Global Chair &#8211; Family Business &amp; Future of Work [Ukraine]<\/p>\n<p>Nino ZAMBAKHIDZE &#8211; Pr\u00e9sidente de l\u2019Association des agriculteurs de G\u00e9orgie, Directrice de l\u2019Unity Academy, Conseill\u00e8re de l\u2019Advisory Council at G100 [G\u00e9orgie]<\/p>\n<p>14h30 &#8211; 15h20<\/p>\n<p>Session pl\u00e9ni\u00e8re\u00a0: Leaders promoteurs d\u2019une influence respectueuse des valeurs et de l\u2019int\u00e9r\u00eat g\u00e9n\u00e9ral<\/p>\n<p>Intervenants\u00a0:<\/p>\n<p>Hamida AMAN \u2013 Fondatrice, Begum Organization for Women et Radio Begum [Afghanistan]<\/p>\n<p>Gabriela RAMOS &#8211; Leader engag\u00e9e \u00e0 niveau global pour une croissance inclusive et une IA responsable, Ancienne Sous-Directrice g\u00e9n\u00e9rale pour les sciences sociales et humaines, UNESCO, Ancienne Chief of Staff et Sherpa au G20, OCDE [Mexique]<\/p>\n<p>S\u00e9verine DESBOUYS &#8211; Pr\u00e9sidente-Fondatrice du cabinet de conseil DSC, ancienne cycliste professionnelle<\/p>\n<p>Cynthia ILLOUZ &#8211; Pr\u00e9sidente-Fondatrice, THE WOMEN\u2019S VOICES<\/p>\n<p>Kim YOUNES &#8211; Pr\u00e9sidente<\/p>\n<p>15h20 &#8211; 15h35<\/p>\n<p>Duo sur le leadership international<\/p>\n<p>Amani A. ALZAHRANI \u2013 Directrice de la Diversit\u00e9, Olayan Saudi Holding Company\u00a0; coach co-active\u00a0; auteure de l\u2019ouvrage \u00e9conomique \u00a0\u00bb The Resource Drama \u00a0\u00bb [Arabie Saoudite]<\/p>\n<p>Chiara CORAZZA \u2013 Repr\u00e9sentante pour la France au G20 EMPOWER, Conseill\u00e8re au Gender Equality Advisory Council du G7, Conseill\u00e8re Sp\u00e9ciale du Global Leadership by Women Summit [Italie, Royaume Uni]<\/p>\n<p>15h35 &#8211; 16h25<\/p>\n<p>Session pl\u00e9ni\u00e8re\u00a0: Leaders d\u2019une gouvernance \u00e9quilibr\u00e9e<\/p>\n<p>Intervenants\u00a0:<\/p>\n<p><a href=\"https:\/\/www.laprovence.com\/article\/economie\/2543344739738615\/christophe-castaner-recrute-par-shein-l-ex-ministre-se-justifie-le-syndicat-mode-in-sud-s-insurge\" target=\"_blank\" rel=\"noopener\">Christophe CASTANER<\/a> &#8211; Pr\u00e9sident du Conseil de Surveillance du Port de Marseille Fos, Ancien ministre de l&rsquo;Int\u00e9rieur<\/p>\n<p>Isabelle GROSMAITRE \u2013 Pr\u00e9sidente-Fondatrice, Goodness &amp; Co,<\/p>\n<p>et Pr\u00e9sidente de l\u2019Advisory Board, Value Balancing Alliance<\/p>\n<p>Laura HASSAN &#8211; Directrice G\u00e9n\u00e9rale, Epitech<\/p>\n<p>Hedwige NUYENS \u2013 Pr\u00e9sidente European Women on Boards, et Directrice G\u00e9n\u00e9rale, International Banking Federation [Belgique]<\/p>\n<p>Veronika WAND-DANIELSSON &#8211; Ambassadrice de Su\u00e8de en Allemagne [Su\u00e8de]<\/p>\n<p>16h25 &#8211; 17h05<\/p>\n<p>Session pl\u00e9ni\u00e8re\u00a0: Leaders en infrastructures, \u00e9nergie et interconnexions strat\u00e9giques<\/p>\n<p>Intervenants\u00a0:<\/p>\n<p>G\u00e9rard MESTRALLET \u2013 Envoy\u00e9 Sp\u00e9cial du Pr\u00e9sident de la R\u00e9publique fran\u00e7aise pour l\u2019IMEC<\/p>\n<p>Monica DE VIRGILIIS &#8211; Pr\u00e9sidente-Fondatrice, Chapter Zero France, Ancienne Pr\u00e9sidente, SNAM, Administrateur Ind\u00e9pendant, Air Liquide [Italie]<\/p>\n<p>Camille EGLOFF &#8211; Managing Director &amp; Senior Partner, Boston Consulting Group<\/p>\n<p>Selena SOUAH &#8211; Pr\u00e9sidente Fondatrice, REVOLUTION&rsquo;AIR Ltd (Telecoms) &amp; REGCARD, Membre du Conseil d\u2019Administration de l\u2019Institut Aspen France [Gabon, France]<\/p>\n<p>17h05 &#8211; 17h15<\/p>\n<p>Keynote\u00a0: Une leader en action, qui transforme le syst\u00e8me<\/p>\n<p>Olga RUDNIEVA &#8211; Fondatrice et Directrice G\u00e9n\u00e9rale, Superhumans Trauma Center [Ukraine]<\/p>\n<p><img alt=\"Delphine O.\" loading=\"lazy\" decoding=\"async\" data-nimg=\"fill\" class=\" TwicCore_img__i9TC1 undefined  undefined\" style=\"position:absolute;height:100%;width:100%;left:0;top:0;right:0;bottom:0;color:transparent;background-size:cover;background-position:50% 50%;background-repeat:no-repeat;background-image:url(&quot;data:image\/svg+xml;charset=utf-8,%3Csvg xmlns='http:\/\/www.w3.org\/2000\/svg' %3E%3Cfilter id='b' color-interpolation-filters='sRGB'%3E%3CfeGaussianBlur stdDeviation='20'\/%3E%3CfeColorMatrix values='1 0 0 0 0 0 1 0 0 0 0 0 1 0 0 0 0 0 100 -1' result='s'\/%3E%3CfeFlood x='0' y='0' width='100%25' height='100%25'\/%3E%3CfeComposite operator='out' in='s'\/%3E%3CfeComposite in2='SourceGraphic'\/%3E%3CfeGaussianBlur stdDeviation='20'\/%3E%3C\/filter%3E%3Cimage width='100%25' height='100%25' x='0' y='0' preserveAspectRatio='none' style='filter: url(%23b);' href='https:\/\/pictures.laprovence.com\/cdn-cgi\/image\/blur=250\/media\/melody\/2025\/11\/26\/delphine-o-1764190551_897394fd2b196dd7394fd2b19f2839v_.jpg'\/%3E%3C\/svg%3E&quot;)\"   src=\"https:\/\/www.europesays.com\/fr\/wp-content\/uploads\/2025\/11\/delphine-o-1764190551_897394fd2b196dd7394fd2b19f2839v_.jpg\"\/>Delphine O. \/ Photo DR17h15 &#8211; 18h10<\/p>\n<p>Session pl\u00e9ni\u00e8re\u00a0: Leaders en g\u00e9opolitique, pour anticiper et garantir la paix <\/p>\n<p>Intervenants\u00a0:<\/p>\n<p>Donia KAOUACH &#8211; Pr\u00e9sidente, Fondation Leaders pour la Paix [Tunisie]<\/p>\n<p>Florence NOTTER-DAUGNY \u2013 Administratrice CyberPeace Institute, Ancienne Conseill\u00e8re Diplomatique du Gouvernement Suisse, Pr\u00e9sidente Soci\u00e9t\u00e9 des Membres de la L\u00e9gion d\u2019Honneur en Suisse [Suisse]<\/p>\n<p>Delphine O &#8211; Ambassadrice et Secr\u00e9taire g\u00e9n\u00e9rale du Forum G\u00e9n\u00e9ration \u00c9galit\u00e9<\/p>\n<p>Oleksandra MATVIICHUK &#8211; Avocate et militante ukrainienne pour les droits de l\u2019homme, directrice de l\u2019ONG Centre pour les libert\u00e9s civiles, prix Nobel de la paix en\u00a02022 [Ukraine]<\/p>\n<p>Irina SCHOULGIN-NYONI &#8211; Ambassadrice pour les droits de l\u2019Homme, la d\u00e9mocratie et l\u2019\u00c9tat de droit, minist\u00e8re des Affaires \u00e9trang\u00e8res de Su\u00e8de [Su\u00e8de]<\/p>\n<p>Dr. Loredana TEODORESCU &#8211; Pr\u00e9sidente, Women in International Security Italy, et Directrice du R\u00e9seau des Femmes M\u00e9diatrices de la M\u00e9diterran\u00e9e [Italie]<\/p>\n","protected":false},"excerpt":{"rendered":"Loin des agitations et du d\u00e9sordre mondial, prenons le temps de penser au futur. Un avenir que nous&hellip;\n","protected":false},"author":2,"featured_media":561087,"comment_status":"","ping_status":"","sticky":false,"template":"","format":"standard","meta":{"footnotes":""},"categories":[2814],"tags":[17,1111,11,5808,33,1777,674,1295,1011,27,4743,58512,884,12,1186,882,25,2764],"class_list":{"0":"post-561086","1":"post","2":"type-post","3":"status-publish","4":"format-standard","5":"has-post-thumbnail","7":"category-marseille","8":"tag-17","9":"tag-actu","10":"tag-actualites","11":"tag-capitale","12":"tag-economie","13":"tag-eu","14":"tag-europe","15":"tag-feminin","16":"tag-fr","17":"tag-france","18":"tag-la","19":"tag-leadership","20":"tag-marseille","21":"tag-news","22":"tag-provence","23":"tag-provence-alpes-cote-dazur","24":"tag-republique-francaise","25":"tag-sommet"},"share_on_mastodon":{"url":"https:\/\/pubeurope.com\/@fr\/115618776575111674","error":""},"_links":{"self":[{"href":"https:\/\/www.europesays.com\/fr\/wp-json\/wp\/v2\/posts\/561086","targetHints":{"allow":["GET"]}}],"collection":[{"href":"https:\/\/www.europesays.com\/fr\/wp-json\/wp\/v2\/posts"}],"about":[{"href":"https:\/\/www.europesays.com\/fr\/wp-json\/wp\/v2\/types\/post"}],"author":[{"embeddable":true,"href":"https:\/\/www.europesays.com\/fr\/wp-json\/wp\/v2\/users\/2"}],"replies":[{"embeddable":true,"href":"https:\/\/www.europesays.com\/fr\/wp-json\/wp\/v2\/comments?post=561086"}],"version-history":[{"count":0,"href":"https:\/\/www.europesays.com\/fr\/wp-json\/wp\/v2\/posts\/561086\/revisions"}],"wp:featuredmedia":[{"embeddable":true,"href":"https:\/\/www.europesays.com\/fr\/wp-json\/wp\/v2\/media\/561087"}],"wp:attachment":[{"href":"https:\/\/www.europesays.com\/fr\/wp-json\/wp\/v2\/media?parent=561086"}],"wp:term":[{"taxonomy":"category","embeddable":true,"href":"https:\/\/www.europesays.com\/fr\/wp-json\/wp\/v2\/categories?post=561086"},{"taxonomy":"post_tag","embeddable":true,"href":"https:\/\/www.europesays.com\/fr\/wp-json\/wp\/v2\/tags?post=561086"}],"curies":[{"name":"wp","href":"https:\/\/api.w.org\/{rel}","templated":true}]}}