{"id":56109,"date":"2025-04-27T05:42:13","date_gmt":"2025-04-27T05:42:13","guid":{"rendered":"https:\/\/www.europesays.com\/fr\/56109\/"},"modified":"2025-04-27T05:42:13","modified_gmt":"2025-04-27T05:42:13","slug":"en-direct-ukraine-trump-emet-des-doutes-sur-les-intentions-de-poutine-qui-se-dit-pret-a-negocier","status":"publish","type":"post","link":"https:\/\/www.europesays.com\/fr\/56109\/","title":{"rendered":"EN DIRECT &#8211; Ukraine : Trump \u00e9met des doutes sur les intentions de Poutine, qui se dit pr\u00eat \u00e0 n\u00e9gocier"},"content":{"rendered":"<p>Donald Trump, qui a rencontr\u00e9 samedi \u00e0 Rome son homologue ukrainien Volodymyr Zelensky, a \u00e9mis des doutes quant \u00e0 la volont\u00e9 de Vladimir Poutine de r\u00e9gler le conflit en Ukraine.Le pr\u00e9sident russe a assur\u00e9 \u00eatre pr\u00eat \u00e0 n\u00e9gocier \u00ab\u00a0sans aucune condition pr\u00e9alable\u00a0\u00bb pour y parvenir.Suivez les derni\u00e8res informations.<a href=\"https:\/\/www.tf1info.fr\/actualite\/invasion-de-l-ukraine-par-la-russie-une-guerre-qui-dure-12951\/\" rel=\"noopener\" class=\"jsx-3118104007 Link jsx-1428418400 jsx-554215408\" target=\"_blank\"><\/p>\n<p style=\"font-weight:400\" class=\"jsx-1837267516\">Suivez la couverture compl\u00e8te<\/p>\n<p style=\"font-weight:800\" class=\"jsx-1837267516\">Ukraine : 4\u1d49 ann\u00e9e de guerre<\/p>\n<p><\/a>Minute par minute<\/p>\n<p>06:59<\/p>\n<p>Trump doute des intentions de paix de PoutineSource : TF1 Info<\/p>\n<p><img decoding=\"async\" src=\"https:\/\/www.europesays.com\/fr\/wp-content\/uploads\/2025\/04\/trump-doute-des-intentions-de-paix-de-poutine-4f1fb4-0@1x.jpeg\" alt=\"Trump doute des intentions de paix de Poutine\" loading=\"lazy\" importance=\"low\" fetchpriority=\"low\" class=\"\"\/><img decoding=\"async\" src=\"https:\/\/www.europesays.com\/fr\/wp-content\/uploads\/2025\/04\/player-logo-play.svg.svg+xml\" alt=\"Logo lecture\" class=\"jsx-d0de44c05fe3042c PlayerLazyload__Play\"\/>06:43TRUMP DOUTE DE POUTINE<\/p>\n<p>Donald Trump, <a href=\"https:\/\/www.tf1info.fr\/international\/guerre-ukraine-russie-peut-etre-que-vladimir-poutine-ne-veut-pas-arreter-la-guerre-dit-donald-trump-2367344.html\" target=\"_blank\" rel=\"noopener\">qui a rencontr\u00e9 samedi \u00e0 Rome son homologue ukrainien Volodymyr Zelensky (nouvelle fen\u00eatre)<\/a>, a \u00e9mis des doutes quant \u00e0 la volont\u00e9 de Vladimir Poutine de r\u00e9gler le conflit en Ukraine, alors m\u00eame que le pr\u00e9sident russe a assur\u00e9 \u00eatre pr\u00eat \u00e0 n\u00e9gocier \u00ab\u00a0sans aucune condition pr\u00e9alable\u00a0\u00bb pour y parvenir.<\/p>\n<p>\u00ab\u00a0Il n&rsquo;y avait aucune raison pour Poutine de tirer des missiles sur des zones civiles, des villes et des villages, ces derniers jours. Cela me fait penser que, peut-\u00eatre, il ne veut pas arr\u00eater la guerre et qu&rsquo;il me balade, et alors il faut faire autrement\u00a0\u00bb, a \u00e9crit le pr\u00e9sident am\u00e9ricain sur son r\u00e9seau Truth Social.<\/p>\n<p>Il a fait ces d\u00e9clarations apr\u00e8s son entretien d&rsquo;une quinzaine de minutes avec Volodymyr Zelensky dans la basilique Saint-Pierre en marge des fun\u00e9railles du pape Fran\u00e7ois.<\/p>\n<p data-module=\"article-paragraph\" class=\"jsx-362436225 Paragraph Paragraph__End\">Donald Trump, qui a rencontr\u00e9 samedi \u00e0 Rome son homologue ukrainien Volodymyr Zelensky, a \u00e9mis des doutes quant \u00e0 la volont\u00e9 de Vladimir Poutine <a href=\"https:\/\/www.tf1info.fr\/international\/guerre-ukraine-russie-peut-etre-que-vladimir-poutine-ne-veut-pas-arreter-la-guerre-dit-donald-trump-2367344.html\" target=\"_blank\" rel=\"noopener\">de r\u00e9gler le conflit en Ukraine<\/a>, alors m\u00eame que le pr\u00e9sident russe a assur\u00e9 \u00eatre pr\u00eat \u00e0 n\u00e9gocier \u00ab\u00a0sans aucune condition pr\u00e9alable\u00a0\u00bb pour y parvenir. \u00ab\u00a0Il n&rsquo;y avait aucune raison pour Poutine de tirer des missiles sur des zones civiles, des villes et des villages, ces derniers jours. Cela me fait penser que, peut-\u00eatre, il ne veut pas arr\u00eater la guerre et qu&rsquo;il me balade, et alors il faut faire autrement\u00a0\u00bb, a \u00e9crit le pr\u00e9sident am\u00e9ricain sur son r\u00e9seau Truth Social.<\/p>\n<p data-module=\"article-paragraph\" class=\"jsx-362436225 Paragraph Paragraph__End\">Il a fait ces d\u00e9clarations apr\u00e8s son entretien d&rsquo;une quinzaine de minutes avec Volodymyr Zelensky dans la basilique Saint-Pierre en marge des fun\u00e9railles du pape Fran\u00e7ois. Pench\u00e9s l&rsquo;un vers l&rsquo;autre, leurs visages n&rsquo;\u00e9taient s\u00e9par\u00e9s que de quelques centim\u00e8tres, d&rsquo;apr\u00e8s les photos transmises par la pr\u00e9sidence ukrainienne.<\/p>\n<p data-module=\"article-paragraph\" class=\"jsx-362436225 Paragraph Paragraph__End\">\u00ab\u00a0Bonne r\u00e9union. Nous avons beaucoup discut\u00e9 en t\u00eate-\u00e0-t\u00eate. J&rsquo;esp\u00e8re que nous obtiendrons des r\u00e9sultats sur tous les points abord\u00e9s\u00a0\u00bb, a comment\u00e9 le chef de l&rsquo;\u00c9tat ukrainien sur les r\u00e9seaux sociaux, disant une nouvelle fois vouloir \u00ab\u00a0un cessez-le-feu total et inconditionnel\u00a0\u00bb. \u00a0La Maison Blanche a \u00e9galement jug\u00e9 la rencontre \u00ab\u00a0tr\u00e8s productive\u00a0\u00bb.<\/p>\n<ul class=\"jsx-658110588 ReadMoreArticle__List flex flex-column\">\n<li class=\"jsx-658110588\"><a href=\"https:\/\/www.tf1info.fr\/international\/guerre-en-ukraine-rencontre-trump-zelensky-en-marge-des-funerailles-du-pape-le-tempo-des-tractations-diplomatiques-s-accelere-2367345.html\" rel=\"noopener\" class=\"jsx-4233824444 Link flex\" target=\"_blank\"><img decoding=\"async\" src=\"https:\/\/www.europesays.com\/fr\/wp-content\/uploads\/2025\/04\/trump-zelensky-funerailles-pape-francois-e2d3c7-1@1x.jpeg\" alt=\"Le pr\u00e9sident ukrainien Volodymyr Zelensky \u00e9change en t\u00eate-\u00e0-t\u00eate avec son homologue am\u00e9ricain Donald Trump avant les fun\u00e9railles du pape Fran\u00e7ois \u00e0 Rome, le 26 avril 2025.\" loading=\"lazy\" importance=\"low\" fetchpriority=\"low\" class=\"\" copyright=\"Handout \/ UKRAINIAN PRESIDENTIAL PRESS SERVICE \/ AFP\"\/>\n<p class=\"jsx-658110588 ReadMoreArticle__Title\">Lire aussi<\/p>\n<p class=\"jsx-658110588\">Guerre en Ukraine : en marge des fun\u00e9railles du pape, le tempo des tractations diplomatiques s&rsquo;acc\u00e9l\u00e8re<\/p>\n<p><\/a><\/li>\n<\/ul>\n<p data-module=\"article-paragraph\" class=\"jsx-362436225 Paragraph Paragraph__End\">C&rsquo;\u00e9tait la premi\u00e8re fois que les deux hommes se retrouvaient depuis leur \u00e9change houleux \u00e0 Washington le 28 f\u00e9vrier, quand Donald Trump et son vice-pr\u00e9sident JD Vance avaient litt\u00e9ralement tanc\u00e9 M. Zelensky. Le pr\u00e9sident am\u00e9ricain, qui veut arriver le plus rapidement possible \u00e0 une cessation des hostilit\u00e9s en Ukraine, exerce une forte pression sur son homologue ukrainien tandis que, sur le front, l&rsquo;arm\u00e9e russe a l&rsquo;initiative. \u00a0Il a \u00e0 cet \u00e9gard assur\u00e9 dans la nuit de vendredi \u00e0 samedi que les bellig\u00e9rants \u00e9taient \u00ab\u00a0tr\u00e8s proches d&rsquo;un accord\u00a0\u00bb, sans en d\u00e9voiler les contours.\u00a0<\/p>\n<p>La r\u00e9daction de TF1info<\/p>\n","protected":false},"excerpt":{"rendered":"Donald Trump, qui a rencontr\u00e9 samedi \u00e0 Rome son homologue ukrainien Volodymyr Zelensky, a \u00e9mis des doutes quant&hellip;\n","protected":false},"author":2,"featured_media":56110,"comment_status":"","ping_status":"","sticky":false,"template":"","format":"standard","meta":{"footnotes":""},"categories":[1591],"tags":[1111,11,1921,75,1887,1918,1922,12,4692,1885,1886,132,1917,133,1920,135,134],"class_list":{"0":"post-56109","1":"post","2":"type-post","3":"status-publish","4":"format-standard","5":"has-post-thumbnail","7":"category-russie","8":"tag-actu","9":"tag-actualites","10":"tag-article-video","11":"tag-donald-trump","12":"tag-federation-de-russie","13":"tag-guerre-en-ukraine-une-treve-en-negociation","14":"tag-info","15":"tag-news","16":"tag-pape-francois","17":"tag-russia","18":"tag-russian-federation","19":"tag-russie","20":"tag-ukraine-4-annee-de-guerre","21":"tag-video","22":"tag-video-international","23":"tag-vladimir-poutine","24":"tag-volodymyr-zelensky"},"share_on_mastodon":{"url":"https:\/\/pubeurope.com\/@fr\/114408334838867966","error":""},"_links":{"self":[{"href":"https:\/\/www.europesays.com\/fr\/wp-json\/wp\/v2\/posts\/56109","targetHints":{"allow":["GET"]}}],"collection":[{"href":"https:\/\/www.europesays.com\/fr\/wp-json\/wp\/v2\/posts"}],"about":[{"href":"https:\/\/www.europesays.com\/fr\/wp-json\/wp\/v2\/types\/post"}],"author":[{"embeddable":true,"href":"https:\/\/www.europesays.com\/fr\/wp-json\/wp\/v2\/users\/2"}],"replies":[{"embeddable":true,"href":"https:\/\/www.europesays.com\/fr\/wp-json\/wp\/v2\/comments?post=56109"}],"version-history":[{"count":0,"href":"https:\/\/www.europesays.com\/fr\/wp-json\/wp\/v2\/posts\/56109\/revisions"}],"wp:featuredmedia":[{"embeddable":true,"href":"https:\/\/www.europesays.com\/fr\/wp-json\/wp\/v2\/media\/56110"}],"wp:attachment":[{"href":"https:\/\/www.europesays.com\/fr\/wp-json\/wp\/v2\/media?parent=56109"}],"wp:term":[{"taxonomy":"category","embeddable":true,"href":"https:\/\/www.europesays.com\/fr\/wp-json\/wp\/v2\/categories?post=56109"},{"taxonomy":"post_tag","embeddable":true,"href":"https:\/\/www.europesays.com\/fr\/wp-json\/wp\/v2\/tags?post=56109"}],"curies":[{"name":"wp","href":"https:\/\/api.w.org\/{rel}","templated":true}]}}