{"id":561096,"date":"2025-11-27T00:19:14","date_gmt":"2025-11-27T00:19:14","guid":{"rendered":"https:\/\/www.europesays.com\/fr\/561096\/"},"modified":"2025-11-27T00:19:14","modified_gmt":"2025-11-27T00:19:14","slug":"face-a-la-hausse-record-des-demandes-et-aux-tensions-sur-limmigration-lirlande-durcit-sa-politique-dasile","status":"publish","type":"post","link":"https:\/\/www.europesays.com\/fr\/561096\/","title":{"rendered":"Face \u00e0 la hausse record des demandes et aux tensions sur l\u2019immigration, l\u2019Irlande durcit sa politique d\u2019asile"},"content":{"rendered":"<p>                      <img loading=\"lazy\" decoding=\"async\" src=\"https:\/\/www.europesays.com\/fr\/wp-content\/uploads\/2025\/11\/f2e0d02_upload-1-6nkja8sz9o3s-000-34tf8bt.jpg\" alt=\"Un campement de fortune install\u00e9 le long des berges du grand canal, \u00e0 l\u2019ouest de Dublin, le 21\u00a0mai 2024.\"   width=\"664\" height=\"443\"\/>    Un campement de fortune install\u00e9 le long des berges du grand canal, \u00e0 l\u2019ouest de Dublin, le 21\u00a0mai 2024.  BEN STANSALL\/AFP                          <\/p>\n<p class=\"article__paragraph  \">Dans la foul\u00e9e de la r\u00e9forme migratoire annonc\u00e9e par le Royaume-Uni et anticipant davantage d\u2019arriv\u00e9es en cons\u00e9quence des restrictions britanniques, l\u2019Irlande a annonc\u00e9 mercredi 26\u00a0novembre des mesures de durcissement de sa politique d\u2019asile.<\/p>\n<p class=\"article__paragraph  \">\u00ab\u00a0Notre population a augment\u00e9 l\u2019ann\u00e9e derni\u00e8re de 1,6\u00a0%, ce qui est sept fois la moyenne dans l\u2019Union europ\u00e9enne\u00a0\u00bb, a d\u00e9clar\u00e9 Jim O\u2019Callaghan, le ministre de la justice du gouvernement de coalition au pouvoir en Irlande, domin\u00e9 par les deux grands partis de centre droit. Il a ajout\u00e9 que cette croissance \u00ab\u00a0extr\u00eamement forte\u00a0\u00bb de la population mettait \u00ab\u00a0sous pression\u00a0\u00bb les services publics et les structures d\u2019h\u00e9bergement.<\/p>\n<p class=\"article__paragraph  \">Le nombre de demandes d\u2019asile en Irlande a connu une augmentation spectaculaire, atteignant un niveau record de 18\u00a0651 en\u00a02024, contre 13\u00a0276 l\u2019ann\u00e9e pr\u00e9c\u00e9dente. L\u2019Irlande, qui a longtemps \u00e9t\u00e9 un pays d\u2019\u00e9migration, voit d\u00e9sormais sa population augmenter principalement en raison de l\u2019immigration. Elle comptait 5,46\u00a0millions d\u2019habitants en avril\u00a02025, avec une immigration nette de 59\u00a0700 personnes.<\/p>\n<p>                                       Lire aussi |  <a href=\"https:\/\/www.lemonde.fr\/international\/article\/2024\/07\/20\/a-dublin-nouveaux-heurts-violents-autour-d-un-futur-site-d-accueil-pour-demandeurs-d-asile_6253900_3210.html\" class=\"js-article-read-also catcher--favoris__link\" data-premium=\"\" id=\"article-title-3383227\" target=\"_blank\" rel=\"noopener\">A Dublin, nouveaux heurts violents autour d\u2019un futur site d\u2019accueil pour demandeurs d\u2019asile<\/a>    <\/p>\n<p>   Lire plus tard  <\/p>\n<p>                          Un climat politique de plus en plus tendu autour de l\u2019immigration                    <\/p>\n<p class=\"article__paragraph  \">L\u2019hostilit\u00e9 envers les migrants a gagn\u00e9 du terrain dans le pays\u00a0: comme au Royaume-Uni, des lieux h\u00e9bergeant des demandeurs d\u2019asile ont \u00e9t\u00e9 pris pour cible ces derniers mois.<\/p>\n<p class=\"article__paragraph  \">Le vice-premier ministre Simon Harris a r\u00e9cemment d\u00e9clar\u00e9 que l\u2019immigration en Irlande \u00e9tait \u00ab\u00a0trop \u00e9lev\u00e9e\u00a0\u00bb, s\u2019attirant des critiques de la part des partis de gauche qui l\u2019ont accus\u00e9 de faire des \u0153illades \u00e0 l\u2019extr\u00eame droite.<\/p>\n<p class=\"article__paragraph  \">Les mesures d\u00e9cid\u00e9es mercredi par le gouvernement, qui devraient \u00eatre soumises au vote du Parlement d\u00e9but 2026, comprennent des r\u00e8gles plus strictes de regroupement familial pour les ressortissants de pays ext\u00e9rieurs \u00e0 l\u2019Espace \u00e9conomique europ\u00e9en (EEE).<\/p>\n<p class=\"article__paragraph  \">Les b\u00e9n\u00e9ficiaires d\u2019une protection internationale (notamment les r\u00e9fugi\u00e9s) devront avoir v\u00e9cu en Irlande pendant cinq ans avant de pouvoir pr\u00e9tendre \u00e0 la nationalit\u00e9 irlandaise, au lieu de trois ans actuellement. Les demandeurs d\u2019asile ayant un emploi devront aussi contribuer financi\u00e8rement, en fonction de leurs revenus, \u00e0 leur logement fourni par l\u2019Etat. Ceux qui souhaitent faire venir leur famille en Irlande devront prouver qu\u2019ils sont en mesure de subvenir \u00e0 leurs besoins.<\/p>\n<p> Le Monde M\u00e9morable  <\/p>\n<p> <a href=\"https:\/\/www.lemonde.fr\/memorable\/?rfextension=inread\" class=\"inread__link js-services-inread-link\" target=\"_blank\" rel=\"noopener\">  <\/p>\n<p>Testez votre culture g\u00e9n\u00e9rale avec la r\u00e9daction du \u00ab Monde \u00bb<\/p>\n<p>Testez votre culture g\u00e9n\u00e9rale avec la r\u00e9daction du \u00ab Monde \u00bb<\/p>\n<p>D\u00e9couvrir<\/p>\n<p> <\/a>      <\/p>\n<p> Newsletter  <\/p>\n<p> <a href=\"https:\/\/www.lemonde.fr\/newsletters\/a-la-une\/\" class=\"inread__link js-services-inread-link\" target=\"_blank\" rel=\"noopener\">  <\/p>\n<p>\u00ab A la une \u00bb<\/p>\n<p>Chaque matin, parcourez l&rsquo;essentiel de l&rsquo;actualit\u00e9 du jour avec les derniers titres du \u00ab Monde \u00bb<\/p>\n<p>S&rsquo;inscrire<\/p>\n<p> <\/a>          <\/p>\n<p> Le Monde Application  <\/p>\n<p> <a href=\"https:\/\/lamatinale.onelink.me\/gKMy\/ahw2ubr3\" class=\"inread__link js-services-inread-link\" target=\"_blank\" rel=\"noopener\">  <\/p>\n<p>La Matinale du Monde<\/p>\n<p>Chaque matin, retrouvez notre s\u00e9lection de 20 articles \u00e0 ne pas manquer <\/p>\n<p>T\u00e9l\u00e9charger l&rsquo;application<\/p>\n<p> <\/a>      <\/p>\n<p> Newsletter abonn\u00e9s  <\/p>\n<p> <a href=\"https:\/\/www.lemonde.fr\/newsletters\/international\/\" class=\"inread__link js-services-inread-link\" target=\"_blank\" rel=\"noopener\">  <\/p>\n<p>\u00ab International \u00bb<\/p>\n<p>L\u2019essentiel de l\u2019actualit\u00e9 internationale de la semaine<\/p>\n<p>S&rsquo;inscrire<\/p>\n<p> <\/a>             <\/p>\n<p class=\"article__paragraph  \">Le gouvernement aura le pouvoir de r\u00e9voquer le statut de r\u00e9fugi\u00e9 d\u2019une personne si celle-ci est jug\u00e9e \u00ab\u00a0dangereuse pour la s\u00e9curit\u00e9 de l\u2019Etat\u00a0\u00bb, ou condamn\u00e9e pour un crime grave. Le gouvernement envisage \u00e9galement de limiter le nombre de visas \u00e9tudiants.<\/p>\n<p class=\"article__paragraph  \">Le premier ministre, Micheal Martin, a estim\u00e9 r\u00e9cemment que l\u2019Irlande devait \u00ab\u00a0se pr\u00e9parer\u00a0\u00bb aux \u00ab\u00a0r\u00e9percussions\u00a0\u00bb possibles du durcissement des r\u00e8gles d\u2019asile annonc\u00e9 il y a une dizaine de jours par le Royaume-Uni. Selon Jim O\u2019Callaghan, 87\u00a0% des personnes qui ont demand\u00e9 l\u2019asile en R\u00e9publique d\u2019Irlande arrivaient via l\u2019Irlande du Nord, province du Royaume-Uni avec laquelle elle partage une fronti\u00e8re.<\/p>\n<p>                                       Lire aussi |  <a href=\"https:\/\/www.lemonde.fr\/international\/article\/2025\/08\/24\/confronte-a-des-manifestations-anti-immigration-londres-promet-des-mesures-pour-accelerer-les-recours-des-demandeurs-d-asile_6634447_3210.html\" class=\"js-article-read-also catcher--favoris__link\" data-premium=\"\" id=\"article-title-3435275\" target=\"_blank\" rel=\"noopener\">Confront\u00e9 \u00e0 des manifestations anti-immigration, Londres promet des mesures pour acc\u00e9l\u00e9rer les recours des demandeurs d\u2019asile<\/a>    <\/p>\n<p>   Lire plus tard  <\/p>\n<p class=\"author__detail\">  Le Monde avec AFP  <\/p>\n<p>                <a href=\"https:\/\/www.lemonde.fr\/syndication\/\" class=\"reuse__content\" title=\"R\u00e9utiliser ce contenu\" target=\"_blank\" rel=\"noopener\">R\u00e9utiliser ce contenu<\/a>      <\/p>\n","protected":false},"excerpt":{"rendered":"Un campement de fortune install\u00e9 le long des berges du grand canal, \u00e0 l\u2019ouest de Dublin, le 21\u00a0mai&hellip;\n","protected":false},"author":2,"featured_media":561097,"comment_status":"","ping_status":"","sticky":false,"template":"","format":"standard","meta":{"footnotes":""},"categories":[1888],"tags":[1111,1928,11,1927,1777,674,1011,27,12,1926,626,1925,25],"class_list":{"0":"post-561096","1":"post","2":"type-post","3":"status-publish","4":"format-standard","5":"has-post-thumbnail","7":"category-paris","8":"tag-actu","9":"tag-actu-paris","10":"tag-actualites","11":"tag-actualites-paris","12":"tag-eu","13":"tag-europe","14":"tag-fr","15":"tag-france","16":"tag-news","17":"tag-news-paris","18":"tag-paris","19":"tag-paris-news","20":"tag-republique-francaise"},"share_on_mastodon":{"url":"https:\/\/pubeurope.com\/@fr\/115618799102875187","error":""},"_links":{"self":[{"href":"https:\/\/www.europesays.com\/fr\/wp-json\/wp\/v2\/posts\/561096","targetHints":{"allow":["GET"]}}],"collection":[{"href":"https:\/\/www.europesays.com\/fr\/wp-json\/wp\/v2\/posts"}],"about":[{"href":"https:\/\/www.europesays.com\/fr\/wp-json\/wp\/v2\/types\/post"}],"author":[{"embeddable":true,"href":"https:\/\/www.europesays.com\/fr\/wp-json\/wp\/v2\/users\/2"}],"replies":[{"embeddable":true,"href":"https:\/\/www.europesays.com\/fr\/wp-json\/wp\/v2\/comments?post=561096"}],"version-history":[{"count":0,"href":"https:\/\/www.europesays.com\/fr\/wp-json\/wp\/v2\/posts\/561096\/revisions"}],"wp:featuredmedia":[{"embeddable":true,"href":"https:\/\/www.europesays.com\/fr\/wp-json\/wp\/v2\/media\/561097"}],"wp:attachment":[{"href":"https:\/\/www.europesays.com\/fr\/wp-json\/wp\/v2\/media?parent=561096"}],"wp:term":[{"taxonomy":"category","embeddable":true,"href":"https:\/\/www.europesays.com\/fr\/wp-json\/wp\/v2\/categories?post=561096"},{"taxonomy":"post_tag","embeddable":true,"href":"https:\/\/www.europesays.com\/fr\/wp-json\/wp\/v2\/tags?post=561096"}],"curies":[{"name":"wp","href":"https:\/\/api.w.org\/{rel}","templated":true}]}}