{"id":561098,"date":"2025-11-27T00:20:29","date_gmt":"2025-11-27T00:20:29","guid":{"rendered":"https:\/\/www.europesays.com\/fr\/561098\/"},"modified":"2025-11-27T00:20:29","modified_gmt":"2025-11-27T00:20:29","slug":"jy-vais-tres-souvent-entre-paris-et-son-refuge-du-sud-carole-gaessler-sadonne-a-une-activite-de-plus-en-plus-populaire-et-economiquement-a-la-portee-de-tous","status":"publish","type":"post","link":"https:\/\/www.europesays.com\/fr\/561098\/","title":{"rendered":"\u00ab\u00a0J&rsquo;y vais tr\u00e8s souvent\u00a0\u00bb : Entre Paris et son refuge du Sud, Carole Gaessler s&rsquo;adonne \u00e0 une activit\u00e9 de plus en plus populaire et \u00e9conomiquement \u00e0 la port\u00e9e de tous"},"content":{"rendered":"<p>                <img loading=\"lazy\" decoding=\"async\" src=\"https:\/\/www.europesays.com\/fr\/wp-content\/uploads\/2025\/04\/121-62909a850c1a7-35x35-1.jpg\" class=\"author-article-picture\" width=\"35\" height=\"35\"\/><\/p>\n<p>                    Par<\/p>\n<p>                                            <a class=\"author-article-bio-link\" href=\"https:\/\/www.purepeople.com\/auteur\/bertrand-bielle_a121\" target=\"_blank\" rel=\"noopener\">Bertrand Bielle<\/a><\/p>\n<p>                    |<\/p>\n<p>                                            Journaliste<\/p>\n<p>\n                Curieux de nature, Bertrand est toujours \u00e0 l\u2019affut du moindre petit scoop. Passionn\u00e9 par le football, il n\u2019est jamais bien loin du ballon rond et de toutes les actualit\u00e9s qui en d\u00e9coulent. Toutefois, l\u2019\u00e9v\u00e8nementiel du showbiz ou de la politique fait \u00e9galement partie de ses recherches journalistiques privil\u00e9gi\u00e9es.\n            <\/p>\n<p>\n    Carole Gaessler, qui est \u00e0 retrouver ce mercredi soir sur France 2 o\u00f9 elle anime un d\u00e9bat sur les femmes sous emprise, a une passion \u00e9conomiquement int\u00e9ressante, qu&rsquo;elle partage avec environ 30% de la population fran\u00e7aise. Rien que \u00e7a ! De quoi s&rsquo;agit-il ?\n<\/p>\n<p>                            <img loading=\"lazy\" decoding=\"async\" class=\"player-thumbnail\" src=\"https:\/\/www.europesays.com\/fr\/wp-content\/uploads\/2025\/11\/a74b23336e9ec6cb-580x326-1.jpg\" width=\"580\" height=\"326\"\/><\/p>\n<p>                            \u00ab\u00a0J&rsquo;y vais tr\u00e8s souvent\u00a0\u00bb : Entre Paris et son refuge du Sud, Carole Gaessler s&rsquo;adonne \u00e0 une activit\u00e9 de plus en plus populaire et \u00e9conomiquement \u00e0 la port\u00e9e de tous<\/p>\n<p>La suite apr\u00e8s la publicit\u00e9<\/p>\n<p>Suite \u00e0 la diffusion du film L&rsquo;Amour et les For\u00eats, de Val\u00e9rie Donzelli, <a href=\"https:\/\/www.purepeople.com\/people\/carole-gaessler_p1166\" target=\"_blank\" rel=\"noopener\">Carole Gaessler<\/a> anime un d\u00e9bat consacr\u00e9 aux relations d&#8217;emprise dans lesquelles les femmes sont susceptibles de tomber. Celui-ci est \u00e0 d\u00e9couvrir ce mercredi 26 novembre \u00e0 22h50 sur France 2. L&rsquo;occasion de s&rsquo;int\u00e9resser \u00e0 l&rsquo;animatrice des Racines et des Ailes, notamment \u00e0 cette activit\u00e9 qu&rsquo;elle adore, que ce soit \u00e0 Paris ou dans son refuge du Sud, elle qui habite \u00e0 temps partiel dans un village pittoresque de 1000 habitants dans le <a href=\"https:\/\/www.purepeople.com\/article\/carole-gaessler-ce-village-pittoresque-de-1000-habitants-dans-le-luberon-ou-elle-fait-son-miel-de-lavande-et-son-huile-essentielle_a534785\/1\" target=\"_blank\" rel=\"noopener\">Luberon<\/a>, o\u00f9 elle a pos\u00e9 ses valises il y a quelques ann\u00e9es avec son \u00e9poux <a href=\"https:\/\/www.purepeople.com\/article\/plus-sain-pour-mes-enfants-carole-gaessler-des-racines-et-des-ailes-et-son-mari-franck-ont-fait-un-choix-qu-ils-ne-regrettent-pas_a544522\/1\" target=\"_blank\" rel=\"noopener\">Franck <\/a>(avec qui elle est mari\u00e9e depuis 1997, et m\u00e8re de deux enfants : <a href=\"https:\/\/www.purepeople.com\/article\/-je-ne-veux-plus-en-entendre-parler-carole-gaessler-intraitable-avec-ses-enfants-et-elle-l-assume_a519239\/1\" target=\"_blank\" rel=\"noopener\">Margaux n\u00e9e en 1999 et Arthur n\u00e9 en 2011<\/a>).\u00a0<\/p>\n<p><strong>\u00ab\u00a0<\/strong><strong>J&rsquo;aime bien chiner aux puces. J&rsquo;y vais tr\u00e8s souvent. Et si vous y allez t\u00f4t le matin, vous pouvez trouver des petits objets art d\u00e9co. <\/strong>J&rsquo;avais trouv\u00e9 une toute petite lampe avec de l&rsquo;opaline, que je trouvais tr\u00e8s mimi. Sinon, je n&rsquo;ai pas grand-chose en Art d\u00e9co.\u00a0\u00bb, confiait-elle ce mois-ci \u00e0 nos confr\u00e8res du magazine T\u00e9l\u00e9-Loisirs.\u00a0<\/p>\n<p>Carole Gaessler adore \u00ab\u00a0chiner\u00a0\u00bb, elle n&rsquo;est pas la seule en France et loin de l\u00e0<\/p>\n<p><strong>Selon l\u2019Ifop, 30% de la population fran\u00e7aise fr\u00e9quente plusieurs fois dans l\u2019ann\u00e9e\u00a0les brocantes et les vides-greniers. <\/strong>C&rsquo;est ce qui est rappel\u00e9 par France Inter. On pense notamment, en premier, \u00e0 la fameuse Braderie de Lille, \u00ab\u00a0la\u00a0plus massive\u00a0d\u2019Europe\u00a0\u00bb. Cette ann\u00e9e,\u00a0\u00ab\u00a0elle\u00a0a r\u00e9uni pr\u00e8s de 5 500 exposants pour 60 kilom\u00e8tres d\u2019\u00e9tal\u00a0\u00bb.<\/p>\n<p>\u00ab\u00a0Si les Fran\u00e7ais adorent les brocantes, c\u2019est d\u2019abord\u00a0parce\u00a0qu\u2019ils adorent chiner, chercher sans savoir\u00a0\u00bb, indique France Inter. Mais c&rsquo;est aussi parce que<strong> \u00ab\u00a0<\/strong><strong>se\u00a0promener\u00a0en brocante\u00a0signifie\u00a0chercher\u00a0les bons plans\u00a0et les petits prix\u00a0pour soi et ses enfants, d\u2019o\u00f9 la grande popularit\u00e9 des v\u00eatements de sport dans ce qui se vend le plus en brocante<\/strong><strong>\u00ab\u00a0. Cela fait \u00ab\u00a0<\/strong><strong>partie d\u2019une\u00a0\u00e9conomie informelle, une \u00e9conomie\u00a0de\u00a0la\u00a0d\u00e9brouille et du\u00a0troc <\/strong>dans laquelle se sont\u00a0d\u00e9j\u00e0\u00a0engouffr\u00e9s Vinted et Leboncoin\u00a0\u00bb. Une activit\u00e9 qui est donc \u00e9conomiquement \u00e0 la port\u00e9e de tous.<\/p>\n<p>\u00ab\u00a0Chaque ann\u00e9e, plus de 50\u00a0000 brocantes, foires et vide-greniers sont organis\u00e9s\u00a0sur\u00a0l\u2019ensemble du territoire.\u00a0\u00bb<\/p>\n","protected":false},"excerpt":{"rendered":"Par Bertrand Bielle | Journaliste Curieux de nature, Bertrand est toujours \u00e0 l\u2019affut du moindre petit scoop. Passionn\u00e9&hellip;\n","protected":false},"author":2,"featured_media":561099,"comment_status":"","ping_status":"","sticky":false,"template":"","format":"standard","meta":{"footnotes":""},"categories":[1888],"tags":[1111,1928,11,1927,1777,674,1011,27,12,1926,626,1925,25],"class_list":{"0":"post-561098","1":"post","2":"type-post","3":"status-publish","4":"format-standard","5":"has-post-thumbnail","7":"category-paris","8":"tag-actu","9":"tag-actu-paris","10":"tag-actualites","11":"tag-actualites-paris","12":"tag-eu","13":"tag-europe","14":"tag-fr","15":"tag-france","16":"tag-news","17":"tag-news-paris","18":"tag-paris","19":"tag-paris-news","20":"tag-republique-francaise"},"share_on_mastodon":{"url":"https:\/\/pubeurope.com\/@fr\/115618803141902544","error":""},"_links":{"self":[{"href":"https:\/\/www.europesays.com\/fr\/wp-json\/wp\/v2\/posts\/561098","targetHints":{"allow":["GET"]}}],"collection":[{"href":"https:\/\/www.europesays.com\/fr\/wp-json\/wp\/v2\/posts"}],"about":[{"href":"https:\/\/www.europesays.com\/fr\/wp-json\/wp\/v2\/types\/post"}],"author":[{"embeddable":true,"href":"https:\/\/www.europesays.com\/fr\/wp-json\/wp\/v2\/users\/2"}],"replies":[{"embeddable":true,"href":"https:\/\/www.europesays.com\/fr\/wp-json\/wp\/v2\/comments?post=561098"}],"version-history":[{"count":0,"href":"https:\/\/www.europesays.com\/fr\/wp-json\/wp\/v2\/posts\/561098\/revisions"}],"wp:featuredmedia":[{"embeddable":true,"href":"https:\/\/www.europesays.com\/fr\/wp-json\/wp\/v2\/media\/561099"}],"wp:attachment":[{"href":"https:\/\/www.europesays.com\/fr\/wp-json\/wp\/v2\/media?parent=561098"}],"wp:term":[{"taxonomy":"category","embeddable":true,"href":"https:\/\/www.europesays.com\/fr\/wp-json\/wp\/v2\/categories?post=561098"},{"taxonomy":"post_tag","embeddable":true,"href":"https:\/\/www.europesays.com\/fr\/wp-json\/wp\/v2\/tags?post=561098"}],"curies":[{"name":"wp","href":"https:\/\/api.w.org\/{rel}","templated":true}]}}