{"id":561106,"date":"2025-11-27T00:24:26","date_gmt":"2025-11-27T00:24:26","guid":{"rendered":"https:\/\/www.europesays.com\/fr\/561106\/"},"modified":"2025-11-27T00:24:26","modified_gmt":"2025-11-27T00:24:26","slug":"guerre-en-ukraine-steve-witkoff-le-mediateur-qui-souffle-a-loreille-des-russes","status":"publish","type":"post","link":"https:\/\/www.europesays.com\/fr\/561106\/","title":{"rendered":"Guerre en Ukraine\u00a0:\u00a0Steve Witkoff, le m\u00e9diateur qui souffle \u00e0 l\u2019oreille des Russes"},"content":{"rendered":"<p>\n    <strong>D\u00c9CRYPTAGE <\/strong>&#8211; Le n\u00e9gociateur sp\u00e9cial de Donald Trump aurait conseill\u00e9 le Kremlin sur la fa\u00e7on de pr\u00e9senter le plan de paix au pr\u00e9sident am\u00e9ricain.<\/p>\n<p class=\"fig-paragraph\">La r\u00e9v\u00e9lation d\u2019une conversation entre\u00a0<a href=\"http:\/\/www.lefigaro.fr\/international\/du-moyen-orient-a-l-ukraine-steve-witkoff-l-emissaire-de-donald-trump-sur-tous-les-fronts-20250312\" data-fig-type=\"Article\" data-gtm-custom-categorie=\"navigation\" data-gtm-custom-action=\"crossclick\" data-gtm-custom-label=\"Contextuel\" data-gtm-event=\"customEventSPE\" data-fig-domain=\"LEFIGARO\" target=\"_blank\" rel=\"noopener\">Steve Witkoff<\/a>\u00a0et le Kremlin vient confirmer l\u2019influence de Moscou sur le plan de paix que Washington veut imposer \u00e0 l\u2019Ukraine. Dans\u00a0<a href=\"http:\/\/www.lefigaro.fr\/international\/guerre-en-ukraine-comment-steve-witkoff-a-donne-des-conseils-a-moscou-pour-s-adresser-a-trump-selon-bloomberg-20251125\" data-fig-type=\"NewsFlash\" data-gtm-custom-categorie=\"navigation\" data-gtm-custom-action=\"crossclick\" data-gtm-custom-label=\"Contextuel\" data-gtm-event=\"customEventSPE\" data-fig-domain=\"LEFIGARO\" target=\"_blank\" rel=\"noopener\">un entretien r\u00e9v\u00e9l\u00e9 par l\u2019agence Bloomberg<\/a>, le repr\u00e9sentant sp\u00e9cial de\u00a0<a href=\"http:\/\/www.lefigaro.fr\/international\/donald-trump-s-en-prend-au-new-york-times-apres-un-article-sur-son-age-20251126\" data-fig-type=\"NewsFlash\" data-gtm-custom-categorie=\"navigation\" data-gtm-custom-action=\"crossclick\" data-gtm-custom-label=\"Contextuel\" data-gtm-event=\"customEventSPE\" data-fig-domain=\"LEFIGARO\" target=\"_blank\" rel=\"noopener\">Trump\u00a0<\/a>donne \u00e0 un conseiller de\u00a0<a href=\"http:\/\/www.lefigaro.fr\/international\/donald-trump-et-vladimir-poutine-main-dans-la-main-pour-faire-plier-l-ukraine-20251121\" data-fig-type=\"Article\" data-gtm-custom-categorie=\"navigation\" data-gtm-custom-action=\"crossclick\" data-gtm-custom-label=\"Contextuel\" data-gtm-event=\"customEventSPE\" data-fig-domain=\"LEFIGARO\" target=\"_blank\" rel=\"noopener\">Poutine\u00a0<\/a>des recommandations sur la fa\u00e7on de pr\u00e9senter ce plan au pr\u00e9sident am\u00e9ricain. Cette conversation \u00e9claire aussi sur la fa\u00e7on dont il a \u00e9t\u00e9 n\u00e9goci\u00e9, ses 28\u00a0points reprenant plusieurs revendications de la Russie, et comprenant d\u2019int\u00e9ressantes\u00a0<a href=\"http:\/\/www.lefigaro.fr\/international\/plan-de-paix-pour-l-ukraine-les-europeens-resistent-au-hold-up-de-donald-trump-a-kiev-20251125\" data-fig-type=\"Article\" data-gtm-custom-categorie=\"navigation\" data-gtm-custom-action=\"crossclick\" data-gtm-custom-label=\"Contextuel\" data-gtm-event=\"customEventSPE\" data-fig-domain=\"LEFIGARO\" target=\"_blank\" rel=\"noopener\">retomb\u00e9es financi\u00e8res pour les \u00c9tats-Unis<\/a>. Les critiques de Witkoff ont vu ces r\u00e9v\u00e9lations comme la validation de leurs r\u00e9serves sur le r\u00f4le jou\u00e9 par l\u2019homme d\u2019affaires et ami de Trump dans les n\u00e9gociations, auxquels ils reprochent sa totale inexp\u00e9rience diplomatique, mais aussi sa tendance \u00e0 r\u00e9guli\u00e8rement adopter le point de vue russe.<\/p>\n<p class=\"fig-paragraph\">L\u2019id\u00e9e d\u2019un nouveau\u00a0<a href=\"http:\/\/www.lefigaro.fr\/international\/plan-de-paix-americain-pour-l-ukraine-que-contient-la-contre-proposition-europeenne-20251124\" data-fig-type=\"Article\" data-gtm-custom-categorie=\"navigation\" data-gtm-custom-action=\"crossclick\" data-gtm-custom-label=\"Contextuel\" data-gtm-event=\"customEventSPE\" data-fig-domain=\"LEFIGARO\" target=\"_blank\" rel=\"noopener\">plan de paix pour l\u2019Ukraine<\/a>\u00a0aurait \u00e9t\u00e9 lanc\u00e9e par les Am\u00e9ricains apr\u00e8s le succ\u00e8s remport\u00e9 par celui impos\u00e9 \u00e0 Isra\u00ebl et \u00e0 Gaza\u2026<\/p>\n<p class=\"fig-premium-paywall__infos\">\n        Cet article est r\u00e9serv\u00e9 aux abonn\u00e9s.        Il vous reste 85% \u00e0 d\u00e9couvrir.\n    <\/p>\n<p>                <img  data- alt=\"Le Figaro\" class=\"fig-img--complete fig-img\"\/><\/p>\n<p class=\"fig-premium-paywall__title\">Black Friday<\/p>\n<p class=\"fig-premium-paywall__subtitle\">-70% sur l&rsquo;abonnement num\u00e9rique<\/p>\n<p class=\"fig-premium-paywall__connect\">\n                D\u00e9j\u00e0 abonn\u00e9\u00a0?                <a class=\"fig-premium-paywall__connect-link\" href=\"https:\/\/connect.lefigaro.fr\/login?client=horizon_web&amp;type=main&amp;redirect_uri=https%3A%2F%2Fwww.lefigaro.fr%2Finternational%2Fguerre-en-ukraine-steve-witkoff-le-mediateur-qui-souffle-a-l-oreille-des-russes-20251126\" data-js-gtm=\"{&quot;customCategorie&quot;: &quot;conversion&quot;, &quot;customAction&quot;: &quot;before_Landing_Connexion_paywall_auto&quot;, &quot;customLabel&quot;: &quot;bGVmaWdhcm8uZnJfXzFmMGNhZDQxLWRiZWUtNjM3Yy05YzhjLTFmMzZmYWNjNmY2Zl9fQXJ0aWNsZQ==_Guerre en Ukraine\u00a0:\u00a0Steve Witkoff, le m\u00e9diateur qui souffle \u00e0 l\u2019oreille des Russes_141&quot;, &quot;customIDSPE&quot;: &quot;bGVmaWdhcm8uZnJfXzFmMGNhZDQxLWRiZWUtNjM3Yy05YzhjLTFmMzZmYWNjNmY2Zl9fQXJ0aWNsZQ==&quot;, &quot;event&quot;: &quot;customEventSPE&quot;}\" target=\"_blank\" rel=\"noopener\"><br \/>\n                    Connectez-vous<br \/>\n                <\/a>\n            <\/p>\n","protected":false},"excerpt":{"rendered":"D\u00c9CRYPTAGE &#8211; Le n\u00e9gociateur sp\u00e9cial de Donald Trump aurait conseill\u00e9 le Kremlin sur la fa\u00e7on de pr\u00e9senter le&hellip;\n","protected":false},"author":2,"featured_media":561107,"comment_status":"","ping_status":"","sticky":false,"template":"","format":"standard","meta":{"footnotes":""},"categories":[1590],"tags":[11,75,1777,674,131,12,132,220,135],"class_list":{"0":"post-561106","1":"post","2":"type-post","3":"status-publish","4":"format-standard","5":"has-post-thumbnail","7":"category-ukraine","8":"tag-actualites","9":"tag-donald-trump","10":"tag-eu","11":"tag-europe","12":"tag-guerre-en-ukraine","13":"tag-news","14":"tag-russie","15":"tag-ukraine","16":"tag-vladimir-poutine"},"share_on_mastodon":{"url":"https:\/\/pubeurope.com\/@fr\/115618818717462255","error":""},"_links":{"self":[{"href":"https:\/\/www.europesays.com\/fr\/wp-json\/wp\/v2\/posts\/561106","targetHints":{"allow":["GET"]}}],"collection":[{"href":"https:\/\/www.europesays.com\/fr\/wp-json\/wp\/v2\/posts"}],"about":[{"href":"https:\/\/www.europesays.com\/fr\/wp-json\/wp\/v2\/types\/post"}],"author":[{"embeddable":true,"href":"https:\/\/www.europesays.com\/fr\/wp-json\/wp\/v2\/users\/2"}],"replies":[{"embeddable":true,"href":"https:\/\/www.europesays.com\/fr\/wp-json\/wp\/v2\/comments?post=561106"}],"version-history":[{"count":0,"href":"https:\/\/www.europesays.com\/fr\/wp-json\/wp\/v2\/posts\/561106\/revisions"}],"wp:featuredmedia":[{"embeddable":true,"href":"https:\/\/www.europesays.com\/fr\/wp-json\/wp\/v2\/media\/561107"}],"wp:attachment":[{"href":"https:\/\/www.europesays.com\/fr\/wp-json\/wp\/v2\/media?parent=561106"}],"wp:term":[{"taxonomy":"category","embeddable":true,"href":"https:\/\/www.europesays.com\/fr\/wp-json\/wp\/v2\/categories?post=561106"},{"taxonomy":"post_tag","embeddable":true,"href":"https:\/\/www.europesays.com\/fr\/wp-json\/wp\/v2\/tags?post=561106"}],"curies":[{"name":"wp","href":"https:\/\/api.w.org\/{rel}","templated":true}]}}