{"id":561108,"date":"2025-11-27T00:25:21","date_gmt":"2025-11-27T00:25:21","guid":{"rendered":"https:\/\/www.europesays.com\/fr\/561108\/"},"modified":"2025-11-27T00:25:21","modified_gmt":"2025-11-27T00:25:21","slug":"donald-trump-annonce-exclure-lafrique-du-sud-du-sommet-du-g20-a-miami-en-2026","status":"publish","type":"post","link":"https:\/\/www.europesays.com\/fr\/561108\/","title":{"rendered":"Donald Trump annonce exclure l\u2019Afrique du Sud du sommet du G20 \u00e0 Miami en\u00a02026"},"content":{"rendered":"<p>                      <img loading=\"lazy\" decoding=\"async\" src=\"https:\/\/www.europesays.com\/fr\/wp-content\/uploads\/2025\/11\/1162624_ftp-import-images-1-p5yejzts4lqf-2025-07-23t150244z-735990712-rc2gmeaz49w0-rtrmadp-3-usa-saf.jpeg\" alt=\"Donald Trump et le pr\u00e9sident sud-africain, Cyril Ramaphosa, dans le Bureau ovale, \u00e0 la Maison Blanche, \u00e0 Washington, le 21\u00a0mai 2025.\"   width=\"664\" height=\"443\"\/>    Donald Trump et le pr\u00e9sident sud-africain, Cyril Ramaphosa, dans le Bureau ovale, \u00e0 la Maison Blanche, \u00e0 Washington, le 21\u00a0mai 2025.  KEVIN LAMARQUE\/REUTERS                          <\/p>\n<p class=\"article__paragraph  \">Donald Trump a annonc\u00e9, mercredi 26\u00a0novembre, que l\u2019Afrique du Sud ne serait pas invit\u00e9e au sommet du G20 l\u2019an prochain \u00e0 Miami, franchissant encore un palier dans son offensive diplomatique contre le pays.<\/p>\n<p>                                            Lire aussi |  Article r\u00e9serv\u00e9 \u00e0 nos abonn\u00e9s  <a href=\"https:\/\/www.lemonde.fr\/afrique\/article\/2025\/11\/22\/g20-en-afrique-du-sud-comment-les-etats-unis-ont-tente-de-torpiller-le-sommet_6654378_3212.html\" class=\"js-article-read-also catcher--favoris__link\" data-premium=\"1\" id=\"article-title-3446306\" target=\"_blank\" rel=\"noopener\">G20\u00a0en Afrique du Sud\u00a0: comment les Etats-Unis ont tent\u00e9 de torpiller le sommet<\/a>    <\/p>\n<p>   Lire plus tard  <\/p>\n<p class=\"article__paragraph  \">\u00ab\u00a0L\u2019Afrique du Sud a montr\u00e9 au monde qu\u2019elle n\u2019\u00e9tait pas un pays digne d\u2019\u00eatre membre de quoi que ce soit\u00a0\u00bb, a \u00e9crit le pr\u00e9sident am\u00e9ricain sur son r\u00e9seau Truth Social, en reprenant ses accusations d\u2019une pr\u00e9tendue pers\u00e9cution meurtri\u00e8re des fermiers sud-africains blancs.<\/p>\n<p class=\"article__paragraph  \">Donald Trump a boud\u00e9 le sommet du G20 qui vient de se tenir \u00e0 Johannesburg et qui s\u2019est d\u00e9roul\u00e9 sans aucune participation officielle am\u00e9ricaine. Le pr\u00e9sident d\u2019Afrique du Sud, Cyril Ramaphosa, a refus\u00e9 de transmettre formellement la pr\u00e9sidence du G20 au prochain pays h\u00f4te, c\u2019est-\u00e0-dire les Etats-Unis, comme le veut l\u2019usage.<\/p>\n<p>                                       Lire aussi les faits |  Article r\u00e9serv\u00e9 \u00e0 nos abonn\u00e9s  <a href=\"https:\/\/www.lemonde.fr\/afrique\/article\/2025\/03\/16\/les-relations-entre-l-afrique-du-sud-et-les-etats-unis-se-degradent-encore-apres-l-eviction-brutale-de-l-ambassadeur-ebrahim-rasool_6581947_3212.html\" class=\"js-article-read-also catcher--favoris__link\" data-premium=\"1\" id=\"article-title-3414453\" target=\"_blank\" rel=\"noopener\">Les relations entre l\u2019Afrique du Sud et les Etats-Unis se d\u00e9gradent encore apr\u00e8s l\u2019\u00e9viction brutale de l\u2019ambassadeur Ebrahim Rasool<\/a>    <\/p>\n<p>   Lire plus tard  <\/p>\n<p>                          Le pr\u00e9sident sud-africain pi\u00e9g\u00e9 par Trump                    <\/p>\n<p class=\"article__paragraph  \">Le gouvernement sud-africain est pris pour cible par le pr\u00e9sident am\u00e9ricain depuis son retour \u00e0 la Maison Blanche, notamment sur un pr\u00e9tendu \u00ab\u00a0g\u00e9nocide\u00a0\u00bb des Afrikaners, ces descendants des premiers colons europ\u00e9ens.<\/p>\n<p class=\"article__paragraph  \">En mai, \u00e0 la Maison Blanche, Donald Trump avait tendu une v\u00e9ritable embuscade \u00e0 Cyril Ramaphosa en lui montrant une vid\u00e9o truff\u00e9e d\u2019erreurs cens\u00e9e prouver ses accusations, que l\u2019Afrique du Sud rejette.<\/p>\n<p class=\"article__paragraph  \">Le sommet du G20, un format qui rassemble les vingt premi\u00e8res \u00e9conomies mondiales, doit se tenir en d\u00e9cembre\u00a02026 dans un complexe de golf appartenant \u00e0 la famille du pr\u00e9sident am\u00e9ricain, le Trump National Doral Miami, en Floride, dans le sud des Etats-Unis.<\/p>\n<p>                                       Lire aussi |  Article r\u00e9serv\u00e9 \u00e0 nos abonn\u00e9s  <a href=\"https:\/\/www.lemonde.fr\/afrique\/article\/2025\/04\/04\/tarifs-douaniers-l-afrique-du-sud-a-nouveau-punie-par-donald-trump_6591106_3212.html\" class=\"js-article-read-also catcher--favoris__link\" data-premium=\"1\" id=\"article-title-3417120\" target=\"_blank\" rel=\"noopener\">Tarifs douaniers\u00a0: l\u2019Afrique du Sud \u00e0 nouveau \u00ab\u00a0punie\u00a0\u00bb par Donald Trump<\/a>    <\/p>\n<p>   Lire plus tard  <\/p>\n<p class=\"author__detail\">  Le Monde avec AFP  <\/p>\n<p>                <a href=\"https:\/\/www.lemonde.fr\/syndication\/\" class=\"reuse__content\" title=\"R\u00e9utiliser ce contenu\" target=\"_blank\" rel=\"noopener\">R\u00e9utiliser ce contenu<\/a>      <\/p>\n","protected":false},"excerpt":{"rendered":"Donald Trump et le pr\u00e9sident sud-africain, Cyril Ramaphosa, dans le Bureau ovale, \u00e0 la Maison Blanche, \u00e0 Washington,&hellip;\n","protected":false},"author":2,"featured_media":561109,"comment_status":"","ping_status":"","sticky":false,"template":"","format":"standard","meta":{"footnotes":""},"categories":[1589],"tags":[11,73,1866,12,1864,1865,1863,308],"class_list":{"0":"post-561108","1":"post","2":"type-post","3":"status-publish","4":"format-standard","5":"has-post-thumbnail","7":"category-etats-unis","8":"tag-actualites","9":"tag-etats-unis","10":"tag-etats-unis-damerique","11":"tag-news","12":"tag-united-states","13":"tag-united-states-of-america","14":"tag-us","15":"tag-usa"},"share_on_mastodon":{"url":"https:\/\/pubeurope.com\/@fr\/115618823193618147","error":""},"_links":{"self":[{"href":"https:\/\/www.europesays.com\/fr\/wp-json\/wp\/v2\/posts\/561108","targetHints":{"allow":["GET"]}}],"collection":[{"href":"https:\/\/www.europesays.com\/fr\/wp-json\/wp\/v2\/posts"}],"about":[{"href":"https:\/\/www.europesays.com\/fr\/wp-json\/wp\/v2\/types\/post"}],"author":[{"embeddable":true,"href":"https:\/\/www.europesays.com\/fr\/wp-json\/wp\/v2\/users\/2"}],"replies":[{"embeddable":true,"href":"https:\/\/www.europesays.com\/fr\/wp-json\/wp\/v2\/comments?post=561108"}],"version-history":[{"count":0,"href":"https:\/\/www.europesays.com\/fr\/wp-json\/wp\/v2\/posts\/561108\/revisions"}],"wp:featuredmedia":[{"embeddable":true,"href":"https:\/\/www.europesays.com\/fr\/wp-json\/wp\/v2\/media\/561109"}],"wp:attachment":[{"href":"https:\/\/www.europesays.com\/fr\/wp-json\/wp\/v2\/media?parent=561108"}],"wp:term":[{"taxonomy":"category","embeddable":true,"href":"https:\/\/www.europesays.com\/fr\/wp-json\/wp\/v2\/categories?post=561108"},{"taxonomy":"post_tag","embeddable":true,"href":"https:\/\/www.europesays.com\/fr\/wp-json\/wp\/v2\/tags?post=561108"}],"curies":[{"name":"wp","href":"https:\/\/api.w.org\/{rel}","templated":true}]}}