{"id":561112,"date":"2025-11-27T00:27:17","date_gmt":"2025-11-27T00:27:17","guid":{"rendered":"https:\/\/www.europesays.com\/fr\/561112\/"},"modified":"2025-11-27T00:27:17","modified_gmt":"2025-11-27T00:27:17","slug":"moteurs-thermiques-bruxelles-envisage-des-assouplissements-pour-2035-sous-pression-de-lallemagne","status":"publish","type":"post","link":"https:\/\/www.europesays.com\/fr\/561112\/","title":{"rendered":"Moteurs thermiques : Bruxelles envisage des assouplissements pour 2035, sous pression de l\u2019Allemagne"},"content":{"rendered":"<p>Sous la pression de Berlin , la Commission europ\u00e9enne envisage d\u2019assouplir l\u2019interdiction des moteurs thermiques pr\u00e9vue pour 2035. \u00c0 Stuttgart, le vice-pr\u00e9sident St\u00e9phane S\u00e9journ\u00e9 a laiss\u00e9 entendre que certaines technologies pourraient encore \u00eatre autoris\u00e9es au-del\u00e0 de cette date.<\/p>\n<p>St\u00e9phane S\u00e9journ\u00e9, vice-pr\u00e9sident de la Commission europ\u00e9enne a laiss\u00e9 entendre que certaines technologies pourraient encore \u00eatre autoris\u00e9es au-del\u00e0 de 2035.<\/p>\n<p>La Commission europ\u00e9enne pourrait revoir l\u2019interdiction des ventes de voitures neuves \u00e0 moteurs thermiques en 2035, a indiqu\u00e9 St\u00e9phane S\u00e9journ\u00e9 vice-pr\u00e9sident de l&rsquo;ex\u00e9cutif europ\u00e9en. Une inflexion potentielle majeure, alors que <a href=\"https:\/\/journalauto.com\/industrie\/lallemagne-met-trois-milliards-deuros-sur-la-table-pour-soutenir-lachat-de-voitures-electriques\/\" target=\"_blank\" rel=\"noopener\">Berlin multiplie les alertes sur l\u2019\u00e9tat de son industrie automobil<\/a>e, bouscul\u00e9e par la transition \u00e9lectrique et la concurrence chinoise.<\/p>\n<p>\u00a0<\/p>\n<p>Lors d&rsquo;un sommet du secteur automobile organis\u00e9 \u00e0 Stuttgart, le commissaire europ\u00e9en a assur\u00e9 que \u00ab\u00a0l\u2019Europe est pr\u00eate \u00e0 activer tous les leviers pour faire r\u00e9ussir l\u2019industrie automobile europ\u00e9enne\u00a0\u00bb, un message directement adress\u00e9 au chancelier Friedrich Merz, tr\u00e8s engag\u00e9 dans le d\u00e9bat depuis cet \u00e9t\u00e9.<\/p>\n<p>\u00a0<\/p>\n<p>\u00ab\u00a0Adapter le chemin\u00a0\u00bb de la transition<\/p>\n<p>\u00a0<\/p>\n<p>St\u00e9phane S\u00e9journ\u00e9 a \u00e9voqu\u00e9 la possibilit\u00e9 d\u2019\u00a0\u00bbaccorder des flexibilit\u00e9s\u00a0\u00bb au calendrier europ\u00e9en, ouvrant la porte \u00e0 un \u00e9ventuel maintien de technologies thermiques ou hybrides apr\u00e8s 2035.<br \/>\u00ab\u00a0Vu le contexte international, un certain nombre de technologies pourraient \u00eatre autoris\u00e9es apr\u00e8s 2035\u00a0\u00bb, a-t-il d\u00e9clar\u00e9, afin d\u2019apporter \u00ab\u00a0une perspective claire pour les consommateurs\u00a0\u00bbsur les segments o\u00f9 l&rsquo;\u00e9lectrique peine \u00e0 s\u2019imposer.<\/p>\n<p>\u00a0<\/p>\n<p>\u00a0<\/p>\n<p>Le vice-pr\u00e9sident de la Commission n\u2019a toutefois donn\u00e9 aucun d\u00e9tail avant le 10 d\u00e9cembre, date \u00e0 laquelle Bruxelles doit pr\u00e9senter un train de mesures de soutien \u00e0 l\u2019industrie automobile.<\/p>\n<p>L\u2019Allemagne en difficult\u00e9 face \u00e0 l\u2019\u00e9lectrique<\/p>\n<p>\u00a0<\/p>\n<p>Depuis plusieurs mois, <a href=\"https:\/\/journalauto.com\/constructeurs\/lallemagne-monte-au-creneau-contre-la-fin-du-moteur-thermique-en-2035\/\" target=\"_blank\" rel=\"noopener\">les constructeurs allemands, soutenus par le chancelier, contestent la date butoir de 2035.<\/a> L\u2019industrie nationale, dont les profits chutent et qui a d\u00e9j\u00e0 annonc\u00e9 des plans sociaux massifs, accuse un retard dans l\u2019\u00e9lectromobilit\u00e9.<\/p>\n<p>\u00a0<\/p>\n<p>Selon le cabinet EY, plus de 50 000 emplois ont \u00e9t\u00e9 supprim\u00e9s en un an dans l\u2019automobile allemande, sur environ 800 000 salari\u00e9s. Le secteur souffre d\u2019un cumul de facteurs : la\u00a0comp\u00e9tition f\u00e9roce des marques chinoises, particuli\u00e8rement dans l&rsquo;\u00e9lectrique ; les\u00a0co\u00fbts \u00e9nerg\u00e9tiques en hausse depuis la guerre en Ukraine\u00a0 ; l&rsquo;affaiblissement de la demande mondiale et plus r\u00e9cemment des droits de douane am\u00e9ricains de 15 % sur les voitures europ\u00e9ennes.<\/p>\n<p>\u00a0<\/p>\n<p>Les constructeurs allemands plaident d\u00e9sormais pour la reconnaissance de technologies alternatives, comme les prolongateurs d\u2019autonomie et les hybrides rechargeables, afin d\u2019amortir la transition.<\/p>\n<p>\u00a0<\/p>\n<p>Berlin veut afficher une position unie<\/p>\n<p>\u00a0<\/p>\n<p>\u00ab\u00a0Nous avons sous-estim\u00e9 ce que l\u2019industrie chinoise a accompli ces derni\u00e8res ann\u00e9es\u00a0\u00bb, a reconnu Friedrich Merz, promettant un accord au sein de sa coalition.<\/p>\n<p>Le dirigeant conservateur adressera ensuite une lettre officielle \u00e0 Bruxelles pour pr\u00e9senter une position \u00ab\u00a0unie\u00a0\u00bb, m\u00eame si les sociaux-d\u00e9mocrates du SPD ne se sont pas encore explicitement prononc\u00e9s en faveur d\u2019un report.<\/p>\n<p>\u00a0<\/p>\n<p>Vous devez activer le javacript et la gestion des cookies pour b\u00e9n\u00e9ficier de toutes les fonctionnalit\u00e9s.<\/p>\n","protected":false},"excerpt":{"rendered":"Sous la pression de Berlin , la Commission europ\u00e9enne envisage d\u2019assouplir l\u2019interdiction des moteurs thermiques pr\u00e9vue pour 2035.&hellip;\n","protected":false},"author":2,"featured_media":561113,"comment_status":"","ping_status":"","sticky":false,"template":"","format":"standard","meta":{"footnotes":""},"categories":[1587],"tags":[11,672,1804,2196,1805,1803,1777,674,1801,12,1802,321],"class_list":{"0":"post-561112","1":"post","2":"type-post","3":"status-publish","4":"format-standard","5":"has-post-thumbnail","7":"category-allemagne","8":"tag-actualites","9":"tag-allemagne","10":"tag-bundesrepublik-deutschland","11":"tag-commission-europeenne","12":"tag-de","13":"tag-deutschland","14":"tag-eu","15":"tag-europe","16":"tag-germany","17":"tag-news","18":"tag-republique-federale-dallemagne","19":"tag-voiture-electrique"},"share_on_mastodon":{"url":"https:\/\/pubeurope.com\/@fr\/115618830463841214","error":""},"_links":{"self":[{"href":"https:\/\/www.europesays.com\/fr\/wp-json\/wp\/v2\/posts\/561112","targetHints":{"allow":["GET"]}}],"collection":[{"href":"https:\/\/www.europesays.com\/fr\/wp-json\/wp\/v2\/posts"}],"about":[{"href":"https:\/\/www.europesays.com\/fr\/wp-json\/wp\/v2\/types\/post"}],"author":[{"embeddable":true,"href":"https:\/\/www.europesays.com\/fr\/wp-json\/wp\/v2\/users\/2"}],"replies":[{"embeddable":true,"href":"https:\/\/www.europesays.com\/fr\/wp-json\/wp\/v2\/comments?post=561112"}],"version-history":[{"count":0,"href":"https:\/\/www.europesays.com\/fr\/wp-json\/wp\/v2\/posts\/561112\/revisions"}],"wp:featuredmedia":[{"embeddable":true,"href":"https:\/\/www.europesays.com\/fr\/wp-json\/wp\/v2\/media\/561113"}],"wp:attachment":[{"href":"https:\/\/www.europesays.com\/fr\/wp-json\/wp\/v2\/media?parent=561112"}],"wp:term":[{"taxonomy":"category","embeddable":true,"href":"https:\/\/www.europesays.com\/fr\/wp-json\/wp\/v2\/categories?post=561112"},{"taxonomy":"post_tag","embeddable":true,"href":"https:\/\/www.europesays.com\/fr\/wp-json\/wp\/v2\/tags?post=561112"}],"curies":[{"name":"wp","href":"https:\/\/api.w.org\/{rel}","templated":true}]}}