{"id":561116,"date":"2025-11-27T00:29:14","date_gmt":"2025-11-27T00:29:14","guid":{"rendered":"https:\/\/www.europesays.com\/fr\/561116\/"},"modified":"2025-11-27T00:29:14","modified_gmt":"2025-11-27T00:29:14","slug":"tunisie-le-president-saied-convoque-lambassadeur-de-lue-qui-a-rencontre-le-syndicat-ugtt","status":"publish","type":"post","link":"https:\/\/www.europesays.com\/fr\/561116\/","title":{"rendered":"Tunisie: le pr\u00e9sident Sa\u00efed convoque l&rsquo;ambassadeur de l&rsquo;UE, qui a rencontr\u00e9 le syndicat UGTT"},"content":{"rendered":"<p class=\"mb-4 text-lg md:leading-8 break-words\">Avec notre correspondante \u00e0 Tunis, <strong>Lilia Blaise<\/strong><\/p>\n<p class=\"mb-4 text-lg md:leading-8 break-words\">Un communiqu\u00e9 officiel publi\u00e9 \u00e0 l&rsquo;aube, mercredi 26 novembre sur la page Facebook de la pr\u00e9sidence, t\u00e9moigne de cette entrevue. Lapidaire, le texte explique, photo \u00e0 l&rsquo;appui, que <strong><a href=\"https:\/\/www.rfi.fr\/fr\/tag\/ka\u00efs-sa\u00efed\/\" class=\"link \" rel=\"nofollow noopener\" target=\"_blank\" data-ylk=\"slk:Ka\u00efs Sa\u00efed;elm:context_link;itc:0;sec:content-canvas\">Ka\u00efs Sa\u00efed<\/a><\/strong> a re\u00e7u au palais pr\u00e9sidentiel l&rsquo;ambassadeur de l&rsquo;Union europ\u00e9enne (UE) Giuseppe Perrone pour lui rappeler les r\u00e8gles diplomatiques. Un rappel directement li\u00e9 \u00e0 l&rsquo;entretien de la veille entre l&rsquo;ambassadeur europ\u00e9en et la\u00a0centrale syndicale UGTT.<\/p>\n<p class=\"mb-4 text-lg md:leading-8 break-words\">Aucune autre pr\u00e9cision n&rsquo;a \u00e9t\u00e9 donn\u00e9e dans le communiqu\u00e9 pr\u00e9sidentiel, qui <strong><a href=\"https:\/\/fr.news.yahoo.com\/tunisie-premier-vrai-bras-fer-030313283.html\" data-ylk=\"slk:intervient dans un contexte tendu;elm:context_link;itc:0;sec:content-canvas;outcm:mb_qualified_link;_E:mb_qualified_link;ct:story;\" class=\"link  yahoo-link\" target=\"_blank\" rel=\"noopener\">intervient dans un contexte tendu<\/a><\/strong>, o\u00f9 le dialogue est inexistant entre la soci\u00e9t\u00e9 civile et le gouvernement.<\/p>\n<p class=\"mb-4 text-lg md:leading-8 break-words\">Autre \u00e9l\u00e9ment d&rsquo;explication : la convocation pr\u00e9sidentielle co\u00efncide aussi avec une session pl\u00e9ni\u00e8re au Parlement europ\u00e9en, pr\u00e9vue jeudi 27 novembre, sur <strong><a href=\"https:\/\/www.rfi.fr\/fr\/afrique\/20250702-tunisie-l-avocate-et-chroniqueuse-sonia-dahmani-condamn\u00e9e-\u00e0-une-troisi\u00e8me-peine-de-prison\" rel=\"nofollow noopener\" target=\"_blank\" data-ylk=\"slk:le cas de Sonia Dahmani;elm:context_link;itc:0;sec:content-canvas\" class=\"link \">le cas de Sonia Dahmani<\/a><\/strong>. Cette avocate et chroniqueuse,\u00a0<strong><a href=\"https:\/\/www.rfi.fr\/fr\/afrique\/20250510-tunisie-1er-anniversaire-de-l-emprisonnement-de-l-avocate-et-chroniqueuse-sonia-dahmani\" rel=\"nofollow noopener\" target=\"_blank\" data-ylk=\"slk:emprisonn\u00e9e depuis mai 2024 en Tunisie;elm:context_link;itc:0;sec:content-canvas\" class=\"link \">emprisonn\u00e9e depuis mai 2024 en Tunisie<\/a><\/strong>, a \u00e9t\u00e9 condamn\u00e9e \u00e0 plusieurs peines de prison dans le cadre de diff\u00e9rentes affaires portant sur ses d\u00e9clarations critiques du pouvoir. Elle totalise quatre ans et deux mois d&#8217;emprisonnement, et sa d\u00e9tention a \u00e9t\u00e9 d\u00e9nonc\u00e9e \u00e0 maintes reprises comme arbitraire par les d\u00e9fenseurs des droits humains.<\/p>\n<p class=\"mb-4 text-lg md:leading-8 break-words\">Lors d&rsquo;un point presse tenu mercredi 26 novembre, l&rsquo;UE a r\u00e9pondu \u00e0 la convocation de la pr\u00e9sidence. \u00ab\u00a0L&rsquo;<strong><a href=\"https:\/\/www.rfi.fr\/fr\/tag\/union-europ\u00e9enne\/\" class=\"link \" rel=\"nofollow noopener\" target=\"_blank\" data-ylk=\"slk:Union europ\u00e9enne;elm:context_link;itc:0;sec:content-canvas\">Union europ\u00e9enne<\/a><\/strong> prend note des messages transmis par le pr\u00e9sident Ka\u00efs Sa\u00efed\u00a0\u00bb, a d\u00e9clar\u00e9 Anouar El Anouni, porte-parole pour les Affaires \u00e9trang\u00e8res. Il a ajout\u00e9 qu&rsquo;il est courant que les diplomates, du fait de leurs fonctions, dialoguent avec un certain nombre d&rsquo;interlocuteurs dans leur pays d&rsquo;accueil, notamment les contacts avec les organisations de la soci\u00e9t\u00e9 civile qui peuvent \u00ab\u00a0grandement contribuer \u00e0 renforcer la coop\u00e9ration bilat\u00e9rale et la qualit\u00e9 du dialogue\u00a0\u00bb.<\/p>\n<p class=\"mb-4 text-lg md:leading-8 break-words\">L&rsquo;ambassadeur europ\u00e9en a rencontr\u00e9 le leader de l&rsquo;Union g\u00e9n\u00e9rale tunisienne du travail (UGTT) en tant qu&rsquo;acteur du quartet de la soci\u00e9t\u00e9 civile qui avait remport\u00e9 le prix Nobel de la paix en 2015 pour sa participation \u00e0 une sortie de crise politique et \u00e0 l&rsquo;impl\u00e9mentation d&rsquo;une d\u00e9mocratie pluraliste.<\/p>\n<p class=\"mb-4 text-lg md:leading-8 break-words\">Le secr\u00e9taire g\u00e9n\u00e9ral de la centrale n&rsquo;a pas r\u00e9agi \u00e0 la convocation pr\u00e9sidentielle de son interlocuteur, mais a publi\u00e9 un communiqu\u00e9 o\u00f9 il indique avoir rencontr\u00e9 deux autres acteurs de la soci\u00e9t\u00e9 civile\u00a0: le b\u00e2tonnier de l&rsquo;Ordre des avocats, Boubaker Ben Thabet, et le pr\u00e9sident de la Ligue tunisienne des droits de l&rsquo;homme, Bassem Trifi.<\/p>\n<p class=\"mb-4 text-lg md:leading-8 break-words\">\u00c0 lire aussi<a href=\"https:\/\/fr.news.yahoo.com\/tunisie-lev%C3%A9e-boucliers-au-sein-012904470.html\" class=\"link  yahoo-link\" data-ylk=\"slk:Tunisie: lev\u00e9e de boucliers au sein de la soci\u00e9t\u00e9 civile apr\u00e8s l&#039;attaque du si\u00e8ge de la centrale syndicale UGTT;elm:context_link;itc:0;sec:content-canvas;outcm:mb_qualified_link;_E:mb_qualified_link;ct:story;\" target=\"_blank\" rel=\"noopener\">Tunisie: lev\u00e9e de boucliers au sein de la soci\u00e9t\u00e9 civile apr\u00e8s l&rsquo;attaque du si\u00e8ge de la centrale syndicale UGTT<\/a><\/p>\n","protected":false},"excerpt":{"rendered":"Avec notre correspondante \u00e0 Tunis, Lilia Blaise Un communiqu\u00e9 officiel publi\u00e9 \u00e0 l&rsquo;aube, mercredi 26 novembre sur la&hellip;\n","protected":false},"author":2,"featured_media":561117,"comment_status":"","ping_status":"","sticky":false,"template":"","format":"standard","meta":{"footnotes":""},"categories":[1586],"tags":[11,67777,1777,674,1779,1011,27,12,25,50978,1778,67674,364],"class_list":{"0":"post-561116","1":"post","2":"type-post","3":"status-publish","4":"format-standard","5":"has-post-thumbnail","7":"category-europe","8":"tag-actualites","9":"tag-centrale-syndicale","10":"tag-eu","11":"tag-europe","12":"tag-european-union","13":"tag-fr","14":"tag-france","15":"tag-news","16":"tag-republique-francaise","17":"tag-tunis","18":"tag-ue","19":"tag-ugtt","20":"tag-union-europeenne"},"share_on_mastodon":{"url":"https:\/\/pubeurope.com\/@fr\/115618838256282300","error":""},"_links":{"self":[{"href":"https:\/\/www.europesays.com\/fr\/wp-json\/wp\/v2\/posts\/561116","targetHints":{"allow":["GET"]}}],"collection":[{"href":"https:\/\/www.europesays.com\/fr\/wp-json\/wp\/v2\/posts"}],"about":[{"href":"https:\/\/www.europesays.com\/fr\/wp-json\/wp\/v2\/types\/post"}],"author":[{"embeddable":true,"href":"https:\/\/www.europesays.com\/fr\/wp-json\/wp\/v2\/users\/2"}],"replies":[{"embeddable":true,"href":"https:\/\/www.europesays.com\/fr\/wp-json\/wp\/v2\/comments?post=561116"}],"version-history":[{"count":0,"href":"https:\/\/www.europesays.com\/fr\/wp-json\/wp\/v2\/posts\/561116\/revisions"}],"wp:featuredmedia":[{"embeddable":true,"href":"https:\/\/www.europesays.com\/fr\/wp-json\/wp\/v2\/media\/561117"}],"wp:attachment":[{"href":"https:\/\/www.europesays.com\/fr\/wp-json\/wp\/v2\/media?parent=561116"}],"wp:term":[{"taxonomy":"category","embeddable":true,"href":"https:\/\/www.europesays.com\/fr\/wp-json\/wp\/v2\/categories?post=561116"},{"taxonomy":"post_tag","embeddable":true,"href":"https:\/\/www.europesays.com\/fr\/wp-json\/wp\/v2\/tags?post=561116"}],"curies":[{"name":"wp","href":"https:\/\/api.w.org\/{rel}","templated":true}]}}