{"id":561124,"date":"2025-11-27T00:35:16","date_gmt":"2025-11-27T00:35:16","guid":{"rendered":"https:\/\/www.europesays.com\/fr\/561124\/"},"modified":"2025-11-27T00:35:16","modified_gmt":"2025-11-27T00:35:16","slug":"lalterna-stade-poitevin-met-le-cap-sur-les-quarts-de-finale","status":"publish","type":"post","link":"https:\/\/www.europesays.com\/fr\/561124\/","title":{"rendered":"l&rsquo;Alterna Stade Poitevin met le cap sur les quarts de finale"},"content":{"rendered":"<p><strong>Cannes (MSL) &#8211; Alterna Stade Poitevin (MSL)\u00a0: 1-3<\/strong><\/p>\n<p>L&rsquo;Alterna Stade Poitevin aime le Palais des Victoires de Cannes. Apr\u00e8s s\u2019y \u00eatre impos\u00e9s le 28\u00a0octobre dernier en MSL (0-3), les Poitevins ont remis \u00e7a, ce mardi, en 8e\u00a0de finale de Coupe de France. Mais ce succ\u00e8s fut bien plus compliqu\u00e9 \u00e0 d\u00e9crocher qu\u2019en championnat. Face \u00e0 des Cannois, toujours dans le dur mais accrocheurs jusqu\u2019au dernier point, le soulagement \u00e9tait d\u2019ailleurs palpable lorsque Motta Paes a d\u00e9viss\u00e9 son service pour offrir la victoire aux Poitevins (23-25), sur leur quatri\u00e8me balle de match, au terme d\u2019un duel sur courant alternatif&#8230;. <\/p>\n<p>    Cet article a \u00e9t\u00e9 tronqu\u00e9. Abonnez-vous pour lire l&rsquo;article complet sur notre site.<\/p>\n<p style=\"margin: 0 !important; padding: 0 !important; font-size: 12px !important;\">Cet article a \u00e9t\u00e9 tronqu\u00e9. Abonnez-vous pour lire l&rsquo;article complet.<\/p>\n<p>    <a href=\"https:\/\/www.lanouvellerepublique.fr\/abonnements\" style=\"display: inline-block; margin-top: 5px !important; padding: 6px 12px !important; background: #cb1c27; color: white; text-decoration: none; border-radius: 4px; font-size: 12px !important;\" target=\"_blank\" rel=\"noopener\"><br \/>\n      S&rsquo;abonner<br \/>\n    <\/a><\/p>\n","protected":false},"excerpt":{"rendered":"Cannes (MSL) &#8211; Alterna Stade Poitevin (MSL)\u00a0: 1-3 L&rsquo;Alterna Stade Poitevin aime le Palais des Victoires de Cannes.&hellip;\n","protected":false},"author":2,"featured_media":561125,"comment_status":"","ping_status":"","sticky":false,"template":"","format":"standard","meta":{"footnotes":""},"categories":[1417],"tags":[1392,1654,1011,27,1655,1653,60,1584,1470,1469],"class_list":{"0":"post-561124","1":"post","2":"type-post","3":"status-publish","4":"format-standard","5":"has-post-thumbnail","7":"category-volley","8":"tag-a-la-une-local","9":"tag-alterna-stade-poitevin-volley-ball","10":"tag-fr","11":"tag-france","12":"tag-ligue-a","13":"tag-poitiers","14":"tag-sports","15":"tag-vienne","16":"tag-volley","17":"tag-volleyball"},"share_on_mastodon":{"url":"https:\/\/pubeurope.com\/@fr\/115618861812269015","error":""},"_links":{"self":[{"href":"https:\/\/www.europesays.com\/fr\/wp-json\/wp\/v2\/posts\/561124","targetHints":{"allow":["GET"]}}],"collection":[{"href":"https:\/\/www.europesays.com\/fr\/wp-json\/wp\/v2\/posts"}],"about":[{"href":"https:\/\/www.europesays.com\/fr\/wp-json\/wp\/v2\/types\/post"}],"author":[{"embeddable":true,"href":"https:\/\/www.europesays.com\/fr\/wp-json\/wp\/v2\/users\/2"}],"replies":[{"embeddable":true,"href":"https:\/\/www.europesays.com\/fr\/wp-json\/wp\/v2\/comments?post=561124"}],"version-history":[{"count":0,"href":"https:\/\/www.europesays.com\/fr\/wp-json\/wp\/v2\/posts\/561124\/revisions"}],"wp:featuredmedia":[{"embeddable":true,"href":"https:\/\/www.europesays.com\/fr\/wp-json\/wp\/v2\/media\/561125"}],"wp:attachment":[{"href":"https:\/\/www.europesays.com\/fr\/wp-json\/wp\/v2\/media?parent=561124"}],"wp:term":[{"taxonomy":"category","embeddable":true,"href":"https:\/\/www.europesays.com\/fr\/wp-json\/wp\/v2\/categories?post=561124"},{"taxonomy":"post_tag","embeddable":true,"href":"https:\/\/www.europesays.com\/fr\/wp-json\/wp\/v2\/tags?post=561124"}],"curies":[{"name":"wp","href":"https:\/\/api.w.org\/{rel}","templated":true}]}}