{"id":561135,"date":"2025-11-27T00:44:10","date_gmt":"2025-11-27T00:44:10","guid":{"rendered":"https:\/\/www.europesays.com\/fr\/561135\/"},"modified":"2025-11-27T00:44:10","modified_gmt":"2025-11-27T00:44:10","slug":"edition-n3161-du-27-novembre-2025","status":"publish","type":"post","link":"https:\/\/www.europesays.com\/fr\/561135\/","title":{"rendered":"\u00c9dition N\u00b03161 du 27 novembre 2025"},"content":{"rendered":"<p class=\"edition__intro\">Au sommaire le 27 novembre 2025<\/p>\n<p class=\"article__baseline\">La foire-boutique, qui vient de tenir sa 11e \u00e9dition, s\u2019appuie sur la sc\u00e8ne transfrontali\u00e8re pour r\u00e9v\u00e9ler un nouveau bassin de collectionneurs. <a class=\"article__baseline__link\" href=\"https:\/\/www.lequotidiendelart.com\/articles\/28305-luxembourg-art-week-une-certaine-id%C3%A9e-de-l-europe.html\" target=\"_blank\" rel=\"noopener\">Lire la suite<\/a><\/p>\n<p class=\"edition__summary__title\">Et aussi<\/p>\n<ul class=\"list edition__summary__list\">\n<li class=\"edition__summary__item\">March\u00e9 : record pour un Guido Reni \u00e0 12,4 millions d&rsquo;euros<\/li>\n<li class=\"edition__summary__item\">L&rsquo;illustratrice Elena Mistrello, \u00ab\u00a0menace grave pour l&rsquo;ordre public\u00a0\u00bb ?<\/li>\n<li class=\"edition__summary__item\">Un Murillo vol\u00e9 restitu\u00e9 au Prado<\/li>\n<li class=\"edition__summary__item\">Le chiffre du jour : 190, les galeries issues des Am\u00e9riques \u00e0 Art Basel Miami Beach 2025<\/li>\n<li class=\"edition__summary__item\">Les t\u00e9lex du 27 novembre<\/li>\n<\/ul>\n","protected":false},"excerpt":{"rendered":"Au sommaire le 27 novembre 2025 La foire-boutique, qui vient de tenir sa 11e \u00e9dition, s\u2019appuie sur la&hellip;\n","protected":false},"author":2,"featured_media":561136,"comment_status":"","ping_status":"","sticky":false,"template":"","format":"standard","meta":{"footnotes":""},"categories":[1358],"tags":[1348,1384,1385,1386,58,59,1011,27],"class_list":{"0":"post-561135","1":"post","2":"type-post","3":"status-publish","4":"format-standard","5":"has-post-thumbnail","7":"category-arts-et-design","8":"tag-arts","9":"tag-arts-and-design","10":"tag-arts-et-design","11":"tag-design","12":"tag-divertissement","13":"tag-entertainment","14":"tag-fr","15":"tag-france"},"share_on_mastodon":{"url":"https:\/\/pubeurope.com\/@fr\/115618897203409870","error":""},"_links":{"self":[{"href":"https:\/\/www.europesays.com\/fr\/wp-json\/wp\/v2\/posts\/561135","targetHints":{"allow":["GET"]}}],"collection":[{"href":"https:\/\/www.europesays.com\/fr\/wp-json\/wp\/v2\/posts"}],"about":[{"href":"https:\/\/www.europesays.com\/fr\/wp-json\/wp\/v2\/types\/post"}],"author":[{"embeddable":true,"href":"https:\/\/www.europesays.com\/fr\/wp-json\/wp\/v2\/users\/2"}],"replies":[{"embeddable":true,"href":"https:\/\/www.europesays.com\/fr\/wp-json\/wp\/v2\/comments?post=561135"}],"version-history":[{"count":0,"href":"https:\/\/www.europesays.com\/fr\/wp-json\/wp\/v2\/posts\/561135\/revisions"}],"wp:featuredmedia":[{"embeddable":true,"href":"https:\/\/www.europesays.com\/fr\/wp-json\/wp\/v2\/media\/561136"}],"wp:attachment":[{"href":"https:\/\/www.europesays.com\/fr\/wp-json\/wp\/v2\/media?parent=561135"}],"wp:term":[{"taxonomy":"category","embeddable":true,"href":"https:\/\/www.europesays.com\/fr\/wp-json\/wp\/v2\/categories?post=561135"},{"taxonomy":"post_tag","embeddable":true,"href":"https:\/\/www.europesays.com\/fr\/wp-json\/wp\/v2\/tags?post=561135"}],"curies":[{"name":"wp","href":"https:\/\/api.w.org\/{rel}","templated":true}]}}