{"id":561143,"date":"2025-11-27T00:49:14","date_gmt":"2025-11-27T00:49:14","guid":{"rendered":"https:\/\/www.europesays.com\/fr\/561143\/"},"modified":"2025-11-27T00:49:14","modified_gmt":"2025-11-27T00:49:14","slug":"a-30-ans-elle-attribue-ses-problemes-de-vue-a-la-pression-de-lavion-cetait-le-premier-signe-dune-tumeur-cerebrale","status":"publish","type":"post","link":"https:\/\/www.europesays.com\/fr\/561143\/","title":{"rendered":"\u00c0 30 ans, elle attribue ses probl\u00e8mes de vue \u00e0 la pression de l&rsquo;avion, c&rsquo;\u00e9tait le premier signe d&rsquo;une tumeur c\u00e9r\u00e9brale"},"content":{"rendered":"<p class=\"mb-4 text-lg md:leading-8 break-words\">Tout commence en 2019 \u00e0 bord d&rsquo;un vol vers les \u00c9tats-Unis. Abi Smith, 30 ans, est assise dans l&rsquo;avion quand elle remarque que sa vue faiblit. Elle ne s&rsquo;inqui\u00e8te pas et lie cet inconfort aux variations de pression atmosph\u00e9rique dans la cabine de l&rsquo;appareil.<\/p>\n<p class=\"mb-4 text-lg md:leading-8 break-words\"><strong>LIRE AUSSI &gt;&gt;<\/strong> <a data-i13n=\"cpos:1;pos:1\" href=\"https:\/\/fr.news.yahoo.com\/il-pense-que-sa-femme-lui-est-infidele-cetait-en-realite-le-signe-dun-cancer-mortel-124958252.html\" data-ylk=\"slk:Il pense que sa femme lui est infid\u00e8le, c&#039;\u00e9tait en r\u00e9alit\u00e9 le signe d&#039;un cancer mortel;cpos:1;pos:1;elm:context_link;itc:0;sec:content-canvas;outcm:mb_qualified_link;_E:mb_qualified_link;ct:story;\" class=\"link  yahoo-link\" target=\"_blank\" rel=\"noopener\">Il pense que sa femme lui est infid\u00e8le, c&rsquo;\u00e9tait en r\u00e9alit\u00e9 le signe d&rsquo;un cancer mortel<\/a><\/p>\n<p class=\"mb-4 text-lg md:leading-8 break-words\">Elle ignore ce premier signe d&rsquo;alerte mais remarque rapidement d&rsquo;autres sympt\u00f4mes pr\u00e9occupants. En plus de sa double vision, elle perd la mobilit\u00e9 de sa jambe droite puis de sa jambe gauche et \u00e9prouve des difficult\u00e9s \u00e0 saisir des objets. Un jour, elle ne parvient plus \u00e0 tenir les ustensiles de cuisine. Elle se rend alors \u00e0 l&rsquo;h\u00f4pital o\u00f9 elle r\u00e9alise un scanner dont les r\u00e9sultats sont plut\u00f4t rassurants. Mais, quelques temps plus tard, un autre rendez-vous dans un h\u00f4pital du Royaume-Uni r\u00e9v\u00e8le la v\u00e9ritable origine de ses diff\u00e9rents sympt\u00f4mes.<\/p>\n<p>Une tumeur c\u00e9r\u00e9brale canc\u00e9reuse<\/p>\n<p class=\"mb-4 text-lg md:leading-8 break-words\">Les m\u00e9decins pensent qu&rsquo;elle a \u00e9t\u00e9 victime d&rsquo;un accident vasculaire c\u00e9r\u00e9bral car elle ne peut plus bouger le c\u00f4t\u00e9 droit de son corps. Mais d&rsquo;autres r\u00e9sultats mettent en \u00e9vidence la pr\u00e9sence d&rsquo;un gliome, une tumeur c\u00e9r\u00e9brale canc\u00e9reuse, \u00e0 la base de son cerveau. La tumeur s&rsquo;\u00e9tait propag\u00e9e jusqu&rsquo;au sommet de sa colonne vert\u00e9brale. \u00ab\u00a0Quand j&rsquo;ai re\u00e7u mon diagnostic, j&rsquo;\u00e9tais seule, et m\u00eame si j&rsquo;\u00e9tais terrifi\u00e9e, j&rsquo;ai ressenti un soulagement en sachant que l&rsquo;\u00e9quipe m\u00e9dicale avait un plan\u00a0\u00bb, se souvient la trentenaire cit\u00e9e par<a data-i13n=\"cpos:2;pos:1\" href=\"https:\/\/www.dailymail.co.uk\/health\/article-15324151\/Woman-double-vision-air-pressure-plane-warning-sign-deadly-brain-tumour.html\" rel=\"nofollow noopener\" target=\"_blank\" data-ylk=\"slk:le Daily Mail.;cpos:2;pos:1;elm:context_link;itc:0;sec:content-canvas\" class=\"link \"> le Daily Mail.<\/a><\/p>\n<p class=\"mb-4 text-lg md:leading-8 break-words\">Le gliome se manifeste fr\u00e9quemment par des maux de t\u00eate, des naus\u00e9es, des troubles de l&rsquo;\u00e9quilibre et de la vision, des crises d&rsquo;\u00e9pilepsie, une faiblesse, une confusion, etc. \u00ab\u00a0Le risque de d\u00e9velopper un cancer du cerveau augmente avec l\u2019\u00e2ge. Les gliomes sont le plus fr\u00e9quents chez les adultes entre 45 et 65 ans, mais ils peuvent se former \u00e0 n\u2019importe quel moment de la vie. Certains types se d\u00e9veloppent ainsi plus couramment chez les adolescents et les jeunes adultes\u00a0\u00bb, compl\u00e8te <a data-i13n=\"cpos:3;pos:1\" href=\"https:\/\/www.chuv.ch\/fr\/offre-en-soins\/maladies\/maladie\/web_mld_19\/gliome#:~:text=Les%20sympt%C3%B4mes%20fr%C3%A9quents%20incluent%20des,d&#039;autres%20probl%C3%A8mes%20de%20sant%C3%A9.\" rel=\"nofollow noopener\" target=\"_blank\" data-ylk=\"slk:le Centre hospitalier universitaire vaudois.;cpos:3;pos:1;elm:context_link;itc:0;sec:content-canvas\" class=\"link \">le Centre hospitalier universitaire vaudois.<\/a><\/p>\n<p>\u00ab\u00a0J&rsquo;ai perdu mes cheveux\u00a0\u00bb<\/p>\n<p class=\"mb-4 text-lg md:leading-8 break-words\">Apr\u00e8s une premi\u00e8re op\u00e9ration chirurgicale, la jeune femme a subi une radioth\u00e9rapie puis six mois de chimioth\u00e9rapie. \u00ab\u00a0Le traitement a \u00e9t\u00e9 \u00e9prouvant et j&rsquo;ai perdu mes cheveux. C&rsquo;\u00e9tait un petit prix \u00e0 payer pour le traitement extraordinaire qui a permis de r\u00e9duire consid\u00e9rablement ma tumeur.\u00a0\u00bb<\/p>\n<p class=\"mb-4 text-lg md:leading-8 break-words\"><strong>LIRE AUSSI &gt;&gt; <\/strong><a data-i13n=\"cpos:4;pos:1\" href=\"https:\/\/fr.news.yahoo.com\/a-40-ans-et-apparemment-en-parfaite-sante-il-apprend-quil-est-atteint-du-cancer-au-cerveau-le-plus-agressif-094040592.html\" data-ylk=\"slk:\u00c0 40 ans et &quot;apparemment en parfaite sant\u00e9&quot;, il apprend qu\u2019il est atteint du cancer au cerveau le plus agressif;cpos:4;pos:1;elm:context_link;itc:0;sec:content-canvas;outcm:mb_qualified_link;_E:mb_qualified_link;ct:story;\" class=\"link  yahoo-link\" target=\"_blank\" rel=\"noopener\">\u00c0 40 ans et \u00ab\u00a0apparemment en parfaite sant\u00e9\u00a0\u00bb, il apprend qu\u2019il est atteint du cancer au cerveau le plus agressif<\/a><\/p>\n<p class=\"mb-4 text-lg md:leading-8 break-words\">Aujourd&rsquo;hui, elle participe \u00e0 des \u00e9v\u00e9nements de collecte de fonds pour sensibiliser le public \u00e0 cette maladie et soutient la recherche sur les tumeurs c\u00e9r\u00e9brales. Chaque ann\u00e9e, les cancers du cerveau touchent pr\u00e8s de 5 900 personnes en France.<\/p>\n","protected":false},"excerpt":{"rendered":"Tout commence en 2019 \u00e0 bord d&rsquo;un vol vers les \u00c9tats-Unis. Abi Smith, 30 ans, est assise dans&hellip;\n","protected":false},"author":2,"featured_media":561144,"comment_status":"","ping_status":"","sticky":false,"template":"","format":"standard","meta":{"footnotes":""},"categories":[10],"tags":[1764,1011,27,72,13691,71,2711],"class_list":{"0":"post-561143","1":"post","2":"type-post","3":"status-publish","4":"format-standard","5":"has-post-thumbnail","7":"category-sante","8":"tag-ans","9":"tag-fr","10":"tag-france","11":"tag-health","12":"tag-maux-de-tete","13":"tag-sante","14":"tag-troubles-de-lequilibre"},"share_on_mastodon":{"url":"https:\/\/pubeurope.com\/@fr\/115618916884284909","error":""},"_links":{"self":[{"href":"https:\/\/www.europesays.com\/fr\/wp-json\/wp\/v2\/posts\/561143","targetHints":{"allow":["GET"]}}],"collection":[{"href":"https:\/\/www.europesays.com\/fr\/wp-json\/wp\/v2\/posts"}],"about":[{"href":"https:\/\/www.europesays.com\/fr\/wp-json\/wp\/v2\/types\/post"}],"author":[{"embeddable":true,"href":"https:\/\/www.europesays.com\/fr\/wp-json\/wp\/v2\/users\/2"}],"replies":[{"embeddable":true,"href":"https:\/\/www.europesays.com\/fr\/wp-json\/wp\/v2\/comments?post=561143"}],"version-history":[{"count":0,"href":"https:\/\/www.europesays.com\/fr\/wp-json\/wp\/v2\/posts\/561143\/revisions"}],"wp:featuredmedia":[{"embeddable":true,"href":"https:\/\/www.europesays.com\/fr\/wp-json\/wp\/v2\/media\/561144"}],"wp:attachment":[{"href":"https:\/\/www.europesays.com\/fr\/wp-json\/wp\/v2\/media?parent=561143"}],"wp:term":[{"taxonomy":"category","embeddable":true,"href":"https:\/\/www.europesays.com\/fr\/wp-json\/wp\/v2\/categories?post=561143"},{"taxonomy":"post_tag","embeddable":true,"href":"https:\/\/www.europesays.com\/fr\/wp-json\/wp\/v2\/tags?post=561143"}],"curies":[{"name":"wp","href":"https:\/\/api.w.org\/{rel}","templated":true}]}}