{"id":561151,"date":"2025-11-27T00:53:12","date_gmt":"2025-11-27T00:53:12","guid":{"rendered":"https:\/\/www.europesays.com\/fr\/561151\/"},"modified":"2025-11-27T00:53:12","modified_gmt":"2025-11-27T00:53:12","slug":"pourquoi-les-constructeurs-automobiles-europeens-jouent-gros-dans-les-prochains-jours","status":"publish","type":"post","link":"https:\/\/www.europesays.com\/fr\/561151\/","title":{"rendered":"pourquoi les constructeurs automobiles europ\u00e9ens jouent gros dans les prochains jours ?"},"content":{"rendered":"<p itemprop=\"description\">Le compte \u00e0 rebours vers 2035, cens\u00e9<br \/>\nmarquer la fin du moteur thermique en Europe, tourne au cauchemar<br \/>\npour les constructeurs. Concurrence asiatique et demande h\u00e9sitante<br \/>\npoussent l&rsquo;industrie \u00e0 r\u00e9clamer un moratoire aupr\u00e8s de<br \/>\nBruxelles.<\/p>\n<p>L\u00a0\u00bbindustrie automobile europ\u00e9enne, prise entre une demande en<br \/>\n\u00e9lectrique moins forte que pr\u00e9vue et la pression de la Chine,<br \/>\nimplore Bruxelles de revoir sa copie. Alors que l&rsquo;arr\u00eat de la vente<br \/>\nde v\u00e9hicules thermiques neufs \u00e9tait fix\u00e9 \u00e0 2035, les constructeurs<br \/>\npoussent pour un assouplissement de cette r\u00e8gle, notamment en<br \/>\nautorisant les carburants alternatifs. L\u2019Union europ\u00e9enne devrait<br \/>\nd\u00e9voiler le mois prochain un ensemble de mesures destin\u00e9es \u00e0<br \/>\nsoutenir un secteur fondamental, d\u00e9sormais menac\u00e9 d&rsquo;un d\u00e9clin.<\/p>\n<p>Le r\u00e9veil apr\u00e8s l&rsquo;ivresse \u00e9lectrique<\/p>\n<p>Il y a encore quelques ann\u00e9es, l&rsquo;enthousiasme \u00e9tait palpable.<br \/>\nLes constructeurs automobiles europ\u00e9ens affichaient de grands<br \/>\nobjectifs pour l&rsquo;\u00e9lectrification totale de leurs gammes, surfant<br \/>\nsur une vague d&rsquo;optimisme et de conviction r\u00e9glementaire. Ces<br \/>\nefforts, aussi louables soient-ils, se heurtent aujourd&rsquo;hui \u00e0 une<br \/>\nr\u00e9alit\u00e9 de march\u00e9 beaucoup moins romantique. <strong>La transition<br \/>\nvers le tout \u00e9lectrique, envisag\u00e9e comme un passage en force d\u2019ici<br \/>\n2035, est en train de caler<\/strong>.<\/p>\n<p>C&rsquo;est un v\u00e9ritable bras de fer qui s&rsquo;engage d\u00e9sormais entre les<br \/>\ncapitaines d&rsquo;industrie et les l\u00e9gislateurs europ\u00e9ens.<br \/>\n<strong>L&rsquo;enjeu est colossal, car c&rsquo;est la survie d&rsquo;un des piliers<br \/>\n\u00e9conomiques du continent qui est pos\u00e9e.<\/strong> La raison de cette<br \/>\npanique soudaine ? Une demande pour les <a href=\"https:\/\/www.autoplus.fr\/environnement\/voiture-electrique\" target=\"_blank\" rel=\"noopener\">v\u00e9hicules<br \/>\n\u00e9lectriques \u00e0 batterie<\/a> qui, bien qu\u2019en progression, n&rsquo;atteint<br \/>\npas les sommets n\u00e9cessaires pour compenser le d\u00e9clin rapide des<br \/>\nvoitures thermiques classiques. <strong>\u00c0 cela s\u2019ajoute une<br \/>\nconcurrence chinoise redoutab<\/strong>le qui grignote les parts de<br \/>\nmarch\u00e9, exacerbant la pression sur des marges d\u00e9j\u00e0 r\u00e9duites par des<br \/>\nco\u00fbts \u00e9nerg\u00e9tiques \u00e9lev\u00e9s.<\/p>\n<p>Le r\u00e8glement qui pr\u00e9voyait que tous les v\u00e9hicules neufs vendus \u00e0<br \/>\npartir de 2035 devront \u00eatre \u00e0 z\u00e9ro \u00e9mission a \u00e9t\u00e9 adopt\u00e9 en mars<br \/>\n2023, \u00e0 une \u00e9poque o\u00f9 le ciel semblait plus d\u00e9gag\u00e9 pour la voiture<br \/>\n\u00e9lectrique. <strong>Les constructeurs, aujourd\u2019hui sous pression,<br \/>\nr\u00e9clament des concessions.<\/strong> <a href=\"https:\/\/www.autoplus.fr\/marque\/stellantis\" target=\"_blank\" rel=\"noopener\">Stellantis<\/a> a<br \/>\npr\u00e9venu que sans une aide ext\u00e9rieure rapide, l&rsquo;industrie risquait<br \/>\nde s&rsquo;engager dans une voie de \u201cd\u00e9clin irr\u00e9versible\u201d<br \/>\nd\u2019apr\u00e8s les mots de son pr\u00e9sident John Elkann. Dans cette situation<br \/>\nparticuli\u00e8rement tendue, le Vieux Continent se pr\u00e9pare \u00e0 d\u00e9gainer<br \/>\nun plan d&rsquo;urgence. <strong>Bruxelles devrait d\u00e9voiler le mois<br \/>\nprochain un ensemble de mesures destin\u00e9es \u00e0 soutenir le secteur<br \/>\nautomobile dans ce contexte de turbulences \u00e9conomiques<\/strong><br \/>\n(co\u00fbts de l&rsquo;\u00e9nergie, menaces de droits de douane am\u00e9ricains) et de<br \/>\nrivalit\u00e9 asiatique. L&rsquo;attente est f\u00e9brile. Mais l&rsquo;aide financi\u00e8re<br \/>\nou r\u00e9glementaire n&rsquo;est qu&rsquo;une partie du probl\u00e8me. Ce que<br \/>\nl&rsquo;industrie souhaite vraiment, c&rsquo;est regagner de la flexibilit\u00e9 sur<br \/>\nle calendrier.<\/p>\n<p>Le carburant CO2-neutre, la planche de salut du moteur<br \/>\nthermique ?<\/p>\n<p>Les constructeurs europ\u00e9ens veulent ramener le moteur \u00e0<br \/>\ncombustion sur la table des discussions. L&rsquo;objectif n&rsquo;est pas<br \/>\nd&rsquo;abandonner l&rsquo;\u00e9lectrique, <strong>mais d&rsquo;assouplir l&rsquo;\u00e9ch\u00e9ance de<br \/>\n2035, jug\u00e9e trop rigide et d\u00e9connect\u00e9e de la r\u00e9alit\u00e9 du<br \/>\nconsommateur.<\/strong> La principale monnaie d&rsquo;\u00e9change avanc\u00e9e est<br \/>\nl&rsquo;acceptation des carburants dits CO2-neutres. L&rsquo;industrie esp\u00e8re<br \/>\nconvaincre la Commission europ\u00e9enne que des carburants alternatifs,<br \/>\nqu&rsquo;il s&rsquo;agisse de biocarburants sophistiqu\u00e9s ou de e-carburants de<br \/>\nsynth\u00e8se, pourraient continuer d\u2019alimenter les moteurs thermiques<br \/>\net les v\u00e9hicules <a href=\"https:\/\/www.autoplus.fr\/actualite\/hybrides-rechargeables-le-classement-des-modeles-qui-offrent-la-meilleure-autonomie-1392974.html\" target=\"_blank\" rel=\"noopener\"><br \/>\nhybrides rechargeables<\/a>, ainsi que les prolongateurs<br \/>\nd&rsquo;autonomie, bien au-del\u00e0 de l&rsquo;interdiction pr\u00e9vue. Pour les<br \/>\nconstructeurs, cela permettrait de r\u00e9duire les \u00e9missions globales<br \/>\nsans contraindre les clients \u00e0 faire le saut vers le BEV s&rsquo;ils n&rsquo;y<br \/>\nsont pas pr\u00eats.<\/p>\n<p>Pourquoi cette volte-face ? Les chiffres parlent d&rsquo;eux-m\u00eames.<br \/>\nSelon les donn\u00e9es de l&rsquo;<a href=\"https:\/\/www.acea.auto\/\" target=\"_blank\" rel=\"noopener\">ACEA<\/a><br \/>\n(l&rsquo;association des constructeurs europ\u00e9ens), <strong>la part de<br \/>\nmarch\u00e9 des v\u00e9hicules purement \u00e9lectriques n&rsquo;a atteint que 16 % sur<br \/>\nles dix premiers mois de l&rsquo;ann\u00e9e<\/strong>, m\u00eame si ce chiffre est<br \/>\nen l\u00e9g\u00e8re progression par rapport aux 13 % de l&rsquo;ann\u00e9e pr\u00e9c\u00e9dente.<br \/>\nC\u2019est un taux de p\u00e9n\u00e9tration honn\u00eate, certes, mais insuffisant pour<br \/>\nrespecter la feuille de route \u00e9tablie par les politiques.<\/p>\n<p>Les freins \u00e0 l&rsquo;achat sont nombreux. L&rsquo;angoisse de l&rsquo;autonomie<br \/>\nreste un probl\u00e8me fondamental pour les m\u00e9nages. Cette inqui\u00e9tude<br \/>\nest d&rsquo;autant plus vive en Europe centrale et orientale, o\u00f9 le<br \/>\nd\u00e9ploiement des infrastructures de recharge accuse un retard<br \/>\nconsid\u00e9rable. De plus, dans des pays comme l&rsquo;Allemagne,<br \/>\ntraditionnellement acquis \u00e0 la cause automobile, le co\u00fbt \u00e9lev\u00e9 de<br \/>\nl&rsquo;\u00e9lectricit\u00e9 est devenu une inqui\u00e9tude s\u00e9rieuse pour les acheteurs<br \/>\npotentiels. La voiture \u00e9lectrique est vue comme un pari co\u00fbteux \u00e0<br \/>\nl&rsquo;usage dans un contexte de crise \u00e9nerg\u00e9tique.<\/p>\n<p>Les constructeurs argumentent d\u00e9sormais que des objectifs fixes<br \/>\net immuables n&rsquo;ont plus de sens. <strong>Pour eux, c&rsquo;est le march\u00e9,<br \/>\net non le l\u00e9gislateur, qui doit d\u00e9cider quand le moteur \u00e0<br \/>\ncombustion devra d\u00e9finitivement c\u00e9der sa place<\/strong>. Ils<br \/>\nprivil\u00e9gient d&rsquo;ailleurs des mesures incitatives, visant \u00e0 stimuler<br \/>\nla demande pour les v\u00e9hicules \u00e9lectriques, plut\u00f4t que des<br \/>\ninterdictions qui d\u00e9sorganisent la production et frustrent la<br \/>\nclient\u00e8le. C\u2019est dans ce contexte que Bruxelles s&rsquo;appr\u00eate \u00e0<br \/>\nd\u00e9baller le mois prochain une s\u00e9rie de mesures qui sera donc lourde<br \/>\nde cons\u00e9quences.<\/p>\n","protected":false},"excerpt":{"rendered":"Le compte \u00e0 rebours vers 2035, cens\u00e9 marquer la fin du moteur thermique en Europe, tourne au cauchemar&hellip;\n","protected":false},"author":2,"featured_media":561152,"comment_status":"","ping_status":"","sticky":false,"template":"","format":"standard","meta":{"footnotes":""},"categories":[6],"tags":[35,33,34,1011,27,1638],"class_list":{"0":"post-561151","1":"post","2":"type-post","3":"status-publish","4":"format-standard","5":"has-post-thumbnail","7":"category-economie","8":"tag-business","9":"tag-economie","10":"tag-economy","11":"tag-fr","12":"tag-france","13":"tag-has_diapo"},"share_on_mastodon":{"url":"https:\/\/pubeurope.com\/@fr\/115618932738840768","error":""},"_links":{"self":[{"href":"https:\/\/www.europesays.com\/fr\/wp-json\/wp\/v2\/posts\/561151","targetHints":{"allow":["GET"]}}],"collection":[{"href":"https:\/\/www.europesays.com\/fr\/wp-json\/wp\/v2\/posts"}],"about":[{"href":"https:\/\/www.europesays.com\/fr\/wp-json\/wp\/v2\/types\/post"}],"author":[{"embeddable":true,"href":"https:\/\/www.europesays.com\/fr\/wp-json\/wp\/v2\/users\/2"}],"replies":[{"embeddable":true,"href":"https:\/\/www.europesays.com\/fr\/wp-json\/wp\/v2\/comments?post=561151"}],"version-history":[{"count":0,"href":"https:\/\/www.europesays.com\/fr\/wp-json\/wp\/v2\/posts\/561151\/revisions"}],"wp:featuredmedia":[{"embeddable":true,"href":"https:\/\/www.europesays.com\/fr\/wp-json\/wp\/v2\/media\/561152"}],"wp:attachment":[{"href":"https:\/\/www.europesays.com\/fr\/wp-json\/wp\/v2\/media?parent=561151"}],"wp:term":[{"taxonomy":"category","embeddable":true,"href":"https:\/\/www.europesays.com\/fr\/wp-json\/wp\/v2\/categories?post=561151"},{"taxonomy":"post_tag","embeddable":true,"href":"https:\/\/www.europesays.com\/fr\/wp-json\/wp\/v2\/tags?post=561151"}],"curies":[{"name":"wp","href":"https:\/\/api.w.org\/{rel}","templated":true}]}}