{"id":561153,"date":"2025-11-27T00:54:14","date_gmt":"2025-11-27T00:54:14","guid":{"rendered":"https:\/\/www.europesays.com\/fr\/561153\/"},"modified":"2025-11-27T00:54:14","modified_gmt":"2025-11-27T00:54:14","slug":"a-washington-deux-membres-de-la-garde-nationale-touches-par-des-tirs-dans-un-etat-critique-ladministration-trump-annonce-le-deploiement-de-500-militaires-supplementaires","status":"publish","type":"post","link":"https:\/\/www.europesays.com\/fr\/561153\/","title":{"rendered":"A Washington, deux membres de la garde nationale touch\u00e9s par des tirs dans un \u00e9tat critique, l\u2019administration Trump annonce le d\u00e9ploiement de 500\u00a0militaires suppl\u00e9mentaires"},"content":{"rendered":"<p>                      <img loading=\"lazy\" decoding=\"async\" src=\"https:\/\/www.europesays.com\/fr\/wp-content\/uploads\/2025\/11\/42c30be_ftp-import-images-1-1xywpyl4frf0-a908d399caac46cea44b3db2764d1af7-0-7dc476ee504741b0b3b022ce.jpeg\" alt=\"Des membres de la garde nationale, pr\u00e8s de la Maison Blanche, \u00e0 Washington, le 26\u00a0novembre 2025.\"   width=\"664\" height=\"443\"\/>    Des membres de la garde nationale, pr\u00e8s de la Maison Blanche, \u00e0 Washington, le 26\u00a0novembre 2025.  MARK SCHIEFELBEIN\/AP                          <\/p>\n<p class=\"article__paragraph  \">Deux militaires de la garde nationale am\u00e9ricaine d\u00e9ploy\u00e9s \u00e0 Washington sont dans un \u00ab\u00a0\u00e9tat critique\u00a0\u00bb, apr\u00e8s avoir \u00e9t\u00e9 touch\u00e9s par des tirs, a annonc\u00e9 Kash Patel, le directeur de la police f\u00e9d\u00e9rale (FBI), mercredi 26\u00a0novembre, alors que la confusion a un temps r\u00e9gn\u00e9 sur leur sort.<\/p>\n<p class=\"article__paragraph  \">Le gouverneur de Virginie-Occidentale, Patrick Morrisey, avait annonc\u00e9 la mort des deux r\u00e9servistes sur le r\u00e9seau social X, avant de publier une seconde d\u00e9claration citant des \u00ab\u00a0informations contradictoires\u00a0\u00bb concernant leur \u00e9tat.<\/p>\n<p class=\"article__paragraph  \">Les membres de la garde nationale de l\u2019Etat de Virginie occidentale se trouvaient non loin de la Maison Blanche quand ils ont fait l\u2019objet de \u00ab\u00a0tirs cibl\u00e9s\u00a0\u00bb, a pr\u00e9cis\u00e9 Muriel Bowser, maire d\u00e9mocrate de Washington, lors d\u2019une conf\u00e9rence de presse au c\u00f4t\u00e9 de Kash Patel et de la police locale. Vers 14\u00a0h\u00a015\u00a0heure de Washington (22\u00a0h\u00a015\u00a0\u00e0 Paris), \u00ab\u00a0un suspect est arriv\u00e9 \u00e0 l\u2019angle de la rue, a soulev\u00e9 son arme \u00e0 feu et a tir\u00e9 vers des gardes nationaux\u00a0\u00bb en patrouille, a d\u00e9taill\u00e9 Jeffery Carroll, un responsable de la police de Washington, parlant d\u2019un \u00ab\u00a0tireur solitaire.\u00a0\u00bb Puis, d\u2019autres gardes nationaux \u00ab\u00a0sont parvenus\u00a0\u00bb \u00e0 le \u00ab\u00a0ma\u00eetriser pour l\u2019arr\u00eater\u00a0\u00bb, a-t-il ajout\u00e9. Le suspect a \u00e9t\u00e9 bless\u00e9 par balle. \u00ab\u00a0Nous n\u2019avons connaissance d\u2019aucun mobile\u00a0\u00bb, a poursuivi Jeffery Carroll.<\/p>\n<p class=\"article__paragraph  \">Il s\u2019agit de la pire attaque commise contre la garde nationale depuis son d\u00e9ploiement par Donald Trump ces derniers mois dans des villes d\u00e9mocrates. La Maison Blanche a accus\u00e9 l\u2019opposition d\u00e9mocrate d\u2019avoir \u00ab\u00a0diabolis\u00e9\u00a0\u00bb les soldats en critiquant leur d\u00e9ploiement et en accusant Donald Trump d\u2019outrepasser ses pouvoirs.<\/p>\n<p class=\"article__paragraph  \">Au moment des faits, le pr\u00e9sident am\u00e9ricain se trouvait sur un parcours de golf, \u00e0 West Palm Beach, en Floride, o\u00f9 il compte passer la f\u00eate de Thanksgiving. \u00ab\u00a0La Maison Blanche est inform\u00e9e et suit cette situation tragique, le pr\u00e9sident est tenu au courant\u00a0\u00bb, a d\u00e9clar\u00e9 \u00e0 la presse Karoline Leavitt, la porte-parole de la Maison Blanche. Donald Trump a r\u00e9agi sur son r\u00e9seau Truth Social\u00a0: \u00ab\u00a0L\u2019animal qui a tir\u00e9 sur les deux gardes nationaux (\u2026), il paiera un lourd tribut.\u00a0\u00bb<\/p>\n<p>                    D\u00e9ploiement d\u00e9cid\u00e9 par le pr\u00e9sident                    <\/p>\n<p class=\"article__paragraph  \">Cinq cents militaires suppl\u00e9mentaires de la garde nationale seront d\u00e9ploy\u00e9s \u00e0 Washington, a annonc\u00e9 plus tard Pete Hegseth, le secr\u00e9taire \u00e0 la d\u00e9fense. \u00ab\u00a0Cela ne fait que renforcer notre d\u00e9termination \u00e0 faire de Washington un endroit s\u00fbr\u00a0\u00bb, a d\u00e9clar\u00e9 le chef du Pentagone, actuellement en d\u00e9placement en R\u00e9publique dominicaine. Ce nouveau d\u00e9ploiement portera \u00e0 plus de 2\u00a0500 le nombre de militaires de ce corps de r\u00e9serve d\u00e9ploy\u00e9s dans la ville.<\/p>\n<p class=\"article__paragraph  \">Donald\u00a0Trump\u00a0a d\u00e9cid\u00e9, le 11\u00a0ao\u00fbt, de placer le maintien de l\u2019ordre dans la capitale, Washington, sous le contr\u00f4le de son administration et d\u2019y d\u00e9ployer des militaires \u2013 des mesures exceptionnelles pour cette ville qu\u2019il pr\u00e9tend \u00ab\u00a0envahie par des gangs violents\u00a0\u00bb et qu\u2019il veut \u00ab\u00a0nettoyer\u00a0\u00bb.<\/p>\n<p>                               <img loading=\"lazy\" decoding=\"async\" src=\"https:\/\/www.europesays.com\/fr\/wp-content\/uploads\/2025\/11\/ca2aff9_ftp-import-images-1-tsrbsvah8gny-5533470-01-06.jpg\" alt=\"Intervention des secours apr\u00e8s des tirs contre des membres de la garde nationale, dans le centre de Washington, le 26\u00a0novembre 2025. \"   width=\"664\" height=\"443\"\/>    Intervention des secours apr\u00e8s des tirs contre des membres de la garde nationale, dans le centre de Washington, le 26\u00a0novembre 2025.  DREW ANGERER\/AFP                          <\/p>\n<p class=\"article__paragraph  \">Les r\u00e9servistes de la garde nationale d\u00e9pendent de chaque Etat am\u00e9ricain et ne peuvent \u00eatre d\u00e9ploy\u00e9s qu\u2019en cas d\u2019urgence nationale, comme en cas de catastrophe naturelle, \u00e0 la demande de l\u2019Etat f\u00e9d\u00e9ral et avec l\u2019aval du gouverneur local. Ils ne sont pas cens\u00e9s intervenir contre la criminalit\u00e9, les \u00e9meutes ou les manifestations.<\/p>\n<p> Le Monde M\u00e9morable  <\/p>\n<p> <a href=\"https:\/\/www.lemonde.fr\/memorable\/?rfextension=inread\" class=\"inread__link js-services-inread-link\" target=\"_blank\" rel=\"noopener\">  <\/p>\n<p>Testez votre culture g\u00e9n\u00e9rale avec la r\u00e9daction du \u00ab Monde \u00bb<\/p>\n<p>Testez votre culture g\u00e9n\u00e9rale avec la r\u00e9daction du \u00ab Monde \u00bb<\/p>\n<p>D\u00e9couvrir<\/p>\n<p> <\/a>      <\/p>\n<p> Newsletter  <\/p>\n<p> <a href=\"https:\/\/www.lemonde.fr\/newsletters\/a-la-une\/\" class=\"inread__link js-services-inread-link\" target=\"_blank\" rel=\"noopener\">  <\/p>\n<p>\u00ab A la une \u00bb<\/p>\n<p>Chaque matin, parcourez l&rsquo;essentiel de l&rsquo;actualit\u00e9 du jour avec les derniers titres du \u00ab Monde \u00bb<\/p>\n<p>S&rsquo;inscrire<\/p>\n<p> <\/a>          <\/p>\n<p> Le Monde Application  <\/p>\n<p> <a href=\"https:\/\/lamatinale.onelink.me\/gKMy\/ahw2ubr3\" class=\"inread__link js-services-inread-link\" target=\"_blank\" rel=\"noopener\">  <\/p>\n<p>La Matinale du Monde<\/p>\n<p>Chaque matin, retrouvez notre s\u00e9lection de 20 articles \u00e0 ne pas manquer <\/p>\n<p>T\u00e9l\u00e9charger l&rsquo;application<\/p>\n<p> <\/a>      <\/p>\n<p> Newsletter abonn\u00e9s  <\/p>\n<p> <a href=\"https:\/\/www.lemonde.fr\/newsletters\/international\/\" class=\"inread__link js-services-inread-link\" target=\"_blank\" rel=\"noopener\">  <\/p>\n<p>\u00ab International \u00bb<\/p>\n<p>L\u2019essentiel de l\u2019actualit\u00e9 internationale de la semaine<\/p>\n<p>S&rsquo;inscrire<\/p>\n<p> <\/a>             <\/p>\n<p class=\"article__paragraph  \">Alors que les statistiques officielles montrent une baisse de la criminalit\u00e9 violente \u00e0 Washington, le pr\u00e9sident am\u00e9ricain a d\u00e9clar\u00e9 invoquer une mesure qui l\u2019autorise \u00e0 prendre le contr\u00f4le de la police de cette ville au statut particulier aux Etats-Unis. A l\u2019inverse des 50\u00a0Etats am\u00e9ricains, la municipalit\u00e9 de Washington op\u00e8re en effet dans le cadre d\u2019une relation particuli\u00e8re avec l\u2019Etat f\u00e9d\u00e9ral, qui limite son autonomie.<\/p>\n<p>                                       Lire aussi |  Article r\u00e9serv\u00e9 \u00e0 nos abonn\u00e9s  <a href=\"https:\/\/www.lemonde.fr\/international\/article\/2025\/08\/17\/washington-vitrine-de-la-politique-securitaire-de-donald-trump_6630831_3210.html\" class=\"js-article-read-also catcher--favoris__link\" data-premium=\"1\" id=\"article-title-3434614\" target=\"_blank\" rel=\"noopener\">Washington, vitrine de la politique s\u00e9curitaire de Donald Trump<\/a>    <\/p>\n<p>   Lire plus tard  <\/p>\n<p class=\"author__detail\">  Le Monde avec AP, AFP et Reuters  <\/p>\n<p>                <a href=\"https:\/\/www.lemonde.fr\/syndication\/\" class=\"reuse__content\" title=\"R\u00e9utiliser ce contenu\" target=\"_blank\" rel=\"noopener\">R\u00e9utiliser ce contenu<\/a>      <\/p>\n","protected":false},"excerpt":{"rendered":"Des membres de la garde nationale, pr\u00e8s de la Maison Blanche, \u00e0 Washington, le 26\u00a0novembre 2025. MARK SCHIEFELBEIN\/AP&hellip;\n","protected":false},"author":2,"featured_media":561154,"comment_status":"","ping_status":"","sticky":false,"template":"","format":"standard","meta":{"footnotes":""},"categories":[5],"tags":[11,1011,27,14,12,28],"class_list":{"0":"post-561153","1":"post","2":"type-post","3":"status-publish","4":"format-standard","5":"has-post-thumbnail","7":"category-international","8":"tag-actualites","9":"tag-fr","10":"tag-france","11":"tag-international","12":"tag-news","13":"tag-world"},"share_on_mastodon":{"url":"https:\/\/pubeurope.com\/@fr\/115618937524244461","error":""},"_links":{"self":[{"href":"https:\/\/www.europesays.com\/fr\/wp-json\/wp\/v2\/posts\/561153","targetHints":{"allow":["GET"]}}],"collection":[{"href":"https:\/\/www.europesays.com\/fr\/wp-json\/wp\/v2\/posts"}],"about":[{"href":"https:\/\/www.europesays.com\/fr\/wp-json\/wp\/v2\/types\/post"}],"author":[{"embeddable":true,"href":"https:\/\/www.europesays.com\/fr\/wp-json\/wp\/v2\/users\/2"}],"replies":[{"embeddable":true,"href":"https:\/\/www.europesays.com\/fr\/wp-json\/wp\/v2\/comments?post=561153"}],"version-history":[{"count":0,"href":"https:\/\/www.europesays.com\/fr\/wp-json\/wp\/v2\/posts\/561153\/revisions"}],"wp:featuredmedia":[{"embeddable":true,"href":"https:\/\/www.europesays.com\/fr\/wp-json\/wp\/v2\/media\/561154"}],"wp:attachment":[{"href":"https:\/\/www.europesays.com\/fr\/wp-json\/wp\/v2\/media?parent=561153"}],"wp:term":[{"taxonomy":"category","embeddable":true,"href":"https:\/\/www.europesays.com\/fr\/wp-json\/wp\/v2\/categories?post=561153"},{"taxonomy":"post_tag","embeddable":true,"href":"https:\/\/www.europesays.com\/fr\/wp-json\/wp\/v2\/tags?post=561153"}],"curies":[{"name":"wp","href":"https:\/\/api.w.org\/{rel}","templated":true}]}}