{"id":561155,"date":"2025-11-27T00:55:13","date_gmt":"2025-11-27T00:55:13","guid":{"rendered":"https:\/\/www.europesays.com\/fr\/561155\/"},"modified":"2025-11-27T00:55:13","modified_gmt":"2025-11-27T00:55:13","slug":"les-medecins-liberaux-appellent-a-la-greve-a-partir-du-5-janvier","status":"publish","type":"post","link":"https:\/\/www.europesays.com\/fr\/561155\/","title":{"rendered":"Les m\u00e9decins lib\u00e9raux appellent \u00e0 la gr\u00e8ve \u00e0 partir du 5\u00a0janvier"},"content":{"rendered":"<p>Les syndicats de <a href=\"https:\/\/www.20minutes.fr\/dossier\/medecin\" target=\"_blank\" class=\"c-link c-link--is-underlined\" rel=\"noopener\">m\u00e9decins<\/a> lib\u00e9raux haussent le ton face au projet de budget de la <a href=\"https:\/\/www.20minutes.fr\/dossier\/securite_sociale\" target=\"_blank\" class=\"c-link c-link--is-underlined\" rel=\"noopener\">S\u00e9curit\u00e9 sociale<\/a> 2026, qu\u2019ils estiment mena\u00e7ant pour l\u2019avenir de la m\u00e9decine de ville. Les sept organisations repr\u00e9sentatives appellent les praticiens \u00e0 \u00ab\u00a0se pr\u00e9parer \u00e0 un <a href=\"https:\/\/www.20minutes.fr\/dossier\/greve_des_medecins\" target=\"_blank\" class=\"c-link c-link--is-underlined\" rel=\"noopener\">mouvement de gr\u00e8ve<\/a> sans pr\u00e9c\u00e9dent \u00e0 partir du 5\u00a0janvier\u00a0\u00bb et \u00e0 reporter d\u00e8s maintenant les rendez-vous pr\u00e9vus \u00e0 cette date. L\u2019initiative s\u2019inscrit dans la continuit\u00e9 d\u2019autres actions d\u00e9j\u00e0 engag\u00e9es, notamment une gr\u00e8ve dans le Sud-Est le 3\u00a0d\u00e9cembre.<\/p>\n<p>Au centre de la contestation, l\u2019UFML appelle \u00e0 une gr\u00e8ve de dix jours en janvier si les mesures jug\u00e9es \u00ab\u00a0destructrices\u00a0\u00bb sont maintenues. Le syndicat invite les m\u00e9decins \u00e0 fermer leurs plages de consultation du 5 au 15\u00a0janvier, pr\u00e9cisant qu\u2019elles pourront \u00eatre rouvertes en cas de retrait des articles litigieux. \u00ab\u00a0Je n\u2019ai jamais vu d\u2019attaque aussi importante contre la profession, et de col\u00e8re aussi importante\u00a0\u00bb, a d\u00e9clar\u00e9 son pr\u00e9sident, le Dr J\u00e9r\u00f4me Marty.<\/p>\n<\/p>\n<p>Les chirurgiens pourraient \u00e9galement suivre<\/p>\n<p>Le mouvement devrait \u00e9galement \u00eatre suivi par les <a href=\"https:\/\/www.20minutes.fr\/dossier\/chirurgie\" target=\"_blank\" class=\"c-link c-link--is-underlined\" rel=\"noopener\">chirurgiens<\/a> du Bloc, premier syndicat de sp\u00e9cialistes, qui annonce une gr\u00e8ve du 5 au 19\u00a0janvier. Plusieurs milliers de praticiens sont concern\u00e9s et certains envisagent de s\u2019exiler temporairement \u00e0 <a href=\"https:\/\/www.20minutes.fr\/dossier\/bruxelles\" target=\"_blank\" class=\"c-link c-link--is-underlined\" rel=\"noopener\">Bruxelles<\/a> pour \u00e9viter toute r\u00e9quisition. Les organisations visent notamment la volont\u00e9 d\u2019instaurer une surcotisation sur les honoraires des m\u00e9decins des secteurs 2 et 3, ainsi que la possibilit\u00e9 pour l\u2019<a href=\"https:\/\/www.20minutes.fr\/dossier\/assurance_maladie\" target=\"_blank\" class=\"c-link c-link--is-underlined\" rel=\"noopener\">Assurance maladie<\/a> d\u2019ajuster unilat\u00e9ralement certains tarifs jug\u00e9s trop rentables, notamment en radioth\u00e9rapie, imagerie, dialyse ou n\u00e9phrologie.<\/p>\n<p><a href=\"https:\/\/www.20minutes.fr\/dossier\/securite_sociale\" target=\"_blank\" class=\"c-link c-btn c-btn--primary\" rel=\"noopener\">Notre dossier sur la S\u00e9curit\u00e9 sociale<\/a><\/p>\n<p>Les syndicats d\u00e9noncent enfin la faible progression pr\u00e9vue de l\u2019enveloppe d\u00e9di\u00e9e \u00e0 la m\u00e9decine de ville, limit\u00e9e \u00e0 0,9\u00a0% dans la copie initiale du gouvernement, contre 2,4\u00a0% pour les h\u00f4pitaux. Ils contestent aussi un amendement supprimant certains abattements fiscaux pour les m\u00e9decins conventionn\u00e9s. \u00ab\u00a0Nous allons en appeler au Premier ministre, et je pense au pr\u00e9sident de la R\u00e9publique. Il va falloir que quelqu\u2019un joue les arbitres\u00a0\u00bb, affirme encore le Dr J\u00e9r\u00f4me Marty.<\/p>\n","protected":false},"excerpt":{"rendered":"Les syndicats de m\u00e9decins lib\u00e9raux haussent le ton face au projet de budget de la S\u00e9curit\u00e9 sociale 2026,&hellip;\n","protected":false},"author":2,"featured_media":561156,"comment_status":"","ping_status":"","sticky":false,"template":"","format":"standard","meta":{"footnotes":""},"categories":[4],"tags":[47,11,1003,1011,27,15532,6339,12,25,71,731,104,11564],"class_list":{"0":"post-561155","1":"post","2":"type-post","3":"status-publish","4":"format-standard","5":"has-post-thumbnail","7":"category-france","8":"tag-actualite","9":"tag-actualites","10":"tag-budget","11":"tag-fr","12":"tag-france","13":"tag-greve-des-medecins","14":"tag-medecin","15":"tag-news","16":"tag-republique-francaise","17":"tag-sante","18":"tag-securite-sociale","19":"tag-societe","20":"tag-syndicat"},"share_on_mastodon":{"url":"https:\/\/pubeurope.com\/@fr\/115618940401019892","error":""},"_links":{"self":[{"href":"https:\/\/www.europesays.com\/fr\/wp-json\/wp\/v2\/posts\/561155","targetHints":{"allow":["GET"]}}],"collection":[{"href":"https:\/\/www.europesays.com\/fr\/wp-json\/wp\/v2\/posts"}],"about":[{"href":"https:\/\/www.europesays.com\/fr\/wp-json\/wp\/v2\/types\/post"}],"author":[{"embeddable":true,"href":"https:\/\/www.europesays.com\/fr\/wp-json\/wp\/v2\/users\/2"}],"replies":[{"embeddable":true,"href":"https:\/\/www.europesays.com\/fr\/wp-json\/wp\/v2\/comments?post=561155"}],"version-history":[{"count":0,"href":"https:\/\/www.europesays.com\/fr\/wp-json\/wp\/v2\/posts\/561155\/revisions"}],"wp:featuredmedia":[{"embeddable":true,"href":"https:\/\/www.europesays.com\/fr\/wp-json\/wp\/v2\/media\/561156"}],"wp:attachment":[{"href":"https:\/\/www.europesays.com\/fr\/wp-json\/wp\/v2\/media?parent=561155"}],"wp:term":[{"taxonomy":"category","embeddable":true,"href":"https:\/\/www.europesays.com\/fr\/wp-json\/wp\/v2\/categories?post=561155"},{"taxonomy":"post_tag","embeddable":true,"href":"https:\/\/www.europesays.com\/fr\/wp-json\/wp\/v2\/tags?post=561155"}],"curies":[{"name":"wp","href":"https:\/\/api.w.org\/{rel}","templated":true}]}}