{"id":561159,"date":"2025-11-27T00:57:15","date_gmt":"2025-11-27T00:57:15","guid":{"rendered":"https:\/\/www.europesays.com\/fr\/561159\/"},"modified":"2025-11-27T00:57:15","modified_gmt":"2025-11-27T00:57:15","slug":"nous-nen-sommes-pas-encore-aux-fusillades-de-rue-a-saint-etienne","status":"publish","type":"post","link":"https:\/\/www.europesays.com\/fr\/561159\/","title":{"rendered":"\u00ab\u00a0Nous\u00a0n\u2019en sommes pas encore aux fusillades de rue \u00e0 Saint-Etienne\u00a0\u00bb"},"content":{"rendered":"<p>Il y a eu la cour d\u2019assises, l\u2019expertise psychiatrique et l\u2019abolition du discernement, l\u2019inceste, les saisies et confiscations p\u00e9nales. Cette ann\u00e9e, les cinqui\u00e8mes Rencontres p\u00e9nales st\u00e9phanoises s\u2019attaquent \u00e0 la lutte contre le trafic de stup\u00e9fiants. Me Fran\u00e7ois Paquet-Cauet, b\u00e2tonnier et cr\u00e9ateur de ce rendez-vous, en d\u00e9crypte les enjeux qui s\u2019inscrivent dans une actualit\u00e9 br\u00fblante.<\/p>\n<blockquote class=\"question\"><p>En quoi consistent les Rencontres p\u00e9nales st\u00e9phanoises\u00a0?<\/p><\/blockquote>\n<p>\u00ab\u00a0Ce temps fort, organis\u00e9 en partenariat entre le barreau de Saint-Etienne et la Facult\u00e9 de droit, <a href=\"https:\/\/www.leprogres.fr\/faits-divers-justice\/2022\/11\/18\/l-irresponsabilite-penale-est-une-question-tres-compliquee\" target=\"_blank\" rel=\"noopener\">est r\u00e9serv\u00e9 aux professionnels du droit<\/a>, sur inscription. L\u2019objectif est triple\u00a0: proposer une formation de qualit\u00e9 aux avocats p\u00e9nalistes st\u00e9phanois, montrer que Saint-Etienne poss\u00e8de des p\u00e9nalistes de haute vol\u00e9e et mettre en exergue le dynamisme et la comp\u00e9tence de notre facult\u00e9 en y faisant se rencontrer tous les acteurs du droit\u00a0: avocats, \u00e9tudiants, enseignants, magistrats, services d\u2019enqu\u00eate.\u00a0\u00bb<\/p>\n<p>  \u00ab\u00a0Un r\u00e9gime d\u2019exception dont nous craignons qu\u2019il ne devienne la r\u00e8gle\u00a0\u00bb<\/p>\n<blockquote class=\"question\"><p>Comment vont-elles se d\u00e9rouler\u00a0?<\/p><\/blockquote>\n<p>\u00ab\u00a0Le jeudi 27\u00a0novembre, au fil de trois tables rondes anim\u00e9es tant par des professionnels locaux que des intervenants ext\u00e9rieurs, qui permettront d\u2019\u00e9changer sur nos pratiques et notre vision.\u00a0\u00bb<\/p>\n<blockquote class=\"question\"><p>Pourquoi avoir choisi le th\u00e8me du narcotrafic\u00a0?<\/p><\/blockquote>\n<p>\u00ab\u00a0C\u2019est un sujet d\u2019actualit\u00e9, et d\u2019importance\u00a0! Le trafic de stup\u00e9fiants repr\u00e9sente pour les avocats un enjeu essentiel, c\u2019est un peu le laboratoire de la proc\u00e9dure p\u00e9nale. <a href=\"https:\/\/www.leprogres.fr\/faits-divers-justice\/2025\/11\/18\/loi-contre-le-narcotrafic-des-premiers-effets-a-defaut-de-grands-resultats-ou-en-est-on\" target=\"_blank\" rel=\"noopener\">La loi du 13\u00a0juin 2025<\/a> \u00ab\u00a0visant \u00e0 sortir la France du pi\u00e8ge du narcotrafic\u00a0\u00bb instaure un r\u00e9gime d\u2019exception dont nous craignons qu\u2019il ne devienne la r\u00e8gle. Le mouvement va toujours dans le m\u00eame sens\u00a0: quand on renforce le pouvoir des enqu\u00eateurs et des parquets dans un domaine particulier, on a ensuite tendance \u00e0 l\u2019\u00e9tendre. Nous, avocats, disons qu\u2019il y a un danger\u00a0: la r\u00e9duction de notre champ d\u2019intervention en termes de droits de la d\u00e9fense.\u00a0\u00bb<\/p>\n<p>  \u00ab Les r\u00e9seaux criminels organis\u00e9s et internationaux ne se sont pas implant\u00e9s sur le territoire st\u00e9phanois \u00bb<\/p>\n<blockquote class=\"question\"><p>Un point de deal est d\u00e9mantel\u00e9 presque chaque semaine dans la Loire, le d\u00e9partement est-il particuli\u00e8rement concern\u00e9\u00a0?<\/p><\/blockquote>\n<p>\u00ab\u00a0On souffre du commerce de la drogue dans la Loire, mais pas plus qu\u2019ailleurs. Mon sentiment est qu\u2019il existe des zones beaucoup plus gangren\u00e9es par le trafic dans les grandes villes des d\u00e9partements voisins. Nous d\u00e9plorons <a href=\"https:\/\/www.leprogres.fr\/faits-divers-justice\/2025\/11\/11\/pres-de-480-kilos-de-cannabis-saisis-prise-record-pour-les-policiers-de-la-loire\" target=\"_blank\" rel=\"noopener\">des points de deal, en grand nombre<\/a>. Mais il me semble que les r\u00e9seaux criminels organis\u00e9s et internationaux ne se sont pas implant\u00e9s sur le territoire st\u00e9phanois. On n\u2019en a pas d\u00e9tect\u00e9 en tout cas. Et nous n\u2019en sommes pas encore aux fusillades de rue \u00e0 Saint-Etienne.\u00a0\u00bb<\/p>\n<blockquote class=\"question\"><p>Existe-t-il des solutions\u00a0?<\/p><\/blockquote>\n<p>\u00ab\u00a0C\u2019est difficile \u00e0 dire. Le but n\u2019est \u00e9videmment pas de laisser les d\u00e9linquants continuer \u00e0 vendre du stup\u00e9fiant dans la rue. Quand on est avocat, on est aussi citoyen\u00a0! Notre discours consiste \u00e0 dire que ce combat ne justifie pas toutes les atteintes aux droits de la d\u00e9fense, seul moyen d\u2019\u00e9viter les erreurs judiciaires. Nous avons conscience que ces trafics sont des fl\u00e9aux. Mais quand on affaiblit les droits de la d\u00e9fense, on affaiblit la qualit\u00e9 des d\u00e9cisions de justice rendues.\u00a0\u00bb<\/p>\n","protected":false},"excerpt":{"rendered":"Il y a eu la cour d\u2019assises, l\u2019expertise psychiatrique et l\u2019abolition du discernement, l\u2019inceste, les saisies et confiscations&hellip;\n","protected":false},"author":2,"featured_media":561160,"comment_status":"","ping_status":"","sticky":false,"template":"","format":"standard","meta":{"footnotes":""},"categories":[9653],"tags":[1111,11,2430,271,272,7539,1777,674,274,1011,27,3367,12,25,4001,7538],"class_list":{"0":"post-561159","1":"post","2":"type-post","3":"status-publish","4":"format-standard","5":"has-post-thumbnail","7":"category-saint-etienne","8":"tag-actu","9":"tag-actualites","10":"tag-auvergne-rhone-alpes","11":"tag-crime","12":"tag-delit-et-contravention","13":"tag-edition-loire-sud","14":"tag-eu","15":"tag-europe","16":"tag-faits-divers-justice","17":"tag-fr","18":"tag-france","19":"tag-loire","20":"tag-news","21":"tag-republique-francaise","22":"tag-saint-etienne","23":"tag-saint-etienne-ville"},"share_on_mastodon":{"url":"https:\/\/pubeurope.com\/@fr\/115618948369947504","error":""},"_links":{"self":[{"href":"https:\/\/www.europesays.com\/fr\/wp-json\/wp\/v2\/posts\/561159","targetHints":{"allow":["GET"]}}],"collection":[{"href":"https:\/\/www.europesays.com\/fr\/wp-json\/wp\/v2\/posts"}],"about":[{"href":"https:\/\/www.europesays.com\/fr\/wp-json\/wp\/v2\/types\/post"}],"author":[{"embeddable":true,"href":"https:\/\/www.europesays.com\/fr\/wp-json\/wp\/v2\/users\/2"}],"replies":[{"embeddable":true,"href":"https:\/\/www.europesays.com\/fr\/wp-json\/wp\/v2\/comments?post=561159"}],"version-history":[{"count":0,"href":"https:\/\/www.europesays.com\/fr\/wp-json\/wp\/v2\/posts\/561159\/revisions"}],"wp:featuredmedia":[{"embeddable":true,"href":"https:\/\/www.europesays.com\/fr\/wp-json\/wp\/v2\/media\/561160"}],"wp:attachment":[{"href":"https:\/\/www.europesays.com\/fr\/wp-json\/wp\/v2\/media?parent=561159"}],"wp:term":[{"taxonomy":"category","embeddable":true,"href":"https:\/\/www.europesays.com\/fr\/wp-json\/wp\/v2\/categories?post=561159"},{"taxonomy":"post_tag","embeddable":true,"href":"https:\/\/www.europesays.com\/fr\/wp-json\/wp\/v2\/tags?post=561159"}],"curies":[{"name":"wp","href":"https:\/\/api.w.org\/{rel}","templated":true}]}}