{"id":561162,"date":"2025-11-27T00:59:18","date_gmt":"2025-11-27T00:59:18","guid":{"rendered":"https:\/\/www.europesays.com\/fr\/561162\/"},"modified":"2025-11-27T00:59:18","modified_gmt":"2025-11-27T00:59:18","slug":"nancy-au-salon-de-lemploi-candidats-et-recruteurs-se-sont-fait-face","status":"publish","type":"post","link":"https:\/\/www.europesays.com\/fr\/561162\/","title":{"rendered":"Nancy. Au Salon de l\u2019emploi, candidats et recruteurs se sont fait face"},"content":{"rendered":"<p>Ils \u00e9taient une cinquantaine, d\u00e8s 10\u00a0h, \u00e0 s\u2019engouffrer dans le Hall A du centre Jean-Prouv\u00e9 \u00e0 Nancy, ce mercredi 26\u00a0novembre. Demandeurs d\u2019emploi, candidats \u00e0 la formation, entrepreneurs\u00a0: tous venus participer au salon Eco Day, le grand rendez-vous \u00e9conomique du Grand Est organis\u00e9 par le groupe Ebra (dont L\u2019Est R\u00e9publicain fait partie), en partenariat avec la CCI Meurthe-et-Moselle.<\/p>\n<p>Une trentaine de recruteurs<\/p>\n<p>Cette journ\u00e9e enti\u00e8re consacr\u00e9e \u00e0 l\u2019emploi et \u00e0 l\u2019entrepreneuriat proposait trois temps forts, dont le Salon de l\u2019emploi, qui a&#8230;<\/p>\n","protected":false},"excerpt":{"rendered":"Ils \u00e9taient une cinquantaine, d\u00e8s 10\u00a0h, \u00e0 s\u2019engouffrer dans le Hall A du centre Jean-Prouv\u00e9 \u00e0 Nancy, ce&hellip;\n","protected":false},"author":2,"featured_media":561163,"comment_status":"","ping_status":"","sticky":false,"template":"","format":"standard","meta":{"footnotes":""},"categories":[9635],"tags":[1111,11,1477,4749,4406,33,1777,674,3183,1011,27,775,693,5015,3457,1702,12,2922,3456,25,801,104,216],"class_list":{"0":"post-561162","1":"post","2":"type-post","3":"status-publish","4":"format-standard","5":"has-post-thumbnail","7":"category-nancy","8":"tag-actu","9":"tag-actualites","10":"tag-artisanat","11":"tag-btp-et-chantiers","12":"tag-commerce-et-services","13":"tag-economie","14":"tag-eu","15":"tag-europe","16":"tag-finance-et-fiscalite","17":"tag-fr","18":"tag-france","19":"tag-grand-est","20":"tag-industrie","21":"tag-innovation-et-start-up","22":"tag-meurthe-et-moselle","23":"tag-nancy","24":"tag-news","25":"tag-pouvoir-dachat","26":"tag-region-lorraine","27":"tag-republique-francaise","28":"tag-social","29":"tag-societe","30":"tag-vie-des-entreprises"},"share_on_mastodon":{"url":"https:\/\/pubeurope.com\/@fr\/115618956276136276","error":""},"_links":{"self":[{"href":"https:\/\/www.europesays.com\/fr\/wp-json\/wp\/v2\/posts\/561162","targetHints":{"allow":["GET"]}}],"collection":[{"href":"https:\/\/www.europesays.com\/fr\/wp-json\/wp\/v2\/posts"}],"about":[{"href":"https:\/\/www.europesays.com\/fr\/wp-json\/wp\/v2\/types\/post"}],"author":[{"embeddable":true,"href":"https:\/\/www.europesays.com\/fr\/wp-json\/wp\/v2\/users\/2"}],"replies":[{"embeddable":true,"href":"https:\/\/www.europesays.com\/fr\/wp-json\/wp\/v2\/comments?post=561162"}],"version-history":[{"count":0,"href":"https:\/\/www.europesays.com\/fr\/wp-json\/wp\/v2\/posts\/561162\/revisions"}],"wp:featuredmedia":[{"embeddable":true,"href":"https:\/\/www.europesays.com\/fr\/wp-json\/wp\/v2\/media\/561163"}],"wp:attachment":[{"href":"https:\/\/www.europesays.com\/fr\/wp-json\/wp\/v2\/media?parent=561162"}],"wp:term":[{"taxonomy":"category","embeddable":true,"href":"https:\/\/www.europesays.com\/fr\/wp-json\/wp\/v2\/categories?post=561162"},{"taxonomy":"post_tag","embeddable":true,"href":"https:\/\/www.europesays.com\/fr\/wp-json\/wp\/v2\/tags?post=561162"}],"curies":[{"name":"wp","href":"https:\/\/api.w.org\/{rel}","templated":true}]}}