{"id":561172,"date":"2025-11-27T01:06:14","date_gmt":"2025-11-27T01:06:14","guid":{"rendered":"https:\/\/www.europesays.com\/fr\/561172\/"},"modified":"2025-11-27T01:06:14","modified_gmt":"2025-11-27T01:06:14","slug":"previsions-du-jeudi-27-novembre-2025","status":"publish","type":"post","link":"https:\/\/www.europesays.com\/fr\/561172\/","title":{"rendered":"pr\u00e9visions du jeudi 27 novembre 2025"},"content":{"rendered":"<p>Montpellier va vivre une belle journ\u00e9e tr\u00e8s ensoleill\u00e9e. Les valeurs afficheront entre 4\u00b0C et 11\u00b0C. Les Montpelli\u00e9rains vont avoir froid le matin : les temp\u00e9ratures ne vont pas d\u00e9passer 9\u00b0C. Le thermom\u00e8tre affichera 7\u00b0C en moyenne. Un l\u00e9ger vent de nord-ouest soufflera. Les temp\u00e9ratures seront comprises entre 7 et 11\u00b0C l&rsquo;apr\u00e8s-midi. La ville aura quelques \u00e9claircies le soir. Il fera en moyenne 5\u00b0C. Pendant votre sommeil, dans la nuit de jeudi \u00e0 vendredi, le ciel sera clair.<\/p>\n<p>Les Montpelli\u00e9rains vont avoir froid demain : les temp\u00e9ratures ne vont pas d\u00e9passer 12\u00b0C. Les valeurs s&rsquo;\u00e9chelonneront entre 3 et 12\u00b0C \u00e0 Montpellier. Une modeste brise de nord-ouest sera ressentie par les habitants. Un magnifique soleil va briller et ce, tout au long de la matin\u00e9e. On pr\u00e9voit des temp\u00e9ratures avoisinant 5\u00b0C. Le ciel va s&rsquo;\u00e9claircir au cours de l&rsquo;apr\u00e8s-midi. Un temps plus chaud est attendu \u00e9tant donn\u00e9 que le mercure va enregistrer une l\u00e9g\u00e8re augmentation. Les valeurs afficheront entre 9 et 12\u00b0C. Dans la soir\u00e9e, les temp\u00e9ratures tourneront autour des 8\u00b0C.<\/p>\n<p>Le temps sera plut\u00f4t instable pour les jours \u00e0 venir. Une am\u00e9lioration est pr\u00e9vue dimanche, alors que la journ\u00e9e de samedi aura \u00e9t\u00e9 pluvieuse.<\/p>\n<p><\/p>\n","protected":false},"excerpt":{"rendered":"Montpellier va vivre une belle journ\u00e9e tr\u00e8s ensoleill\u00e9e. Les valeurs afficheront entre 4\u00b0C et 11\u00b0C. Les Montpelli\u00e9rains vont&hellip;\n","protected":false},"author":2,"featured_media":561173,"comment_status":"","ping_status":"","sticky":false,"template":"","format":"standard","meta":{"footnotes":""},"categories":[9599],"tags":[1111,11,1777,674,1011,27,2208,12,2680,2119,25],"class_list":{"0":"post-561172","1":"post","2":"type-post","3":"status-publish","4":"format-standard","5":"has-post-thumbnail","7":"category-montpellier","8":"tag-actu","9":"tag-actualites","10":"tag-eu","11":"tag-europe","12":"tag-fr","13":"tag-france","14":"tag-montpellier","15":"tag-news","16":"tag-occitanie","17":"tag-previsions-meteo","18":"tag-republique-francaise"},"share_on_mastodon":{"url":"https:\/\/pubeurope.com\/@fr\/115618983678711899","error":""},"_links":{"self":[{"href":"https:\/\/www.europesays.com\/fr\/wp-json\/wp\/v2\/posts\/561172","targetHints":{"allow":["GET"]}}],"collection":[{"href":"https:\/\/www.europesays.com\/fr\/wp-json\/wp\/v2\/posts"}],"about":[{"href":"https:\/\/www.europesays.com\/fr\/wp-json\/wp\/v2\/types\/post"}],"author":[{"embeddable":true,"href":"https:\/\/www.europesays.com\/fr\/wp-json\/wp\/v2\/users\/2"}],"replies":[{"embeddable":true,"href":"https:\/\/www.europesays.com\/fr\/wp-json\/wp\/v2\/comments?post=561172"}],"version-history":[{"count":0,"href":"https:\/\/www.europesays.com\/fr\/wp-json\/wp\/v2\/posts\/561172\/revisions"}],"wp:featuredmedia":[{"embeddable":true,"href":"https:\/\/www.europesays.com\/fr\/wp-json\/wp\/v2\/media\/561173"}],"wp:attachment":[{"href":"https:\/\/www.europesays.com\/fr\/wp-json\/wp\/v2\/media?parent=561172"}],"wp:term":[{"taxonomy":"category","embeddable":true,"href":"https:\/\/www.europesays.com\/fr\/wp-json\/wp\/v2\/categories?post=561172"},{"taxonomy":"post_tag","embeddable":true,"href":"https:\/\/www.europesays.com\/fr\/wp-json\/wp\/v2\/tags?post=561172"}],"curies":[{"name":"wp","href":"https:\/\/api.w.org\/{rel}","templated":true}]}}