{"id":561174,"date":"2025-11-27T01:08:13","date_gmt":"2025-11-27T01:08:13","guid":{"rendered":"https:\/\/www.europesays.com\/fr\/561174\/"},"modified":"2025-11-27T01:08:13","modified_gmt":"2025-11-27T01:08:13","slug":"cetait-incroyable-des-petits-normands-invites-a-regarder-un-entrainement-de-lequipe-de-france-de-basket-a-rouen","status":"publish","type":"post","link":"https:\/\/www.europesays.com\/fr\/561174\/","title":{"rendered":"\u00ab\u00a0C&rsquo;\u00e9tait incroyable\u00a0\u00bb : des petits normands invit\u00e9s \u00e0 regarder un entrainement de l&rsquo;\u00e9quipe de France de basket \u00e0 Rouen"},"content":{"rendered":"<p>Pr\u00e8s de 500 enfants de la Seine-Maritime et de l&rsquo;Eure sont venus assister ce mercredi \u00e0 un entra\u00eenement de l&rsquo;\u00e9quipe de France de basket. Les Bleus jouent ce vendredi contre la Belgique, match de qualification pour la coupe du monde 2027.<\/p>\n<p>Pr\u00e8s de 500 enfants ont assist\u00e9 ce mercredi \u00e0 un entra\u00eenement de l&rsquo;\u00e9quipe de France de basket au Kindarena de Rouen. Les Bleus affrontent la Belgique ce vendredi soir dans un match qui compte pour les qualifications \u00e0 la coupe du monde 2027. Elle aura lieu au Qatar. En attendant, c&rsquo;est sans ses stars, retenues par leur club de NBA ou en Euroligue, que les Fran\u00e7ais ont peaufin\u00e9 leur jeu avant la r\u00e9ception des Belges ce vendredi.<\/p>\n<p>Un entrainement dans une ambiance silencieuse<\/p>\n<p>Dans les all\u00e9es des tribunes, sa chasuble jaune sur le dos, William, 9 ans, commente avec son copain Sma\u00efl chaque pas, <strong>chaque action des Bleus<\/strong>. \u00ab\u00a0Ils sont super grands\u00a0\u00bb, sourit les deux copains qui sont venus de Canteleu avec leur centre a\u00e9r\u00e9.\u00a0\u00bbC&rsquo;est une premi\u00e8re pour nous, on ne connait pas les joueurs, mais on est content d&rsquo;\u00eatre l\u00e0\u00a0\u00bb. Un peu plus loin, 43 enfants d&rsquo;un autre centre a\u00e9r\u00e9, celui de Saint-Pierre-l\u00e8s-Elbeuf, sont aussi venus avec des accompagnateurs.<\/p>\n<p>\u00ab\u00a0C&rsquo;est comme un r\u00eave\u00a0\u00bb, nous r\u00e9pond Lisa, 9 ans, \u00ab\u00a0ce qui est bien, c&rsquo;est que l&rsquo;on voit des vrais basketteurs et des basketteurs de l&rsquo;\u00e9quipe de France\u00a0\u00bb, sourit la jeune fille. \u00ab\u00a0J&rsquo;ai toujours voulu regarder une \u00e9quipe de France, des basketteurs, \u00e7a m&rsquo;impressionne\u00a0\u00bb, poursuit-elle. L&rsquo;\u00e9quipe de France, m\u00e9daille d&rsquo;argent aux jeux olympiques de Paris 2024, impressionne aussi Tom, l&rsquo;un de ses accompagnateurs.<\/p>\n<p>\u00ab\u00a0On pourrait croire qu&rsquo;il y a <strong>des applaudissements, de l&rsquo;ambiance,<\/strong> mais non, on est \u00e0 un entrainement et tout le monde a compris qu&rsquo;il fallait les laisser se concentrer\u00a0\u00bb, analyse le jeune \u00e9ducateur de 19 ans. \u00ab\u00a0D\u00e8s qu&rsquo;il y a un peu d&rsquo;intensit\u00e9, ils sont tous concentr\u00e9s, m\u00eame les enfants. On a de la chance d&rsquo;\u00eatre l\u00e0 et c&rsquo;est ce que je leur dis, c&rsquo;est une chance pour nous tous d&rsquo;\u00eatre l\u00e0 et d&rsquo;assister \u00e0 cet entra\u00eenement\u00a0\u00bb, conclut Tom.<\/p>\n<p>L&rsquo;\u00e9quipe de France joue ce vendredi contre la Belgique au Kindarena de Rouen.<\/p>\n","protected":false},"excerpt":{"rendered":"Pr\u00e8s de 500 enfants de la Seine-Maritime et de l&rsquo;Eure sont venus assister ce mercredi \u00e0 un entra\u00eenement&hellip;\n","protected":false},"author":2,"featured_media":561175,"comment_status":"","ping_status":"","sticky":false,"template":"","format":"standard","meta":{"footnotes":""},"categories":[9587],"tags":[1111,11,1777,674,1011,27,12,5161,25,9590],"class_list":{"0":"post-561174","1":"post","2":"type-post","3":"status-publish","4":"format-standard","5":"has-post-thumbnail","7":"category-rouen","8":"tag-actu","9":"tag-actualites","10":"tag-eu","11":"tag-europe","12":"tag-fr","13":"tag-france","14":"tag-news","15":"tag-normandie","16":"tag-republique-francaise","17":"tag-rouen"},"share_on_mastodon":{"url":"https:\/\/pubeurope.com\/@fr\/115618991770941439","error":""},"_links":{"self":[{"href":"https:\/\/www.europesays.com\/fr\/wp-json\/wp\/v2\/posts\/561174","targetHints":{"allow":["GET"]}}],"collection":[{"href":"https:\/\/www.europesays.com\/fr\/wp-json\/wp\/v2\/posts"}],"about":[{"href":"https:\/\/www.europesays.com\/fr\/wp-json\/wp\/v2\/types\/post"}],"author":[{"embeddable":true,"href":"https:\/\/www.europesays.com\/fr\/wp-json\/wp\/v2\/users\/2"}],"replies":[{"embeddable":true,"href":"https:\/\/www.europesays.com\/fr\/wp-json\/wp\/v2\/comments?post=561174"}],"version-history":[{"count":0,"href":"https:\/\/www.europesays.com\/fr\/wp-json\/wp\/v2\/posts\/561174\/revisions"}],"wp:featuredmedia":[{"embeddable":true,"href":"https:\/\/www.europesays.com\/fr\/wp-json\/wp\/v2\/media\/561175"}],"wp:attachment":[{"href":"https:\/\/www.europesays.com\/fr\/wp-json\/wp\/v2\/media?parent=561174"}],"wp:term":[{"taxonomy":"category","embeddable":true,"href":"https:\/\/www.europesays.com\/fr\/wp-json\/wp\/v2\/categories?post=561174"},{"taxonomy":"post_tag","embeddable":true,"href":"https:\/\/www.europesays.com\/fr\/wp-json\/wp\/v2\/tags?post=561174"}],"curies":[{"name":"wp","href":"https:\/\/api.w.org\/{rel}","templated":true}]}}