{"id":561176,"date":"2025-11-27T01:09:11","date_gmt":"2025-11-27T01:09:11","guid":{"rendered":"https:\/\/www.europesays.com\/fr\/561176\/"},"modified":"2025-11-27T01:09:11","modified_gmt":"2025-11-27T01:09:11","slug":"le-sappey-en-chartreuse-gros-episode-neigeux-en-chartreuse-neige-bien-plus-cohesive-cette-fois-ci","status":"publish","type":"post","link":"https:\/\/www.europesays.com\/fr\/561176\/","title":{"rendered":"Le Sappey en Chartreuse : Gros \u00e9pisode neigeux en Chartreuse, neige bien plus coh\u00e9sive cette fois-ci !"},"content":{"rendered":"<p>                                                        <a href=\"https:\/\/www.skipass.com\/users\/jamrek\/live.html\" class=\"user-link\" target=\"_blank\" rel=\"noopener\">jamrek <\/a><br \/>\n                                                        Je crois que nous l&rsquo;avons tous constat\u00e9, le rin\u00e7age de lundi fut d\u00e9primant.<\/p>\n<p>Un \u00e9norme \u00ab\u00a0reset\u00a0\u00bb \u00e0 moyenne altitude (jusqu&rsquo;\u00e0 au moins 1600m en Chartreuse) malheureusement un reset pas dans le sens esp\u00e9r\u00e9&#8230;<\/p>\n<p>Heureusement, la journ\u00e9e de mardi mais notamment la nuit de mardi \u00e0 mercredi a su ressusciter la magie des paysages enneig\u00e9s !<\/p>\n<p>Ainsi, il \u00e9tait bon ce midi de constater le retour triomphant de ma gourmandise pr\u00e9f\u00e9r\u00e9e. Le Macaron g\u00e9ant gel\u00e9 m&rsquo;a \u00e9t\u00e9 \u00e0 nouveau servi pour le dessert&#8230;<\/p>\n<p><b>Un bon 25\/30 cm ce coup ci, d&rsquo;une neige M agglom\u00e9rante..<\/b>De la trempe de celle qui casse les branches des arbres ou fait effondrer les vieilles toitures de cabanes de jardin mal entretenues&#8230; ( True story)<\/p>\n<p>Demain, le ciel s&rsquo;ouvre, \u00e0 la contemplation, nous devrions rajouter l&rsquo;action ! <\/p>\n<p>Vive la neige, pas le vent.<\/p>\n<p>\n                            <strong>Qualit\u00e9 du ski <\/strong> : 3\/5                        <\/p>\n<p>                                    <strong>M\u00e9t\u00e9o<\/strong> : Ce jeudi 27 novembre au Sappey en Chartreuse, la journ\u00e9e se d\u00e9roule sous un ciel souvent lumineux. Le matin, des \u00e9claircies alternent avec quelques bancs nuageux. L\u2019apr\u00e8s-midi reste bien d\u00e9gag\u00e9 dans l\u2019ensemble, puis la couverture nuageuse se renforce en soir\u00e9e.                                    Consultez <a href=\"https:\/\/www.skipass.com\/meteo\/Le-Sappey-en-Chartreuse.html\" target=\"_blank\" rel=\"noopener\">la m\u00e9t\u00e9o du Sappey en Chartreuse<\/a> pour le bulletin complet.<\/p>\n","protected":false},"excerpt":{"rendered":"jamrek Je crois que nous l&rsquo;avons tous constat\u00e9, le rin\u00e7age de lundi fut d\u00e9primant. Un \u00e9norme \u00ab\u00a0reset\u00a0\u00bb \u00e0&hellip;\n","protected":false},"author":2,"featured_media":561177,"comment_status":"","ping_status":"","sticky":false,"template":"","format":"standard","meta":{"footnotes":""},"categories":[9566],"tags":[1111,11,2430,1777,674,1011,27,2731,12,25],"class_list":{"0":"post-561176","1":"post","2":"type-post","3":"status-publish","4":"format-standard","5":"has-post-thumbnail","7":"category-grenoble","8":"tag-actu","9":"tag-actualites","10":"tag-auvergne-rhone-alpes","11":"tag-eu","12":"tag-europe","13":"tag-fr","14":"tag-france","15":"tag-grenoble","16":"tag-news","17":"tag-republique-francaise"},"share_on_mastodon":{"url":"https:\/\/pubeurope.com\/@fr\/115618995833751825","error":""},"_links":{"self":[{"href":"https:\/\/www.europesays.com\/fr\/wp-json\/wp\/v2\/posts\/561176","targetHints":{"allow":["GET"]}}],"collection":[{"href":"https:\/\/www.europesays.com\/fr\/wp-json\/wp\/v2\/posts"}],"about":[{"href":"https:\/\/www.europesays.com\/fr\/wp-json\/wp\/v2\/types\/post"}],"author":[{"embeddable":true,"href":"https:\/\/www.europesays.com\/fr\/wp-json\/wp\/v2\/users\/2"}],"replies":[{"embeddable":true,"href":"https:\/\/www.europesays.com\/fr\/wp-json\/wp\/v2\/comments?post=561176"}],"version-history":[{"count":0,"href":"https:\/\/www.europesays.com\/fr\/wp-json\/wp\/v2\/posts\/561176\/revisions"}],"wp:featuredmedia":[{"embeddable":true,"href":"https:\/\/www.europesays.com\/fr\/wp-json\/wp\/v2\/media\/561177"}],"wp:attachment":[{"href":"https:\/\/www.europesays.com\/fr\/wp-json\/wp\/v2\/media?parent=561176"}],"wp:term":[{"taxonomy":"category","embeddable":true,"href":"https:\/\/www.europesays.com\/fr\/wp-json\/wp\/v2\/categories?post=561176"},{"taxonomy":"post_tag","embeddable":true,"href":"https:\/\/www.europesays.com\/fr\/wp-json\/wp\/v2\/tags?post=561176"}],"curies":[{"name":"wp","href":"https:\/\/api.w.org\/{rel}","templated":true}]}}