{"id":561178,"date":"2025-11-27T01:10:32","date_gmt":"2025-11-27T01:10:32","guid":{"rendered":"https:\/\/www.europesays.com\/fr\/561178\/"},"modified":"2025-11-27T01:10:32","modified_gmt":"2025-11-27T01:10:32","slug":"les-elus-rouge-verts-refusent-dattribuer-les-hlm-vides","status":"publish","type":"post","link":"https:\/\/www.europesays.com\/fr\/561178\/","title":{"rendered":"LES \u00c9LUS ROUGE\/VERTS REFUSENT D&rsquo;ATTRIBUER LES HLM VIDES"},"content":{"rendered":"<p>Posted On 26 novembre 2025 <\/p>\n<p style=\"text-align: justify;\"><a href=\"https:\/\/grenoble-le-changement.fr\/2024\/07\/04\/klauss-habfast-adjoint-au-maire-condamne-pour-favoritisme\/\" target=\"_blank\" rel=\"noopener\">Klaus Habfsat, Pr\u00e9sident de Grenoble-Habita<\/a>t et Pierre Bejjaji, Pr\u00e9sident d&rsquo;Actis, deux \u00e9lus du groupe Rouge\/Verts de la M\u00e9tropole refusent d&rsquo;attribuer les HLM vides aux familles \u00e0 la rue. Pire c&rsquo;est m\u00eame le second, Pierre Bejjaji, qui les a mis \u00e0 la rue en les expulsant de la place des G\u00e9ants, o\u00f9 ils occupaient des logements d&rsquo;Actis.\u00a0<\/p>\n<p style=\"text-align: justify;\">Pas une fois Mohamed Fofana, membre de \u201cSolidarit\u00e9 expulsions\u201d et Rapha\u00ebl Beth, militant du Dal38 ne mettent en cause ces \u00e9lus. Au lieu de s&rsquo;attaquer aux marchands de sommeil qui sous louaient ces logements sociaux, les \u00e9lus ont pr\u00e9f\u00e9r\u00e9 expulser les familles log\u00e9es ! Lesquelles se sont install\u00e9es \u00e0 la M\u00e9tropole.\u00a0<\/p>\n<p><img decoding=\"async\" data-id=\"32010\" src=\"https:\/\/grenoble-le-changement.fr\/wp-content\/uploads\/2018\/12\/Habfsat-Klauss-.png\" alt=\"\" class=\"wp-image-32010 jetpack-lazy-image\" data-lazy-src=\"https:\/\/www.europesays.com\/fr\/wp-content\/uploads\/2025\/11\/Habfsat-Klauss-.png\" \/><\/p>\n<p><img decoding=\"async\" data-id=\"71517\" src=\"https:\/\/grenoble-le-changement.fr\/wp-content\/uploads\/2024\/02\/pierre-bejjaji-eelv.png\" alt=\"\" class=\"wp-image-71517 jetpack-lazy-image\" data-lazy-src=\"https:\/\/www.europesays.com\/fr\/wp-content\/uploads\/2025\/11\/pierre-bejjaji-eelv.png\" \/><\/p>\n<p><img decoding=\"async\" data-id=\"85638\" src=\"https:\/\/grenoble-le-changement.fr\/wp-content\/uploads\/2025\/10\/Ruffin-triste-mine-france-3.png\" alt=\"\" class=\"wp-image-85638 jetpack-lazy-image\" data-lazy-src=\"https:\/\/www.europesays.com\/fr\/wp-content\/uploads\/2025\/11\/Ruffin-triste-mine-france-3.png\" \/><br \/>\nKlauss Habfast, Pierre Bejjaji du groupe d&rsquo;\u00e9lus soutiens de Laurence Ruffin : responsables, coupables, jamais mis en cause&#8230;<\/p>\n<p><strong>DES MARCHANDS DE SOMMEIL DANS LES HLM<\/strong><\/p>\n<p style=\"text-align: justify;\">Car les marchands de sommeil ne sont pas dans le priv\u00e9, mais dans les HLM ! \u00ab\u00a0Ces personnes fuient des marchands de sommeil, un syst\u00e8me mafieux, le racket, les menaces de mort et les violences physiques qui en r\u00e9sultent\u201d, osent \u00e9crire Christophe Ferrari, Pr\u00e9sident et J\u00e9r\u00f4me Rubes, Vice-Pr\u00e9sident (PCF). \u00abQuelques habitants du quartier viennent avec des machettes nous demander de l\u2019argent. Il y a trois bandes, chacune demande cinquante euros ou plus \u00bb a confi\u00e9 un occupant \u00e0 Albane Pommereau (DL du 24\/11\/25). \u00ab\u00a0Ils nous mena\u00e7aient si on ne payait pas. Maintenant, c\u2019est Actis qui nous expulse, sans nous proposer de solution \u00bb, raconte Aboubacar, 28 ans \u00e0 Place Gre&rsquo;Net. <a href=\"https:\/\/grenoble-le-changement.fr\/2024\/04\/07\/deal-dans-les-hlm-les-presidents-dactis-et-de-grenoble-habitat-laissent-faire\/\" target=\"_blank\" rel=\"noopener\">Dans des logements que leurs \u00e9lus g\u00e8rent.<\/a><\/p>\n<p style=\"text-align: justify;\"><strong>LE \u00ab\u00a0BAILLEUR SOCIAL\u00a0\u00bb N&rsquo;A PAS DE PATRON\u00a0<\/strong><\/p>\n<p style=\"text-align: justify;\">Que ce soit Place Gre&rsquo;net, Albane Pommereau ou Jean-Benoit Vigny dans le DL, il est tr\u00e8s pudiquement question du \u00ab\u00a0bailleur social\u00a0\u00bb, maintenant leurs patrons dans un confortable anonymat. C&rsquo;est comme si, parlant de LVMH, on ne citait jamais Bernard Arnault. Tout le beau monde s&rsquo;en prend donc \u00e0&#8230; l&rsquo;Etat. Christophe Ferrari, le Pr\u00e9sident de la M\u00e9tropole (Place Publique), J\u00e9r\u00f4me Rubes son Vice-Pr\u00e9sident au logement (PCF) interviennent aupr\u00e8s de &#8230; Catherine Seguin, la Pr\u00e9f\u00e8te.\u00a0<\/p>\n<p style=\"text-align: justify;\"><strong>34 % DE LOGEMENTS VIDES \u00c0 MISTRAL\u00a0<\/strong><\/p>\n<p style=\"text-align: justify;\">\u00ab Il faut absolument que les maires <a href=\"https:\/\/grenoble-le-changement.fr\/2025\/11\/09\/requisitions-la-municipalite-sattaque-a-nouveau-aux-proprietaires\/\" target=\"_blank\" rel=\"noopener\">r\u00e9quisitionnent des logements<\/a><a href=\"https:\/\/grenoble-le-changement.fr\/2025\/11\/09\/requisitions-la-municipalite-sattaque-a-nouveau-aux-proprietaires\/\" target=\"_blank\" rel=\"noopener\"> \u00bb<\/a> r\u00e9p\u00e8te Mohamed Fofana. Mais la m\u00eame Pr\u00e9f\u00e8te a relev\u00e9 \u00e0 la suite de sa descente de police \u00e0 Mistral &#8230; 34 % de logements vides. Les taux sont de l&rsquo;ordre de 30 % \u00e0 la Villeneuve ! <a href=\"https:\/\/grenoble-le-changement.fr\/2025\/10\/21\/logements-vacants-grenoble-bat-le-record-national\/\" target=\"_blank\" rel=\"noopener\">Au total on compte de l&rsquo;ordre de 3000 HLM vides \u00e0 Grenoble<\/a>.\u00a0<\/p>\n<p><img decoding=\"async\" data-id=\"85573\" src=\"https:\/\/grenoble-le-changement.fr\/wp-content\/uploads\/2025\/10\/Capture-de\u0301cran-2025-10-20-a\u0300-10.56.25.png\" alt=\"\" class=\"wp-image-85573 jetpack-lazy-image\" data-lazy-src=\"https:\/\/www.europesays.com\/fr\/wp-content\/uploads\/2025\/10\/Capture-de\u0301cran-2025-10-20-a\u0300-10.56.25.png\" \/>La politique du logement conduite \u00e0 Grenoble aboutit \u00e0 6612 logements vacants \u00e0 Grenoble en 2025 dont la moiti\u00e9 dans les HLM ! <\/p>\n<p><strong>LES \u00ab\u00a0ASSOCIATIONS\u00a0\u00bb NE R\u00c9CLAMENT PAS LES HLM VIDES<\/strong><\/p>\n<p style=\"text-align: justify;\">Etrange que ces associations ne r\u00e9clament pas aux \u00e9lus rouge\/Verts qui les g\u00e8rent d&rsquo;en \u00ab\u00a0r\u00e9quisitionner\u00a0\u00bb <a href=\"https:\/\/grenoble-le-changement.fr\/2022\/04\/13\/les-logements-hlm-vides-occupes-par-les-dealers\/\" target=\"_blank\" rel=\"noopener\">quelques uns puisqu&rsquo;ils sont vides.<\/a> Avant de s&rsquo;occuper des malheureux propri\u00e9taires d\u00e9j\u00e0 \u00e9cras\u00e9s par la <a href=\"https:\/\/grenoble-le-changement.fr\/2023\/10\/04\/taxe-fonciere-grenoble-creve-tous-les-plafonds\/\" target=\"_blank\" rel=\"noopener\">taxe fonci\u00e8re<\/a> la plus <a href=\"https:\/\/grenoble-le-changement.fr\/2024\/09\/08\/grenoble-en-tete-des-grandes-villes-pour-les-impots-locaux\/\" target=\"_blank\" rel=\"noopener\">\u00e9lev\u00e9e de France<\/a>, le blocage des loyers, <a href=\"https:\/\/grenoble-le-changement.fr\/2024\/07\/30\/un-permis-de-louer-impose-%ef%bf%bc-par-la-municipalite-aux-proprietaires\/\" target=\"_blank\" rel=\"noopener\">le permis de louer&#8230;<\/a><\/p>\n<p style=\"text-align: justify;\"><strong>LA TARTUFFERIE MUNICIPALE SUR LA R\u00c9QUISITION\u00a0<\/strong><\/p>\n<p style=\"text-align: justify;\">Et la majorit\u00e9 municipale grenobloise de rench\u00e9rir puisqu&rsquo;elle \u00ab\u00a0continue d\u2019avancer sur l\u2019identification des <a href=\"https:\/\/grenoble-le-changement.fr\/2025\/07\/12\/requisitions-de-logements-encore-une-fausse-annonce-de-piolle\/\" target=\"_blank\" rel=\"noopener\">logements pouvant faire l\u2019objet d\u2019une r\u00e9quisition.\u00a0\u00bb <\/a>Une telle tartufferie sur la mis\u00e8re est totalement inadmissible. Le \u00ab\u00a0logement inconditionnel\u00a0\u00bb est \u00e9videmment impossible \u00e0 assurer. Aucun pays au monde ne peut garantir \u00e0 toute personne qui d\u00e9cide de s&rsquo;installer sur son sol sans autorisation, de le loger, le nourrir, le soigner, l&rsquo;\u00e9duquer.\u00a0<\/p>\n<p style=\"text-align: justify;\"><strong>LA MIS\u00c8RE HUMAINE CHAIR \u00c0 CANONS DES PARTIS<\/strong><\/p>\n<p style=\"text-align: justify;\">Il est \u00e9vident que tous les acteurs sont d\u00e9bord\u00e9s par cette cette d\u00e9magogie et que l&rsquo;extr\u00eame gauche, <a href=\"https:\/\/grenoble-le-changement.fr\/2023\/04\/30\/qui-se-cache-derriere-le-dal38\/\" target=\"_blank\" rel=\"noopener\">le NPA en particulier en fait un bras arm\u00e9 de lutte<\/a> contre le capitalisme et de la concurrence \u00e0 l&rsquo;extr\u00eame gauche. Cette mis\u00e8re humaine est une chair \u00e0 canons pour ces partis.<\/p>\n<p style=\"text-align: justify;\"><strong>ILS AVAIENT COUP\u00c9 LE CHAUFFAGE, L&rsquo;EAU, L&rsquo;\u00c9LECTRICIT\u00c9 AUX FAMILLES\u00a0<\/strong><\/p>\n<p style=\"text-align: justify;\">On se souvient des Volets Verts \u00e0 l&rsquo;Abbaye, <a href=\"https:\/\/grenoble-le-changement.fr\/2021\/01\/16\/abbaye-le-dereglement-municipal-a-son-comble\/\" target=\"_blank\" rel=\"noopener\">ces logements vides appartenant \u00e0 la ville<\/a>, occup\u00e9s par des familles \u00e0 la rue. Ce sont ces m\u00eames \u00e9lus qui avaient coup\u00e9 l\u2019\u00e9lectricit\u00e9 (Vincent Fristot, Pr\u00e9sident\u00a0 ADES de GEG), le chauffage (Alan Confesson, Pr\u00e9sident LFI de la compagnie de chauffage) et l\u2019eau (Olivier Bertrand, Pr\u00e9sident Verts\/Ades de la SPL des Eaux) tous \u00e9lus Verts\/LFI et Ades afin de les chasser. Ces logements\u00a0 sont toujours vides !\u00a0 <a href=\"https:\/\/grenoble-le-changement.fr\/2021\/02\/05\/le-dal-et-labbaye-cachez-ce-on-que-je-ne-saurais-voir\/\" target=\"_blank\" rel=\"noopener\">Le Dal n&rsquo;avait jamais mis en cause les \u00e9lus concern\u00e9s.<\/a> Et pour cause.<\/p>\n<p><a href=\"https:\/\/grenoble-le-changement.fr\/wp-content\/uploads\/2025\/11\/Capture-de\u0301cran-2025-11-25-a\u0300-14.44.59.png\" rel=\"lightbox[86357] noopener\" target=\"_blank\"><img decoding=\"async\" data-id=\"86360\" src=\"https:\/\/grenoble-le-changement.fr\/wp-content\/uploads\/2025\/11\/Capture-de\u0301cran-2025-11-25-a\u0300-14.44.59-1024x571.png\" alt=\"\" class=\"wp-image-86360 jetpack-lazy-image\" data-lazy-src=\"https:\/\/www.europesays.com\/fr\/wp-content\/uploads\/2025\/11\/Capture-de\u0301cran-2025-11-25-a\u0300-14.44.59-1024x571.png\" \/><\/a><\/p>\n<p><a href=\"https:\/\/grenoble-le-changement.fr\/wp-content\/uploads\/2025\/11\/Capture-de\u0301cran-2025-11-25-a\u0300-14.44.46.png\" rel=\"lightbox[86357] noopener\" target=\"_blank\"><img decoding=\"async\" data-id=\"86359\" src=\"https:\/\/grenoble-le-changement.fr\/wp-content\/uploads\/2025\/11\/Capture-de\u0301cran-2025-11-25-a\u0300-14.44.46-1024x552.png\" alt=\"\" class=\"wp-image-86359 jetpack-lazy-image\" data-lazy-src=\"https:\/\/www.europesays.com\/fr\/wp-content\/uploads\/2025\/11\/Capture-de\u0301cran-2025-11-25-a\u0300-14.44.46-1024x552.png\" \/><\/a><\/p>\n<p><a href=\"https:\/\/grenoble-le-changement.fr\/wp-content\/uploads\/2025\/11\/Capture-de\u0301cran-2025-11-25-a\u0300-14.44.34.png\" rel=\"lightbox[86357] noopener\" target=\"_blank\"><img decoding=\"async\" data-id=\"86358\" src=\"https:\/\/grenoble-le-changement.fr\/wp-content\/uploads\/2025\/11\/Capture-de\u0301cran-2025-11-25-a\u0300-14.44.34-1024x595.png\" alt=\"\" class=\"wp-image-86358 jetpack-lazy-image\" data-lazy-src=\"https:\/\/www.europesays.com\/fr\/wp-content\/uploads\/2025\/11\/Capture-de\u0301cran-2025-11-25-a\u0300-14.44.34-1024x595.png\" \/><\/a><br \/>\nTous les \u00e9lus soutiens de Laurence Ruffin \u00e0 l&rsquo;oeuvre pour couper l&rsquo;\u00e9lectricit\u00e9, le chauffage et l&rsquo;eau en plein hiver aux familles \u00e0 la rue qui occupaient les HLM vides de l&rsquo;abbaye <\/p>\n<p><a href=\"https:\/\/grenoble-le-changement.fr\/wp-content\/uploads\/2025\/11\/Capture-de\u0301cran-2025-11-25-a\u0300-14.42.59.png\" rel=\"lightbox[86357] noopener\" target=\"_blank\"><img decoding=\"async\" data-id=\"86361\" src=\"https:\/\/grenoble-le-changement.fr\/wp-content\/uploads\/2025\/11\/Capture-de\u0301cran-2025-11-25-a\u0300-14.42.59-877x1024.png\" alt=\"\" class=\"wp-image-86361 jetpack-lazy-image\" data-lazy-src=\"https:\/\/www.europesays.com\/fr\/wp-content\/uploads\/2025\/11\/Capture-de\u0301cran-2025-11-25-a\u0300-14.42.59-877x1024.png\" \/><\/a><br \/>\nLa base de gauche avait r\u00e9agi lors de cette premi\u00e8re expulsion des familles avant celle d&rsquo;aujourd&rsquo;hui <\/p>\n<p><strong>UNE CAMPAGNE ANTI PROPRI\u00c9TAIRES <\/strong><\/p>\n<p style=\"text-align: justify;\">D&rsquo;ailleurs le collectif \u00ab\u00a0R\u00e9concilier Grenoble\u00a0\u00bb explique que \u00ab\u00a0la campagne actuelle conduite par l\u2019extr\u00eame gauche n\u2019a pas pour objet de loger ces familles, mais de les utiliser pour une campagne politique anti propri\u00e9taires. Les \u00e9lus actuels disposent de tous les logements vides qu\u2019ils peuvent imm\u00e9diatement attribuer \u00e0 ces familles\u00a0\u00bb.\u00a0<\/p>\n<p style=\"text-align: justify;\"><strong>LES MAFIAS DE L&rsquo;IMMIGRATION ET DES DEALERS SACRIFIENT DES GAMINS<\/strong><\/p>\n<p style=\"text-align: justify;\">En installant ces malheureux au si\u00e8ge de la M\u00e9tropole sans mettre en cause ceux qui ont conduit \u00e0 cette situation, le DAL et les autres entendent peser sur l&rsquo;\u00e9ch\u00e9ance municipale dans la surench\u00e8re. Evidemment sans solution p\u00e9renne. Quand on pense <a href=\"https:\/\/grenoble-le-changement.fr\/2025\/11\/23\/securite-le-plan-dalain-carignon-pour-retablir-lordre-a-grenoble\/\" target=\"_blank\" rel=\"noopener\">aux cons\u00e9quences de cette irresponsabilit\u00e9<\/a> sur les mineurs isol\u00e9s, on est effray\u00e9 : <a href=\"https:\/\/grenoble-le-changement.fr\/2025\/11\/17\/12-ans-et-crible-de-balles-ce-a-quoi-conduit-le-deal-a-grenoble\/\" target=\"_blank\" rel=\"noopener\">le gamin de 15 ans tu\u00e9 \u00e0 Hoche et celui de 12\/13 ans tir\u00e9 \u00e0 St Bruno<\/a> \u00e9taient bien tous les deux h\u00e9berg\u00e9s dans le cadre de l&rsquo;accueil des mineurs. Mais les mafias de l&rsquo;immigration et les dealers leur proposent de gagner 50 ou 100 \u20ac comme \u00ab\u00a0chouffeur\u00a0\u00bb, oubliant de leur pr\u00e9ciser qu&rsquo;ils risquent leur vie.\u00a0<\/p>\n<p><img decoding=\"async\" data-id=\"75940\" src=\"https:\/\/grenoble-le-changement.fr\/wp-content\/uploads\/2024\/08\/abbaye-logements-vides--scaled.jpg\" alt=\"\" class=\"wp-image-75940 jetpack-lazy-image\" data-lazy-src=\"https:\/\/www.europesays.com\/fr\/wp-content\/uploads\/2025\/11\/abbaye-logements-vides--scaled.jpg\" \/><br \/>\nDes centaines de logements vides \u00e0 l&rsquo;Abbaye pour plusieurs ann\u00e9es : attribu\u00e9s \u00e0 un promoteur qui ne pourra jamais produire des logements \u00e0 4000\u20ac\u00a0le m2 au milieu des HLM !<\/p>\n<p><strong>PIOLLE A LANC\u00c9 DES APPELS \u00c0 PASSER LES FRONTI\u00c8RES<\/strong><\/p>\n<p style=\"text-align: justify;\">La surench\u00e8re se terminera mal pour les \u00e9lus Rouge\/Verts car ils ne peuvent pas suivre. Mais les premi\u00e8res victimes sont bien ces familles auxquelles Eric Piolle <a href=\"https:\/\/grenoble-le-changement.fr\/2018\/01\/16\/18-juin-e-piolle-lance-un-nouvel-appel-dair-aux-etrangers-irreguliers\/\" target=\"_blank\" rel=\"noopener\">a lanc\u00e9 des appels path\u00e9tiques depuis le Montgen\u00e8vre<\/a> pour leur expliquer que les fronti\u00e8res \u00e9taient ouvertes, qu&rsquo;il suffisait de les traverser pour recevoir \u00e0 Grenoble un \u00ab\u00a0accueil inconditionnel\u00a0\u00bb.\u00a0<\/p>\n<p style=\"text-align: justify;\">Qu&rsquo;il sait impossible \u00e0 r\u00e9aliser. Quant on sait comment et o\u00f9 vivent des Eric Piolle et <a href=\"https:\/\/grenoble-le-changement.fr\/2025\/11\/10\/laurence-ruffin-limposture-verte-se-fait-discrete\/\" target=\"_blank\" rel=\"noopener\">des Laurence Ruffin<\/a> &#8211; m\u00eame si cette derni\u00e8re <a href=\"https:\/\/grenoble-le-changement.fr\/2024\/11\/23\/laurence-ruffin-verts-lfi-petits-mensonges-et-gros-sabots\/\" target=\"_blank\" rel=\"noopener\">a bien crois\u00e9 la mis\u00e8re au Mali en faisant du v\u00e9lo !<\/a> &#8211; on ne peut \u00eatre qu&rsquo;\u00e9c\u0153ur\u00e9. On a honte pour eux. Ces manipulations soul\u00e8vent le c\u0153ur.\u00a0<\/p>\n<p style=\"text-align: justify;\"><strong>UNE INSUPPORTABLE INSTRUMENTALISATION\u00a0<\/strong><\/p>\n<p style=\"text-align: justify;\">Grenoble, comme la France, ne peut pas accueillir toute la mis\u00e8re du monde. La dignit\u00e9 des personnes concern\u00e9es implique que la ville d\u00e9finisse le niveau auquel elle peut faire face et assurer alors toutes les conditions d&rsquo;insertion aux familles concern\u00e9es afin qu&rsquo;elles b\u00e9n\u00e9ficient au plus t\u00f4t de la promotion sociale par le travail.\u00a0<\/p>\n<p style=\"text-align: justify;\">Tout le reste est une instrumentalisation insupportable. La p\u00e9riode \u00e9lectorale va encore exacerber les tensions sur ce sujet en mettant ces familles en avant. Vivement qu&rsquo;elle s&rsquo;ach\u00e8ve afin de retrouver la s\u00e9r\u00e9nit\u00e9 du d\u00e9bat et le respect des personnes concern\u00e9es.<\/p>\n","protected":false},"excerpt":{"rendered":"Posted On 26 novembre 2025 Klaus Habfsat, Pr\u00e9sident de Grenoble-Habitat et Pierre Bejjaji, Pr\u00e9sident d&rsquo;Actis, deux \u00e9lus du&hellip;\n","protected":false},"author":2,"featured_media":561179,"comment_status":"","ping_status":"","sticky":false,"template":"","format":"standard","meta":{"footnotes":""},"categories":[9566],"tags":[31377,1111,11,11148,40027,2430,44819,9604,33712,1777,674,1011,27,2731,42086,10307,39554,10135,10136,67778,12,15454,31379,10139,25,10850],"class_list":{"0":"post-561178","1":"post","2":"type-post","3":"status-publish","4":"format-standard","5":"has-post-thumbnail","7":"category-grenoble","8":"tag-actis","9":"tag-actu","10":"tag-actualites","11":"tag-alan-confesson","12":"tag-albane-pommereau","13":"tag-auvergne-rhone-alpes","14":"tag-catherine-seguin","15":"tag-christophe-ferrari","16":"tag-dal","17":"tag-eu","18":"tag-europe","19":"tag-fr","20":"tag-france","21":"tag-grenoble","22":"tag-grenoble-habitat","23":"tag-jean-benoit-vigny","24":"tag-jerome-rubes","25":"tag-klauss-habfsat","26":"tag-laurence-ruffin","27":"tag-mohamed-fofana","28":"tag-news","29":"tag-olivier-bertrand","30":"tag-pierre-bejjaji","31":"tag-place-grenet","32":"tag-republique-francaise","33":"tag-vincent-fristot"},"share_on_mastodon":{"url":"https:\/\/pubeurope.com\/@fr\/115619000744105008","error":""},"_links":{"self":[{"href":"https:\/\/www.europesays.com\/fr\/wp-json\/wp\/v2\/posts\/561178","targetHints":{"allow":["GET"]}}],"collection":[{"href":"https:\/\/www.europesays.com\/fr\/wp-json\/wp\/v2\/posts"}],"about":[{"href":"https:\/\/www.europesays.com\/fr\/wp-json\/wp\/v2\/types\/post"}],"author":[{"embeddable":true,"href":"https:\/\/www.europesays.com\/fr\/wp-json\/wp\/v2\/users\/2"}],"replies":[{"embeddable":true,"href":"https:\/\/www.europesays.com\/fr\/wp-json\/wp\/v2\/comments?post=561178"}],"version-history":[{"count":0,"href":"https:\/\/www.europesays.com\/fr\/wp-json\/wp\/v2\/posts\/561178\/revisions"}],"wp:featuredmedia":[{"embeddable":true,"href":"https:\/\/www.europesays.com\/fr\/wp-json\/wp\/v2\/media\/561179"}],"wp:attachment":[{"href":"https:\/\/www.europesays.com\/fr\/wp-json\/wp\/v2\/media?parent=561178"}],"wp:term":[{"taxonomy":"category","embeddable":true,"href":"https:\/\/www.europesays.com\/fr\/wp-json\/wp\/v2\/categories?post=561178"},{"taxonomy":"post_tag","embeddable":true,"href":"https:\/\/www.europesays.com\/fr\/wp-json\/wp\/v2\/tags?post=561178"}],"curies":[{"name":"wp","href":"https:\/\/api.w.org\/{rel}","templated":true}]}}