{"id":561182,"date":"2025-11-27T01:12:14","date_gmt":"2025-11-27T01:12:14","guid":{"rendered":"https:\/\/www.europesays.com\/fr\/561182\/"},"modified":"2025-11-27T01:12:14","modified_gmt":"2025-11-27T01:12:14","slug":"previsions-du-jeudi-27-novembre-2025-2","status":"publish","type":"post","link":"https:\/\/www.europesays.com\/fr\/561182\/","title":{"rendered":"pr\u00e9visions du jeudi 27 novembre 2025"},"content":{"rendered":"<p>\u00c0 Rennes, le ciel va peu \u00e0 peu s&rsquo;obscurcir durant la journ\u00e9e avec l&rsquo;apparition de nuages. Les temp\u00e9ratures s&rsquo;\u00e9chelonneront entre 4 et 9\u00b0C. Le matin, le temps sera marqu\u00e9 par des pluies \u00e9parses. Les valeurs seront comprises entre 5 et 7\u00b0C. Un vent de sud-est soufflera l\u00e9g\u00e8rement, avec 17 km\/h. Les temp\u00e9ratures s&rsquo;\u00e9chelonneront de 8 \u00e0 9\u00b0C sur l&rsquo;ensemble de l&rsquo;apr\u00e8s-midi. La soir\u00e9e sera marqu\u00e9e par de la bruine l\u00e9g\u00e8re. Les valeurs afficheront entre 8 et 9\u00b0C. Pendant que vous dormirez, dans la nuit de jeudi \u00e0 vendredi, le ciel sera pluvieux.<\/p>\n<p>Demain, c&rsquo;est une hausse de quelques degr\u00e9s que vont enregistrer les temp\u00e9ratures dans la ville de Rennes. On pr\u00e9voit des temp\u00e9ratures avoisinant 11\u00b0C. Le brouillard sera au rendez-vous, le matin, \u00e0 cause de la m\u00e9t\u00e9o tr\u00e8s humide. Les maximales atteindront les 13\u00b0C tandis que les minimales seront de 11\u00b0C. Un vent de sud-ouest soufflera doucement. Demain apr\u00e8s-midi, un ciel avec des \u00e9claircies va progressivement remplacer les nuages. Les valeurs seront de 9\u00b0C au plus bas et de 14\u00b0C au maximum. Dans la soir\u00e9e, les temp\u00e9ratures tourneront autour des 8\u00b0C. Un vent de sud-ouest rafra\u00eechira sensiblement l&rsquo;atmosph\u00e8re.<\/p>\n<p>Les conditions m\u00e9t\u00e9orologiques seront assez instables les prochains jours. On s&rsquo;attend \u00e0 une am\u00e9lioration dimanche, apr\u00e8s une journ\u00e9e pluvieuse samedi.<\/p>\n<p><\/p>\n","protected":false},"excerpt":{"rendered":"\u00c0 Rennes, le ciel va peu \u00e0 peu s&rsquo;obscurcir durant la journ\u00e9e avec l&rsquo;apparition de nuages. Les temp\u00e9ratures&hellip;\n","protected":false},"author":2,"featured_media":561183,"comment_status":"","ping_status":"","sticky":false,"template":"","format":"standard","meta":{"footnotes":""},"categories":[2821],"tags":[1111,11,829,1777,674,1011,27,12,2119,584,25],"class_list":{"0":"post-561182","1":"post","2":"type-post","3":"status-publish","4":"format-standard","5":"has-post-thumbnail","7":"category-rennes","8":"tag-actu","9":"tag-actualites","10":"tag-bretagne","11":"tag-eu","12":"tag-europe","13":"tag-fr","14":"tag-france","15":"tag-news","16":"tag-previsions-meteo","17":"tag-rennes","18":"tag-republique-francaise"},"share_on_mastodon":{"url":"https:\/\/pubeurope.com\/@fr\/115619007307029344","error":""},"_links":{"self":[{"href":"https:\/\/www.europesays.com\/fr\/wp-json\/wp\/v2\/posts\/561182","targetHints":{"allow":["GET"]}}],"collection":[{"href":"https:\/\/www.europesays.com\/fr\/wp-json\/wp\/v2\/posts"}],"about":[{"href":"https:\/\/www.europesays.com\/fr\/wp-json\/wp\/v2\/types\/post"}],"author":[{"embeddable":true,"href":"https:\/\/www.europesays.com\/fr\/wp-json\/wp\/v2\/users\/2"}],"replies":[{"embeddable":true,"href":"https:\/\/www.europesays.com\/fr\/wp-json\/wp\/v2\/comments?post=561182"}],"version-history":[{"count":0,"href":"https:\/\/www.europesays.com\/fr\/wp-json\/wp\/v2\/posts\/561182\/revisions"}],"wp:featuredmedia":[{"embeddable":true,"href":"https:\/\/www.europesays.com\/fr\/wp-json\/wp\/v2\/media\/561183"}],"wp:attachment":[{"href":"https:\/\/www.europesays.com\/fr\/wp-json\/wp\/v2\/media?parent=561182"}],"wp:term":[{"taxonomy":"category","embeddable":true,"href":"https:\/\/www.europesays.com\/fr\/wp-json\/wp\/v2\/categories?post=561182"},{"taxonomy":"post_tag","embeddable":true,"href":"https:\/\/www.europesays.com\/fr\/wp-json\/wp\/v2\/tags?post=561182"}],"curies":[{"name":"wp","href":"https:\/\/api.w.org\/{rel}","templated":true}]}}