{"id":561188,"date":"2025-11-27T01:15:21","date_gmt":"2025-11-27T01:15:21","guid":{"rendered":"https:\/\/www.europesays.com\/fr\/561188\/"},"modified":"2025-11-27T01:15:21","modified_gmt":"2025-11-27T01:15:21","slug":"une-pratique-infernale-la-prison-de-nice-croule-sous-les-colis-envoyes-par-dessus-ses","status":"publish","type":"post","link":"https:\/\/www.europesays.com\/fr\/561188\/","title":{"rendered":"Une pratique \u00ab\u00a0infernale\u00a0\u00bb\u00a0: la prison de Nice croule sous les colis envoy\u00e9s par-dessus ses"},"content":{"rendered":"<p>Un fl\u00e9au qui touche toutes les prisons de France, mais particuli\u00e8rement la maison d\u2019arr\u00eat de\u00a0Nice (Alpes-Maritimes). Situ\u00e9 en plein centre-ville, l\u2019\u00e9tablissement p\u00e9nitentiaire subit au quotidien des jets de colis et paquets destin\u00e9s aux d\u00e9tenus par-dessus son mur d\u2019enceinte, rapporte\u00a0<a href=\"https:\/\/france3-regions.franceinfo.fr\/provence-alpes-cote-d-azur\/alpes-maritimes\/nice\/en-images-telephones-cigarettes-lames-pour-scier-les-barreaux-des-jets-de-colis-sauvages-inondent-la-maison-d-arret-de-nice-3255334.html\" target=\"_blank\" rel=\"noopener\"> France 3\u00a0Provence-Alpes-C\u00f4te-d\u2019Azur <\/a>.<\/p>\n<p>Le syndicat Ufap-Unsa Justice a r\u00e9cemment tir\u00e9 la sonnette d\u2019alarme sur la situation en partageant des photos des lieux. On y voit les filets anti-projections ployant sous le poids des colis jet\u00e9s depuis l\u2019ext\u00e9rieur et bloqu\u00e9s par le dispositif. <strong>\u00ab\u00a0Les projections [\u2026] sont si pesantes qu\u2019il va c\u00e9der\u00a0\u00bb<\/strong>, s\u2019inqui\u00e8te le secr\u00e9taire local du syndicat, Nordine Souab, aupr\u00e8s de\u00a0<a href=\"https:\/\/www.nicematin.com\/faits-divers\/des-photos-saisissantes-de-la-maison-d-arret-de-nice-croulant-sous-les-projections-un-phenomene-perdu-10658071\" target=\"_blank\" rel=\"noopener\"> Nice-Matin <\/a>.<\/p>\n<p>Des nuisances pour les agents comme pour les voisins<\/p>\n<p>Les colis contiennent des t\u00e9l\u00e9phones, des cigarettes, du cannabis, de l\u2019alcool, de la viande, des bonbons et m\u00eame des lames pour scier les barreaux. D\u00e9but novembre, un couteau avec une lame de 12\u00a0cm a ainsi \u00e9t\u00e9 retrouv\u00e9 dans un paquet.<\/p>\n<\/p>\n<p>Le syndicat p\u00e9nitentiaire d\u00e9nonce une pratique <strong>\u00ab\u00a0infernale\u00a0\u00bb <\/strong>qui d\u00e9grade les conditions de travail des agents. <strong>\u00ab\u00a0Cela peut cr\u00e9er de la tension suppl\u00e9mentaire<\/strong>, explique Nordine Souab. <strong>Cela nous ajoute du stress et des risques suppl\u00e9mentaires dans ce travail qui est d\u00e9j\u00e0 compliqu\u00e9.\u00a0\u00bb<\/strong><\/p>\n<p>Une meilleure s\u00e9curit\u00e9 demand\u00e9e par les agents p\u00e9nitentiaires<\/p>\n<p>Des d\u00e9tenus arrivent parfois \u00e0 r\u00e9cup\u00e9rer certains colis, ce qui augmente le nombre de fouilles de cellules n\u00e9cessaires pour assurer la s\u00e9curit\u00e9 dans la prison qui accueille 630\u00a0d\u00e9tenus (soit une surpopulation de 200\u00a0%). Le syndicat demande un renforcement du syst\u00e8me de s\u00e9curit\u00e9, notamment par le d\u00e9calage du grillage qui permettrait de bloquer plus de colis lanc\u00e9s.<\/p>\n<p>G\u00e9rald Darmanin a r\u00e9cemment annonc\u00e9 un investissement de 29\u00a0millions d\u2019euros pour renforcer la s\u00e9curit\u00e9 dans les plus gros \u00e9tablissements p\u00e9nitentiaires et atteindre l\u2019objectif <strong>\u00ab\u00a0z\u00e9ro portable en prison\u00a0\u00bb<\/strong>. Des dispositifs anti-drones vont notamment \u00eatre install\u00e9s afin de limiter la pr\u00e9sence de smartphones et les activit\u00e9s criminelles depuis l\u2019int\u00e9rieur des prisons, pr\u00e9cise\u00a0Nice-Matin.<\/p>\n<p>\u00a0<\/p>\n","protected":false},"excerpt":{"rendered":"Un fl\u00e9au qui touche toutes les prisons de France, mais particuli\u00e8rement la maison d\u2019arr\u00eat de\u00a0Nice (Alpes-Maritimes). Situ\u00e9 en&hellip;\n","protected":false},"author":2,"featured_media":561189,"comment_status":"","ping_status":"","sticky":false,"template":"","format":"standard","meta":{"footnotes":""},"categories":[2819],"tags":[1111,11,12784,67779,37145,1777,674,1011,27,41960,18257,12,2401,67780,32137,806,882,25,2310],"class_list":{"0":"post-561188","1":"post","2":"type-post","3":"status-publish","4":"format-standard","5":"has-post-thumbnail","7":"category-nice","8":"tag-actu","9":"tag-actualites","10":"tag-colis","11":"tag-croule","12":"tag-envoyes","13":"tag-eu","14":"tag-europe","15":"tag-fr","16":"tag-france","17":"tag-infernale","18":"tag-murs","19":"tag-news","20":"tag-nice","21":"tag-par-dessus","22":"tag-pratique","23":"tag-prison","24":"tag-provence-alpes-cote-dazur","25":"tag-republique-francaise","26":"tag-toulon"},"share_on_mastodon":{"url":"https:\/\/pubeurope.com\/@fr\/115619019095769308","error":""},"_links":{"self":[{"href":"https:\/\/www.europesays.com\/fr\/wp-json\/wp\/v2\/posts\/561188","targetHints":{"allow":["GET"]}}],"collection":[{"href":"https:\/\/www.europesays.com\/fr\/wp-json\/wp\/v2\/posts"}],"about":[{"href":"https:\/\/www.europesays.com\/fr\/wp-json\/wp\/v2\/types\/post"}],"author":[{"embeddable":true,"href":"https:\/\/www.europesays.com\/fr\/wp-json\/wp\/v2\/users\/2"}],"replies":[{"embeddable":true,"href":"https:\/\/www.europesays.com\/fr\/wp-json\/wp\/v2\/comments?post=561188"}],"version-history":[{"count":0,"href":"https:\/\/www.europesays.com\/fr\/wp-json\/wp\/v2\/posts\/561188\/revisions"}],"wp:featuredmedia":[{"embeddable":true,"href":"https:\/\/www.europesays.com\/fr\/wp-json\/wp\/v2\/media\/561189"}],"wp:attachment":[{"href":"https:\/\/www.europesays.com\/fr\/wp-json\/wp\/v2\/media?parent=561188"}],"wp:term":[{"taxonomy":"category","embeddable":true,"href":"https:\/\/www.europesays.com\/fr\/wp-json\/wp\/v2\/categories?post=561188"},{"taxonomy":"post_tag","embeddable":true,"href":"https:\/\/www.europesays.com\/fr\/wp-json\/wp\/v2\/tags?post=561188"}],"curies":[{"name":"wp","href":"https:\/\/api.w.org\/{rel}","templated":true}]}}