{"id":56119,"date":"2025-04-27T05:47:07","date_gmt":"2025-04-27T05:47:07","guid":{"rendered":"https:\/\/www.europesays.com\/fr\/56119\/"},"modified":"2025-04-27T05:47:07","modified_gmt":"2025-04-27T05:47:07","slug":"leurope-au-prisme-des-100-jours-de-presidence-trump","status":"publish","type":"post","link":"https:\/\/www.europesays.com\/fr\/56119\/","title":{"rendered":"L&rsquo;Europe au prisme des 100 jours de pr\u00e9sidence Trump"},"content":{"rendered":"<p>\n                                                Avec le retour de Donald Trump, l\u2019Europe \u00e9prouve un m\u00e9lange ambigu d\u2019admiration et de m\u00e9fiance envers Washington. Toujours s\u00e9duit par le dynamisme et l\u2019esprit d\u2019innovation des \u00c9tats-Unis, le Vieux Continent n\u2019en redoute pas moins leurs ambitions g\u00e9opolitiques et semble s\u2019appr\u00eater \u00e0 prendre pour de bon ses distances avec l\u2019Oncle Sam.                    <\/p>\n<p>L\u2019imposition par l\u2019administration Trump de droits de douane sur les produits <strong><a target=\"_self\" href=\"https:\/\/www.rfi.fr\/fr\/tag\/union-europ\u00e9enne\/\" rel=\"noopener\">europ\u00e9ens<\/a><\/strong> et les menaces de nouvelles guerres <strong><a target=\"_self\" href=\"https:\/\/www.rfi.fr\/fr\/tag\/commerce-et-\u00e9changes\/\" rel=\"noopener\">commerciales<\/a><\/strong> sont en train de d\u00e9stabiliser les \u00e9conomies du continent qui reconsid\u00e8rent leur d\u00e9pendance au march\u00e9 am\u00e9ricain et explorent d\u2019autres partenariats. Alors que la croissance mondiale est revue en forte baisse, la zone euro semble moins affect\u00e9e. Au-del\u00e0, l\u2019unit\u00e9 de l\u2019<strong><a target=\"_self\" href=\"https:\/\/www.rfi.fr\/fr\/tag\/otan\/\" rel=\"noopener\">OTAN<\/a><\/strong> est mise \u00e0 rude \u00e9preuve poussant l\u2019Europe vers la mise en \u0153uvre d\u2019une plus grande autonomie de d\u00e9fense. Reste que l\u2019adh\u00e9sion enthousiaste de certains dirigeants europ\u00e9ens aux politiques nationalistes de Trump contrastant fortement avec le scepticisme et l\u2019inqui\u00e9tude des autres mettent en \u00e9vidence des divisions. \u00a0Que peuvent faire les Europ\u00e9ens face \u00e0 Trump\u00a0et laiss\u00e9s seuls face \u00e0 <strong><a target=\"_self\" href=\"https:\/\/www.rfi.fr\/fr\/tag\/vladimir-poutine\/\" rel=\"noopener\">Poutine<\/a><\/strong>\u00a0?\u00a0\u00a0<\/p>\n<p><strong>Invit\u00e9s :<\/strong><\/p>\n<ul>\n<li><strong>Fran\u00e7oise Thom,<\/strong>\u00a0historienne, sovi\u00e9tologue, ma\u00eetresse de conf\u00e9rences \u00e9m\u00e9rite \u00e0 la Sorbonne Universit\u00e9<\/li>\n<li><strong>Alix Frangeul-Alves<\/strong>, coordinatrice de programmes, Risques g\u00e9opolitiques et strat\u00e9gie \u00e0 la German Marshall Fund of the United States<\/li>\n<li><strong>Guillaume Duval<\/strong>, conseiller aupr\u00e8s de l\u2019Institut Jacques Delors. Ancien speechwriter de Josep Borrell, Haut Repr\u00e9sentant de l\u2019UE pour les Affaires \u00e9trang\u00e8res et la politique de s\u00e9curit\u00e9.<\/li>\n<\/ul>\n","protected":false},"excerpt":{"rendered":"Avec le retour de Donald Trump, l\u2019Europe \u00e9prouve un m\u00e9lange ambigu d\u2019admiration et de m\u00e9fiance envers Washington. Toujours&hellip;\n","protected":false},"author":2,"featured_media":56120,"comment_status":"","ping_status":"","sticky":false,"template":"","format":"standard","meta":{"footnotes":""},"categories":[1586],"tags":[11,75,73,1777,674,1011,27,3535,74,12,25,364],"class_list":{"0":"post-56119","1":"post","2":"type-post","3":"status-publish","4":"format-standard","5":"has-post-thumbnail","7":"category-europe","8":"tag-actualites","9":"tag-donald-trump","10":"tag-etats-unis","11":"tag-eu","12":"tag-europe","13":"tag-fr","14":"tag-france","15":"tag-geopolitique","16":"tag-monde","17":"tag-news","18":"tag-republique-francaise","19":"tag-union-europeenne"},"share_on_mastodon":{"url":"https:\/\/pubeurope.com\/@fr\/114408354310747690","error":""},"_links":{"self":[{"href":"https:\/\/www.europesays.com\/fr\/wp-json\/wp\/v2\/posts\/56119","targetHints":{"allow":["GET"]}}],"collection":[{"href":"https:\/\/www.europesays.com\/fr\/wp-json\/wp\/v2\/posts"}],"about":[{"href":"https:\/\/www.europesays.com\/fr\/wp-json\/wp\/v2\/types\/post"}],"author":[{"embeddable":true,"href":"https:\/\/www.europesays.com\/fr\/wp-json\/wp\/v2\/users\/2"}],"replies":[{"embeddable":true,"href":"https:\/\/www.europesays.com\/fr\/wp-json\/wp\/v2\/comments?post=56119"}],"version-history":[{"count":0,"href":"https:\/\/www.europesays.com\/fr\/wp-json\/wp\/v2\/posts\/56119\/revisions"}],"wp:featuredmedia":[{"embeddable":true,"href":"https:\/\/www.europesays.com\/fr\/wp-json\/wp\/v2\/media\/56120"}],"wp:attachment":[{"href":"https:\/\/www.europesays.com\/fr\/wp-json\/wp\/v2\/media?parent=56119"}],"wp:term":[{"taxonomy":"category","embeddable":true,"href":"https:\/\/www.europesays.com\/fr\/wp-json\/wp\/v2\/categories?post=56119"},{"taxonomy":"post_tag","embeddable":true,"href":"https:\/\/www.europesays.com\/fr\/wp-json\/wp\/v2\/tags?post=56119"}],"curies":[{"name":"wp","href":"https:\/\/api.w.org\/{rel}","templated":true}]}}