{"id":561193,"date":"2025-11-27T01:18:12","date_gmt":"2025-11-27T01:18:12","guid":{"rendered":"https:\/\/www.europesays.com\/fr\/561193\/"},"modified":"2025-11-27T01:18:12","modified_gmt":"2025-11-27T01:18:12","slug":"previsions-du-jeudi-27-novembre-2025-3","status":"publish","type":"post","link":"https:\/\/www.europesays.com\/fr\/561193\/","title":{"rendered":"pr\u00e9visions du jeudi 27 novembre 2025"},"content":{"rendered":"<p>C&rsquo;est sous un ciel couvert que va se d\u00e9rouler la journ\u00e9e. Les nuages perdurent sur Nantes. Il va faire environ 10\u00b0C. Le soleil aura du mal \u00e0 percer au milieu des nuages qui subsisteront dans la matin\u00e9e. Il fera 10\u00b0C en moyenne. Un vent de sud rafra\u00eechira l\u00e9g\u00e8rement l&rsquo;atmosph\u00e8re. L&rsquo;apr\u00e8s-midi, des nuages ne voudront pas c\u00e9der leur place au soleil. Il faudra s&rsquo;attendre \u00e0 des perturbations, les Nantais se retrouveront sous des pluies \u00e9parses. Les valeurs seront de 12\u00b0C au plus bas et de 14\u00b0C au plus haut. Le ciel va s&rsquo;\u00e9claircir au cours de la soir\u00e9e. Les temp\u00e9ratures avoisineront les 12\u00b0C. C&rsquo;est un ciel l\u00e9g\u00e8rement voil\u00e9 que conna\u00eetra la nuit de jeudi \u00e0 vendredi.<\/p>\n<p>Nantes, o\u00f9 des nuages persisteront demain, continuera de guetter le soleil. Du mauvais temps est \u00e0 pr\u00e9voir. Des pluies \u00e9parses vont tomber. C&rsquo;est une hausse de quelques degr\u00e9s que vont conna\u00eetre les temp\u00e9ratures. On pr\u00e9voit des valeurs avoisinant 12\u00b0C. Encore de la grisaille le matin. Les nuages vont s&rsquo;attarder. Le mercure affichera 13\u00b0C en moyenne. Un vent de sud-ouest soufflera \u00e0 20 km\/h. Demain apr\u00e8s-midi, toujours des nuages dans le ciel qui emp\u00eachent le soleil d&rsquo;appara\u00eetre. Les temp\u00e9ratures seront comprises entre 10 et 14\u00b0C. Une l\u00e9g\u00e8re brise de nord-ouest soufflera. La ville aura quelques \u00e9claircies demain soir. Un vent de sud-ouest soufflera l\u00e9g\u00e8rement.<\/p>\n<p>Le temps des journ\u00e9es suivantes va changer peu \u00e0 peu. Apr\u00e8s une m\u00e9t\u00e9o stable samedi, la situation changera dimanche.<\/p>\n<p><\/p>\n","protected":false},"excerpt":{"rendered":"C&rsquo;est sous un ciel couvert que va se d\u00e9rouler la journ\u00e9e. Les nuages perdurent sur Nantes. Il va&hellip;\n","protected":false},"author":2,"featured_media":561194,"comment_status":"","ping_status":"","sticky":false,"template":"","format":"standard","meta":{"footnotes":""},"categories":[2818],"tags":[1111,11,1777,674,1011,27,766,12,2636,2119,25],"class_list":{"0":"post-561193","1":"post","2":"type-post","3":"status-publish","4":"format-standard","5":"has-post-thumbnail","7":"category-nantes","8":"tag-actu","9":"tag-actualites","10":"tag-eu","11":"tag-europe","12":"tag-fr","13":"tag-france","14":"tag-nantes","15":"tag-news","16":"tag-pays-de-la-loire","17":"tag-previsions-meteo","18":"tag-republique-francaise"},"share_on_mastodon":{"url":"https:\/\/pubeurope.com\/@fr\/115619030965639852","error":""},"_links":{"self":[{"href":"https:\/\/www.europesays.com\/fr\/wp-json\/wp\/v2\/posts\/561193","targetHints":{"allow":["GET"]}}],"collection":[{"href":"https:\/\/www.europesays.com\/fr\/wp-json\/wp\/v2\/posts"}],"about":[{"href":"https:\/\/www.europesays.com\/fr\/wp-json\/wp\/v2\/types\/post"}],"author":[{"embeddable":true,"href":"https:\/\/www.europesays.com\/fr\/wp-json\/wp\/v2\/users\/2"}],"replies":[{"embeddable":true,"href":"https:\/\/www.europesays.com\/fr\/wp-json\/wp\/v2\/comments?post=561193"}],"version-history":[{"count":0,"href":"https:\/\/www.europesays.com\/fr\/wp-json\/wp\/v2\/posts\/561193\/revisions"}],"wp:featuredmedia":[{"embeddable":true,"href":"https:\/\/www.europesays.com\/fr\/wp-json\/wp\/v2\/media\/561194"}],"wp:attachment":[{"href":"https:\/\/www.europesays.com\/fr\/wp-json\/wp\/v2\/media?parent=561193"}],"wp:term":[{"taxonomy":"category","embeddable":true,"href":"https:\/\/www.europesays.com\/fr\/wp-json\/wp\/v2\/categories?post=561193"},{"taxonomy":"post_tag","embeddable":true,"href":"https:\/\/www.europesays.com\/fr\/wp-json\/wp\/v2\/tags?post=561193"}],"curies":[{"name":"wp","href":"https:\/\/api.w.org\/{rel}","templated":true}]}}