{"id":561195,"date":"2025-11-27T01:19:17","date_gmt":"2025-11-27T01:19:17","guid":{"rendered":"https:\/\/www.europesays.com\/fr\/561195\/"},"modified":"2025-11-27T01:19:17","modified_gmt":"2025-11-27T01:19:17","slug":"100-gwh-an-le-pari-geothermie-de-terra-energies-arverne-pour-2030","status":"publish","type":"post","link":"https:\/\/www.europesays.com\/fr\/561195\/","title":{"rendered":"100 GWh\/an, le pari g\u00e9othermie de Terra \u00c9nergies &#038; Arverne pour 2030"},"content":{"rendered":"<p>\n\t\t\t\t\t\t\t\t\tLa convention a \u00e9t\u00e9 sign\u00e9e le 21 novembre dernier. \u00a9 S\u00e9bastien Blanquet-Rivi\u00e8re \u2013 R\u00e9gion Nouvelle-Aquitaine\n\t\t\t\t\t\t\t\t<\/p>\n<p>Terra \u00c9nergies et Arverne Group scellent une alliance strat\u00e9gique pour booster la g\u00e9othermie en Nouvelle-Aquitaine, avec l\u2019objectif ambitieux de 100 GWh thermiques par an d\u2019ici 2029.<\/p>\n<p>Sign\u00e9e le 21 novembre 2025 \u00e0 Bordeaux, la convention entre Terra Energies et <a href=\"http:\/\/Arverne Group et le Cr\u00e9dit Agricole Pyr\u00e9n\u00e9es Gascogne s'allient\" target=\"_blank\">Arverne Group<\/a> \u00ab illustre la volont\u00e9 commune d&rsquo;acc\u00e9l\u00e9rer le d\u00e9veloppement d\u2019une \u00e9nergie renouvelable locale, d\u00e9carbon\u00e9e et comp\u00e9titive \u00bb, explique la R\u00e9gion Nouvelle-Aquitaine, \u00e0 l\u2019initiative de l\u2019outil d\u2019investissement Terra Energies aux c\u00f4t\u00e9s de la Banque des Territoires.<\/p>\n<p>D\u2019ici 2030, rappelle la R\u00e9gion par voie de communiqu\u00e9, la Nouvelle-Aquitaine vise 45 % d\u2019\u00e9nergies renouvelables. \u00ab Parmi les leviers prioritaires, la fili\u00e8re chaleur renouvelable occupe une place centrale, notamment \u00e0 travers le d\u00e9veloppement de r\u00e9seaux de chaleur connect\u00e9s aux quartiers prioritaires et aux industries. La g\u00e9othermie, \u00e9nergie locale et d\u00e9carbon\u00e9e, repr\u00e9sente un atout strat\u00e9gique pour la r\u00e9gion \u00bb. L\u2019objectif assign\u00e9 par le sch\u00e9ma r\u00e9gional d&rsquo;am\u00e9nagement, de d\u00e9veloppement durable et d&rsquo;\u00e9galit\u00e9 des territoires est de 3,5 TWh de production g\u00e9othermique pour 2030, \u00ab un potentiel colossal quand on sait que le secteur tertiaire et r\u00e9sidentiel pourrait substituer 27,9 TWh de sa consommation \u00e9nerg\u00e9tique actuelle par de la g\u00e9othermie, soit 16,5 % de la consommation totale r\u00e9gionale \u00bb.    <\/p>\n<p>100 GWh thermiques par an  <\/p>\n<p>Dans ce contexte, la convention pr\u00e9voit que Terra Energies \u00ab facilite la mise en relation entre Arverne et les collectivit\u00e9s locales int\u00e9ress\u00e9es par des projets g\u00e9othermiques \u00bb, agisse comme \u00ab tiers de confiance entre les parties \u00bb et \u00ab mette \u00e0 disposition des fonds pour investir aux c\u00f4t\u00e9s d\u2019Arverne une fois les projets autoris\u00e9s \u00bb.  De son c\u00f4t\u00e9, Arverne \u00ab prendra en charge l\u2019identification du potentiel de production et de consommation des territoires \u00bb, \u00ab r\u00e9alisera les \u00e9tudes de pr\u00e9faisabilit\u00e9, qu\u2019elle pr\u00e9sentera aux collectivit\u00e9s en collaboration avec Terra Energies \u00bb, puis si les projets \u00e9taient valid\u00e9s, assurera leur pilotage et leur financement. \u00ab Les deux partenaires s\u2019engagent par ailleurs \u00e0 proposer syst\u00e9matiquement aux collectivit\u00e9s d\u2019int\u00e9grer les SAS EnR cr\u00e9\u00e9es, afin de renforcer leur implication dans les projets \u00bb, pr\u00e9cise la R\u00e9gion.<\/p>\n<p style=\"margin-left: 25px;\"><b><a href=\"https:\/\/placeco.fr\/nouvelle-aquitaine\/strategie\/article\/geothermaq-ouvre-deux-nouveaux-bureaux-a-rennes-et-lyon-9042\" target=\"_blank\" rel=\"noopener\">\u00c0 lire \u00e9galement &#8211;\u00a0Geothermaq ouvre deux nouveaux bureaux \u00e0 Rennes et Lyon <\/a><\/b><\/p>\n<p>\u00ab Terra Energies et Arverne sont d\u00e9j\u00e0 en discussion avanc\u00e9e avec une dizaine de collectivit\u00e9s, r\u00e9parties sur six d\u00e9partements de la r\u00e9gion, ajoute le communiqu\u00e9. Des \u00e9changes ont \u00e9galement \u00e9t\u00e9 engag\u00e9s avec les services de la R\u00e9gion pour \u00e9tudier une acc\u00e9l\u00e9ration du d\u00e9ploiement de la g\u00e9othermie dans les lyc\u00e9es \u00bb. D\u2019ici \u00e0 2029, Arverne et Terra Energies souhaitent cr\u00e9er \u00ab au moins cinq v\u00e9hicules d\u2019investissement, pour un montant global \u00e0 financer de 70 millions d\u2019euros et une production de 100 GWh thermique par an \u00bb.     <\/p>\n","protected":false},"excerpt":{"rendered":"La convention a \u00e9t\u00e9 sign\u00e9e le 21 novembre dernier. \u00a9 S\u00e9bastien Blanquet-Rivi\u00e8re \u2013 R\u00e9gion Nouvelle-Aquitaine Terra \u00c9nergies et&hellip;\n","protected":false},"author":2,"featured_media":561196,"comment_status":"","ping_status":"","sticky":false,"template":"","format":"standard","meta":{"footnotes":""},"categories":[2817],"tags":[1111,11,1997,1777,674,1011,27,12,2219,5645,25],"class_list":{"0":"post-561195","1":"post","2":"type-post","3":"status-publish","4":"format-standard","5":"has-post-thumbnail","7":"category-bordeaux","8":"tag-actu","9":"tag-actualites","10":"tag-bordeaux","11":"tag-eu","12":"tag-europe","13":"tag-fr","14":"tag-france","15":"tag-news","16":"tag-nouvelle-aquitaine","17":"tag-placco-placeco","18":"tag-republique-francaise"},"share_on_mastodon":{"url":"https:\/\/pubeurope.com\/@fr\/115619034765737431","error":""},"_links":{"self":[{"href":"https:\/\/www.europesays.com\/fr\/wp-json\/wp\/v2\/posts\/561195","targetHints":{"allow":["GET"]}}],"collection":[{"href":"https:\/\/www.europesays.com\/fr\/wp-json\/wp\/v2\/posts"}],"about":[{"href":"https:\/\/www.europesays.com\/fr\/wp-json\/wp\/v2\/types\/post"}],"author":[{"embeddable":true,"href":"https:\/\/www.europesays.com\/fr\/wp-json\/wp\/v2\/users\/2"}],"replies":[{"embeddable":true,"href":"https:\/\/www.europesays.com\/fr\/wp-json\/wp\/v2\/comments?post=561195"}],"version-history":[{"count":0,"href":"https:\/\/www.europesays.com\/fr\/wp-json\/wp\/v2\/posts\/561195\/revisions"}],"wp:featuredmedia":[{"embeddable":true,"href":"https:\/\/www.europesays.com\/fr\/wp-json\/wp\/v2\/media\/561196"}],"wp:attachment":[{"href":"https:\/\/www.europesays.com\/fr\/wp-json\/wp\/v2\/media?parent=561195"}],"wp:term":[{"taxonomy":"category","embeddable":true,"href":"https:\/\/www.europesays.com\/fr\/wp-json\/wp\/v2\/categories?post=561195"},{"taxonomy":"post_tag","embeddable":true,"href":"https:\/\/www.europesays.com\/fr\/wp-json\/wp\/v2\/tags?post=561195"}],"curies":[{"name":"wp","href":"https:\/\/api.w.org\/{rel}","templated":true}]}}