{"id":561197,"date":"2025-11-27T01:20:25","date_gmt":"2025-11-27T01:20:25","guid":{"rendered":"https:\/\/www.europesays.com\/fr\/561197\/"},"modified":"2025-11-27T01:20:25","modified_gmt":"2025-11-27T01:20:25","slug":"le-proces-du-gang-des-grands-crus-souvre-en-appel","status":"publish","type":"post","link":"https:\/\/www.europesays.com\/fr\/561197\/","title":{"rendered":"le proc\u00e8s du \u00ab\u00a0gang des grands crus\u00a0\u00bb s\u2019ouvre en appel"},"content":{"rendered":"<p>Le dossier, baptis\u00e9 \u00ab\u00a0gang des grands crus\u00a0\u00bb, concerne des vols organis\u00e9s dans plusieurs domaines et propri\u00e9t\u00e9s viticoles, ciblant des bouteilles rares et parmi les plus on\u00e9reuses du march\u00e9\u00a0: Margaux, P\u00e9trus ou encore Roman\u00e9e-Conti. Selon l\u2019enqu\u00eate, les suspects auraient m\u00e9thodiquement constitu\u00e9 un r\u00e9seau destin\u00e9 \u00e0 revendre ces biens d\u2019exception. L\u2019ampleur du butin, \u00e9valu\u00e9 \u00e0 plusieurs millions d\u2019euros, en fait l\u2019un des trafics les plus marquants de ces derni\u00e8res ann\u00e9es dans le monde viticole.<\/p>\n","protected":false},"excerpt":{"rendered":"Le dossier, baptis\u00e9 \u00ab\u00a0gang des grands crus\u00a0\u00bb, concerne des vols organis\u00e9s dans plusieurs domaines et propri\u00e9t\u00e9s viticoles, ciblant&hellip;\n","protected":false},"author":2,"featured_media":561198,"comment_status":"","ping_status":"","sticky":false,"template":"","format":"standard","meta":{"footnotes":""},"categories":[2817],"tags":[1111,11,1997,1777,674,1011,27,12,2219,25],"class_list":{"0":"post-561197","1":"post","2":"type-post","3":"status-publish","4":"format-standard","5":"has-post-thumbnail","7":"category-bordeaux","8":"tag-actu","9":"tag-actualites","10":"tag-bordeaux","11":"tag-eu","12":"tag-europe","13":"tag-fr","14":"tag-france","15":"tag-news","16":"tag-nouvelle-aquitaine","17":"tag-republique-francaise"},"share_on_mastodon":{"url":"https:\/\/pubeurope.com\/@fr\/115619038786069811","error":""},"_links":{"self":[{"href":"https:\/\/www.europesays.com\/fr\/wp-json\/wp\/v2\/posts\/561197","targetHints":{"allow":["GET"]}}],"collection":[{"href":"https:\/\/www.europesays.com\/fr\/wp-json\/wp\/v2\/posts"}],"about":[{"href":"https:\/\/www.europesays.com\/fr\/wp-json\/wp\/v2\/types\/post"}],"author":[{"embeddable":true,"href":"https:\/\/www.europesays.com\/fr\/wp-json\/wp\/v2\/users\/2"}],"replies":[{"embeddable":true,"href":"https:\/\/www.europesays.com\/fr\/wp-json\/wp\/v2\/comments?post=561197"}],"version-history":[{"count":0,"href":"https:\/\/www.europesays.com\/fr\/wp-json\/wp\/v2\/posts\/561197\/revisions"}],"wp:featuredmedia":[{"embeddable":true,"href":"https:\/\/www.europesays.com\/fr\/wp-json\/wp\/v2\/media\/561198"}],"wp:attachment":[{"href":"https:\/\/www.europesays.com\/fr\/wp-json\/wp\/v2\/media?parent=561197"}],"wp:term":[{"taxonomy":"category","embeddable":true,"href":"https:\/\/www.europesays.com\/fr\/wp-json\/wp\/v2\/categories?post=561197"},{"taxonomy":"post_tag","embeddable":true,"href":"https:\/\/www.europesays.com\/fr\/wp-json\/wp\/v2\/tags?post=561197"}],"curies":[{"name":"wp","href":"https:\/\/api.w.org\/{rel}","templated":true}]}}