{"id":561201,"date":"2025-11-27T01:22:15","date_gmt":"2025-11-27T01:22:15","guid":{"rendered":"https:\/\/www.europesays.com\/fr\/561201\/"},"modified":"2025-11-27T01:22:15","modified_gmt":"2025-11-27T01:22:15","slug":"previsions-du-jeudi-27-novembre-2025-4","status":"publish","type":"post","link":"https:\/\/www.europesays.com\/fr\/561201\/","title":{"rendered":"pr\u00e9visions du jeudi 27 novembre 2025"},"content":{"rendered":"<p>Le soleil sera au rendez-vous \u00e0 Toulouse : une belle journ\u00e9e se pr\u00e9sente ! Il fera environ 5\u00b0C. Les Toulousains vont avoir froid le matin : les temp\u00e9ratures ne vont pas d\u00e9passer 7\u00b0C. Les valeurs seront de 4\u00b0C. Un l\u00e9ger vent d&rsquo;ouest soufflera. Les temp\u00e9ratures vont enregistrer une augmentation de quelques degr\u00e9s lors de l&rsquo;apr\u00e8s-midi. Les valeurs seront de 5\u00b0C au minimum et de 9\u00b0C au plus haut. La ville aura quelques \u00e9claircies le soir. On pr\u00e9voit des valeurs avoisinant 5\u00b0C. Entre jeudi et vendredi, la nuit sera claire.<\/p>\n<p>Pour Toulouse, une m\u00e9t\u00e9o plus chaude est pr\u00e9vue demain puisque les temp\u00e9ratures vont conna\u00eetre une hausse. Il va faire 7\u00b0C en moyenne. On pr\u00e9voit des \u00e9claircies pour cette matin\u00e9e. Le mercure affichera 7\u00b0C en moyenne. Un vent de sud-est rafra\u00eechira un peu l&rsquo;atmosph\u00e8re. Un beau soleil est attendu demain apr\u00e8s-midi. Les temp\u00e9ratures s&rsquo;\u00e9chelonneront entre 8\u00b0C et 10\u00b0C. Le ciel sera relativement lumineux, avec quelques \u00e9claircies demain soir. Les temp\u00e9ratures avoisineront les 7\u00b0C. Une brise de sud-ouest soufflera doucement.<\/p>\n<p>Le temps des jours suivants va \u00e9voluer progressivement. La m\u00e9t\u00e9o perdurera samedi mais une d\u00e9gradation s&rsquo;ensuivra dimanche.<\/p>\n<p><\/p>\n","protected":false},"excerpt":{"rendered":"Le soleil sera au rendez-vous \u00e0 Toulouse : une belle journ\u00e9e se pr\u00e9sente ! Il fera environ 5\u00b0C.&hellip;\n","protected":false},"author":2,"featured_media":561202,"comment_status":"","ping_status":"","sticky":false,"template":"","format":"standard","meta":{"footnotes":""},"categories":[2816],"tags":[1111,11,1777,674,1011,27,12,2680,2119,25,2312],"class_list":{"0":"post-561201","1":"post","2":"type-post","3":"status-publish","4":"format-standard","5":"has-post-thumbnail","7":"category-toulouse","8":"tag-actu","9":"tag-actualites","10":"tag-eu","11":"tag-europe","12":"tag-fr","13":"tag-france","14":"tag-news","15":"tag-occitanie","16":"tag-previsions-meteo","17":"tag-republique-francaise","18":"tag-toulouse"},"share_on_mastodon":{"url":"https:\/\/pubeurope.com\/@fr\/115619046656691941","error":""},"_links":{"self":[{"href":"https:\/\/www.europesays.com\/fr\/wp-json\/wp\/v2\/posts\/561201","targetHints":{"allow":["GET"]}}],"collection":[{"href":"https:\/\/www.europesays.com\/fr\/wp-json\/wp\/v2\/posts"}],"about":[{"href":"https:\/\/www.europesays.com\/fr\/wp-json\/wp\/v2\/types\/post"}],"author":[{"embeddable":true,"href":"https:\/\/www.europesays.com\/fr\/wp-json\/wp\/v2\/users\/2"}],"replies":[{"embeddable":true,"href":"https:\/\/www.europesays.com\/fr\/wp-json\/wp\/v2\/comments?post=561201"}],"version-history":[{"count":0,"href":"https:\/\/www.europesays.com\/fr\/wp-json\/wp\/v2\/posts\/561201\/revisions"}],"wp:featuredmedia":[{"embeddable":true,"href":"https:\/\/www.europesays.com\/fr\/wp-json\/wp\/v2\/media\/561202"}],"wp:attachment":[{"href":"https:\/\/www.europesays.com\/fr\/wp-json\/wp\/v2\/media?parent=561201"}],"wp:term":[{"taxonomy":"category","embeddable":true,"href":"https:\/\/www.europesays.com\/fr\/wp-json\/wp\/v2\/categories?post=561201"},{"taxonomy":"post_tag","embeddable":true,"href":"https:\/\/www.europesays.com\/fr\/wp-json\/wp\/v2\/tags?post=561201"}],"curies":[{"name":"wp","href":"https:\/\/api.w.org\/{rel}","templated":true}]}}