{"id":561203,"date":"2025-11-27T01:23:35","date_gmt":"2025-11-27T01:23:35","guid":{"rendered":"https:\/\/www.europesays.com\/fr\/561203\/"},"modified":"2025-11-27T01:23:35","modified_gmt":"2025-11-27T01:23:35","slug":"ismael-jamaleddine-lassemblier-de-la-cp","status":"publish","type":"post","link":"https:\/\/www.europesays.com\/fr\/561203\/","title":{"rendered":"Isma\u00ebl Jamaleddine : l\u2019assemblier de la CP"},"content":{"rendered":"<p class=\"introduction\">Un an apr\u00e8s son arriv\u00e9e \u00e0 la t\u00eate de la Condition Publique, Isma\u00ebl Jamaleddine se pose un instant pour parler de cette ann\u00e9e qui a fil\u00e9 \u00e0 toute vitesse et de la fa\u00e7on dont il s\u2019applique, avec son \u00e9quipe \u00e0 faire de la \u00ab CP \u00bb, comme tout le monde l\u2019appelle commun\u00e9ment, un endroit de plus en plus ouvert et qui se r\u00e9invente quotidiennement.<\/p>\n<p class=\"title\">Bio express<\/p>\n<p>2012\u00a0: Premi\u00e8re grande aventure collective dans une usine d\u00e9saffect\u00e9e pendant trois ans.<\/p>\n<p>2018\u00a0: Cr\u00e9ation du Mus\u00e9e Sauvage \u00e0 Argenteuil, un tiers-lieu associatif.<\/p>\n<p>2020\u00a0: Premi\u00e8re grande tourn\u00e9e \u00e0 l\u2019\u00e9tranger avec l\u2019orchestre.<\/p>\n<p>2024\u00a0: Nomm\u00e9 \u00e0 la direction de la Condition Publique.<\/p>\n<p>Un an \u00e7a rime avec bilan et Isma\u00ebl se pr\u00eate au jeu, modestement. \u00ab\u00a0J\u2019ai beaucoup moins fait que ce que j\u2019aurais esp\u00e9r\u00e9. La CP, c\u2019est un lieu multiple. Un lieu de diffusion et de production culturelle mais pas seulement. C\u2019est \u00e9galement un endroit de partage, o\u00f9 les visiteurs peuvent juste venir se poser et \u00e9changer.\u00a0C\u2019est un gros axe de travail.\u00a0\u00bb Son credo, c\u2019est de ne pas forc\u00e9ment tout pr\u00e9voir, pour laisser les gens s\u2019approprier le lieu pour que chacun ose y rentrer. Selon lui, il faut savoir inspirer, proposer des exp\u00e9riences, construire une programmation avec tous les partenaires et \u00ab\u00a0laisser les gens faire.\u00a0\u00bb Les effets commencent \u00e0 se faire sentir, les usages se diversifient, \u00ab\u00a0et ce n\u2019est que le d\u00e9but, il reste beaucoup de choses \u00e0 lib\u00e9rer\u00a0!\u00a0\u00bb, pr\u00e9cise Isma\u00ebl.<\/p>\n<p><strong>Des publics \u00e9clectiques<\/strong><\/p>\n<p>La Particularit\u00e9 de la CP, c\u2019est aussi d\u2019agr\u00e9ger plein de publics diff\u00e9rents, \u00ab\u00a0On est le deuxi\u00e8me lieu culturel le plus fr\u00e9quent\u00e9 de Roubaix apr\u00e8s La Piscine avec une vraie diversit\u00e9 sociale et g\u00e9ographique\u00bb. S\u2019il devait d\u00e9finir la CP, il la qualifierait de \u00ab\u00a0Fabrique Cr\u00e9ative\u00a0\u00bb, car \u00ab\u00a0ici il n\u2019est pas question que d\u2019art, m\u00eame s\u2019il est central\u00a0\u00bb. Artisanat, bricolage, r\u00e9flexion sur l\u2019utilisation de son temps libre y ont \u00e9galement toute leur place.<\/p>\n<p>Un mois typique en termes de programmation, ce sont une dizaine d\u2019\u00e9v\u00e9nements, concerts ou spectacles, plusieurs dizaines de rencontres et d\u2019ateliers, des accueils d\u2019associations et d\u2019artistes en r\u00e9sidence. Pour orchestrer tout cela, m\u00eame s\u2019il n\u2019aime pas le terme et pr\u00e9f\u00e8re le verbe \u00ab\u00a0assembler\u00a0\u00bb, le directeur de la CP peut compter sur une \u00e9quipe permanente de vingt-six personnes, auxquelles s\u2019ajoutent des intermittents en fonction des \u00e9v\u00e9nements. \u00ab\u00a0L\u2019enjeu principal, c\u2019est \u00e9videmment la coordination, j\u2019adore travailler et r\u00e9fl\u00e9chir avec tout le monde, personne ne doit s\u2019interdire d\u2019avoir des id\u00e9es, m\u00eame si on ne les r\u00e9alise pas toutes\u00a0!\u00a0\u00bb. <\/p>\n<p><strong>Prendre de la hauteur mais pas que<\/strong><\/p>\n<p>C\u2019est pour cela qu\u2019il aime le terme \u00ab\u00a0assemblier\u00a0\u00bb\u00a0car il exprime \u00e0 la fois le fait de savoir regarder de tr\u00e8s haut pour avoir une vue d\u2019ensemble et prendre de la hauteur mais aussi pouvoir plonger aupr\u00e8s des \u00e9quipes et travailler concr\u00e8tement. Il n\u2019a pas peur de mettre les mains dans le cambouis\u00a0: \u00ab\u00a0Je vous ai d\u00e9j\u00e0 dit que j\u2019aime l\u2019artisanat\u00a0?\u00a0\u00bb, s\u2019amuse-t-il.<\/p>\n<p>Et si lui-m\u00eame se qualifie de tr\u00e8s \u00ab\u00a0bavard\u00a0\u00bb et a toujours de nouvelles id\u00e9es, il ne s\u2019y accroche pas, \u00ab\u00a0J\u2019ai plein d\u2019id\u00e9es mais j\u2019accepte qu\u2019elles ne soient pas toutes bonnes et je n\u2019ai jamais aucun souci \u00e0 d\u00e9velopper celles des autres.\u00a0\u00bb Toujours ce go\u00fbt pour l\u2019\u00e9change et le partage qui illustrent bien aussi l\u2019\u00e9v\u00e9nement le plus embl\u00e9matique de la Condition Publique, \u00e0 savoir la Braderie de l\u2019Art. \u00ab\u00a0C\u2019est la seule porte d\u2019entr\u00e9e de beaucoup de publics. Cette ann\u00e9e on va essayer d\u2019int\u00e9grer un peu de nouveaut\u00e9s\u00a0: plus de moments pour confronter ses id\u00e9es avec un cycle de conf\u00e9rences et de concerts.\u00a0\u00bb<\/p>\n<p>Isma\u00ebl est pr\u00e9sent \u00e0 90 % des \u00e9v\u00e9nements pour \u00ab\u00a0voir comment \u00e7a se passe et c\u2019est l\u00e0 o\u00f9 je suis le plus disponible pour parler\u00a0\u00bb cependant il met un point d\u2019honneur \u00e0 rentrer et faire \u00e0 manger \u00e0 ses deux enfants, qui se baladent r\u00e9guli\u00e8rement dans les all\u00e9es, \u00e0 l\u2019aise comme des poissons dans l\u2019eau. \u00ab\u00a0Je sanctuarise le temps que j\u2019ai pour mes enfants.\u00a0\u00bb <\/p>\n<p>Son travail le nourrit et le comble mais il fr\u00e9quente \u00e9videmment d\u2019autres lieux culturels, autant qu\u2019il le peut, regrettant parfois qu\u2019il n\u2019y ait pas assez de cases \u00e0 son agenda\u00a0!<\/p>\n<p class=\"title\">Coups de c\u0153ur<\/p>\n<p>L\u2019\u00c9peule\u00a0: \u00ab\u00a0Il y a de la vie dans ce quartier, qui nourrit mon identit\u00e9 d\u2019enfant issu de la banlieue parisienne.\u00a0\u00bb<\/p>\n<p>Barbieux\u00a0: \u00ab\u00a0Un mod\u00e8le d\u2019espace public, un parc sans barri\u00e8re, et une immense diversit\u00e9 sociale\u00a0\u00bb<\/p>\n<p>Le bowling\u00a0: \u00ab\u00a0Ce que souhaite en faire le Plateau 112 est simple et on peut s\u2019amuser\u00a0!\u00a0\u00bb<\/p>\n<p>Cr\u00e9dit Photos : Anais Gadeau, service Communication, ville de Roubaix<\/p>\n","protected":false},"excerpt":{"rendered":"Un an apr\u00e8s son arriv\u00e9e \u00e0 la t\u00eate de la Condition Publique, Isma\u00ebl Jamaleddine se pose un instant&hellip;\n","protected":false},"author":2,"featured_media":561204,"comment_status":"","ping_status":"","sticky":false,"template":"","format":"standard","meta":{"footnotes":""},"categories":[2815],"tags":[1111,11,251,1777,674,1011,27,811,30671,1307,12,4853,25],"class_list":{"0":"post-561203","1":"post","2":"type-post","3":"status-publish","4":"format-standard","5":"has-post-thumbnail","7":"category-lille","8":"tag-actu","9":"tag-actualites","10":"tag-culture","11":"tag-eu","12":"tag-europe","13":"tag-fr","14":"tag-france","15":"tag-hauts-de-france","16":"tag-la-condition-publique","17":"tag-lille","18":"tag-news","19":"tag-portraits","20":"tag-republique-francaise"},"share_on_mastodon":{"url":"https:\/\/pubeurope.com\/@fr\/115619050529991952","error":""},"_links":{"self":[{"href":"https:\/\/www.europesays.com\/fr\/wp-json\/wp\/v2\/posts\/561203","targetHints":{"allow":["GET"]}}],"collection":[{"href":"https:\/\/www.europesays.com\/fr\/wp-json\/wp\/v2\/posts"}],"about":[{"href":"https:\/\/www.europesays.com\/fr\/wp-json\/wp\/v2\/types\/post"}],"author":[{"embeddable":true,"href":"https:\/\/www.europesays.com\/fr\/wp-json\/wp\/v2\/users\/2"}],"replies":[{"embeddable":true,"href":"https:\/\/www.europesays.com\/fr\/wp-json\/wp\/v2\/comments?post=561203"}],"version-history":[{"count":0,"href":"https:\/\/www.europesays.com\/fr\/wp-json\/wp\/v2\/posts\/561203\/revisions"}],"wp:featuredmedia":[{"embeddable":true,"href":"https:\/\/www.europesays.com\/fr\/wp-json\/wp\/v2\/media\/561204"}],"wp:attachment":[{"href":"https:\/\/www.europesays.com\/fr\/wp-json\/wp\/v2\/media?parent=561203"}],"wp:term":[{"taxonomy":"category","embeddable":true,"href":"https:\/\/www.europesays.com\/fr\/wp-json\/wp\/v2\/categories?post=561203"},{"taxonomy":"post_tag","embeddable":true,"href":"https:\/\/www.europesays.com\/fr\/wp-json\/wp\/v2\/tags?post=561203"}],"curies":[{"name":"wp","href":"https:\/\/api.w.org\/{rel}","templated":true}]}}