{"id":561205,"date":"2025-11-27T01:24:14","date_gmt":"2025-11-27T01:24:14","guid":{"rendered":"https:\/\/www.europesays.com\/fr\/561205\/"},"modified":"2025-11-27T01:24:14","modified_gmt":"2025-11-27T01:24:14","slug":"previsions-du-jeudi-27-novembre-2025-5","status":"publish","type":"post","link":"https:\/\/www.europesays.com\/fr\/561205\/","title":{"rendered":"pr\u00e9visions du jeudi 27 novembre 2025"},"content":{"rendered":"<p>Aujourd&rsquo;hui, toujours des nuages dans le ciel qui emp\u00eachent le soleil d&rsquo;appara\u00eetre \u00e0 Lille. Les temp\u00e9ratures seront de 6\u00b0C. Un vent de sud-ouest est attendu : il soufflera \u00e0 20 km\/h. Les nuages en pr\u00e9vision le matin, et un ciel encore gris. Des pluies \u00e9parses vont tomber sur la ville. Les temp\u00e9ratures seront comprises entre 5 et 6\u00b0C. Les valeurs afficheront entre 6\u00b0C et 8\u00b0C dans l&rsquo;apr\u00e8s-midi. La grisaille ne se disperse toujours pas, il va y avoir encore des nuages le soir. Il fera 7\u00b0C en moyenne. Le ciel sera l\u00e9g\u00e8rement voil\u00e9 dans la nuit de jeudi \u00e0 vendredi.<\/p>\n<p>Demain, le soleil sera cach\u00e9 derri\u00e8re des nuages \u00e0 Lille, o\u00f9 le temps sera gris. Intemp\u00e9ries : on annonce des pluies \u00e9parses. Une m\u00e9t\u00e9o plus chaude est pr\u00e9vue \u00e9tant donn\u00e9 que les temp\u00e9ratures vont conna\u00eetre une augmentation. Les valeurs s&rsquo;\u00e9chelonneront entre 8 et 11\u00b0C. Un vent de sud-ouest rafra\u00eechira sensiblement l&rsquo;atmosph\u00e8re. La matin\u00e9e va rester couverte \u00e0 cause de nuages qui perdurent dans le ciel. Les valeurs seront comprises entre 9 et 10\u00b0C. Encore de la grisaille demain apr\u00e8s-midi. Les nuages vont stationner. Les maximales pourront atteindre 11\u00b0C et les minimales seront de 10\u00b0C. On observera la pr\u00e9sence persistante de nuages demain soir. Il va pleuvoir. Il va faire en moyenne 10\u00b0C.<\/p>\n<p>Une m\u00e9t\u00e9o instable est \u00e0 pr\u00e9voir les prochains jours. Apr\u00e8s une journ\u00e9e nuageuse samedi, on pr\u00e9voit une d\u00e9gradation dimanche.<\/p>\n<p><\/p>\n","protected":false},"excerpt":{"rendered":"Aujourd&rsquo;hui, toujours des nuages dans le ciel qui emp\u00eachent le soleil d&rsquo;appara\u00eetre \u00e0 Lille. Les temp\u00e9ratures seront de&hellip;\n","protected":false},"author":2,"featured_media":561206,"comment_status":"","ping_status":"","sticky":false,"template":"","format":"standard","meta":{"footnotes":""},"categories":[2815],"tags":[1111,11,1777,674,1011,27,811,1307,12,2119,25],"class_list":{"0":"post-561205","1":"post","2":"type-post","3":"status-publish","4":"format-standard","5":"has-post-thumbnail","7":"category-lille","8":"tag-actu","9":"tag-actualites","10":"tag-eu","11":"tag-europe","12":"tag-fr","13":"tag-france","14":"tag-hauts-de-france","15":"tag-lille","16":"tag-news","17":"tag-previsions-meteo","18":"tag-republique-francaise"},"share_on_mastodon":{"url":"https:\/\/pubeurope.com\/@fr\/115619054486455191","error":""},"_links":{"self":[{"href":"https:\/\/www.europesays.com\/fr\/wp-json\/wp\/v2\/posts\/561205","targetHints":{"allow":["GET"]}}],"collection":[{"href":"https:\/\/www.europesays.com\/fr\/wp-json\/wp\/v2\/posts"}],"about":[{"href":"https:\/\/www.europesays.com\/fr\/wp-json\/wp\/v2\/types\/post"}],"author":[{"embeddable":true,"href":"https:\/\/www.europesays.com\/fr\/wp-json\/wp\/v2\/users\/2"}],"replies":[{"embeddable":true,"href":"https:\/\/www.europesays.com\/fr\/wp-json\/wp\/v2\/comments?post=561205"}],"version-history":[{"count":0,"href":"https:\/\/www.europesays.com\/fr\/wp-json\/wp\/v2\/posts\/561205\/revisions"}],"wp:featuredmedia":[{"embeddable":true,"href":"https:\/\/www.europesays.com\/fr\/wp-json\/wp\/v2\/media\/561206"}],"wp:attachment":[{"href":"https:\/\/www.europesays.com\/fr\/wp-json\/wp\/v2\/media?parent=561205"}],"wp:term":[{"taxonomy":"category","embeddable":true,"href":"https:\/\/www.europesays.com\/fr\/wp-json\/wp\/v2\/categories?post=561205"},{"taxonomy":"post_tag","embeddable":true,"href":"https:\/\/www.europesays.com\/fr\/wp-json\/wp\/v2\/tags?post=561205"}],"curies":[{"name":"wp","href":"https:\/\/api.w.org\/{rel}","templated":true}]}}