{"id":561207,"date":"2025-11-27T01:25:14","date_gmt":"2025-11-27T01:25:14","guid":{"rendered":"https:\/\/www.europesays.com\/fr\/561207\/"},"modified":"2025-11-27T01:25:14","modified_gmt":"2025-11-27T01:25:14","slug":"le-projet-grand-estaque-a-marseille-cest-maintenant-ou-jamais-pour-les-riverains","status":"publish","type":"post","link":"https:\/\/www.europesays.com\/fr\/561207\/","title":{"rendered":"Le projet \u00ab\u00a0Grand Estaque\u00a0\u00bb \u00e0 Marseille, c&rsquo;est maintenant ou jamais pour les riverains"},"content":{"rendered":"<p>Le projet \u00ab\u00a0Grand Estaque\u00a0\u00bb, ne doit plus \u00eatre un mirage, implorent les habitants de l\u2019Estaque \u00e0 qui l\u2019on fait miroiter depuis plus de cinq ans de vastes initiatives d\u2019am\u00e9nagement du littoral pour inclure plus de transports en commun, <a href=\"https:\/\/www.laprovence.com\/article\/region\/119573314632715\/marseille-rendez-nous-l-estaque-rendez-nous-la-mer-lappel-des-habitants-pour-rehabiliter-le-littoral-nord\" target=\"_blank\" rel=\"noopener\">plus de pistes cyclables et rendre la mer plus accessible<\/a>.<\/p>\n<p>Apr\u00e8s un premier \u00e9v\u00e9nement en juin, l\u2019ensemble des associations de l\u2019Estaque se r\u00e9uniront de nouveau ce samedi pour interpeller de nouveau la Ville, la M\u00e9tropole, le Port et l\u2019\u00c9tat. \u00ab\u00a0Faites le Grand Estaque maintenant et avec nous\u00a0\u00bb, r\u00e9clament ceux qui organiseront ce week-end \u00e0 partir de 15\u00a0heures, au cin\u00e9ma l\u2019Alhambra, tables-rondes et d\u00e9bats pour pr\u00e9senter leurs id\u00e9es d\u2019am\u00e9nagement. Apr\u00e8s leur raout estival, les militants associatifs <a href=\"https:\/\/www.laprovence.com\/article\/culture-loisirs\/39906968528994\/marseille-le-camembert-le-sous-marin-saga-a-lestaque-que-faire-de-lheritage-du-commandant-cousteau\" target=\"_blank\" rel=\"noopener\">se sont mis en t\u00eate de sauver le \u00ab\u00a0Camembert\u00a0\u00bb du commandant Cousteau<\/a>, un b\u00e2timent \u00e0 l\u2019abandon, \u00e0 c\u00f4t\u00e9 du hangar qui h\u00e9berge le sous-marin Saga.<\/p>\n<p>\u00ab\u00a0On voit bien qu\u2019en mettant nos forces en commun, on arrive rapidement \u00e0 avoir des id\u00e9es qui peuvent \u00eatre mises en pratique rapidement. Nous attendons la signature d\u2019une convention d\u2019occupation avec le port et nous esp\u00e9rons nous installer l\u2019\u00e9t\u00e9 prochain\u00a0\u00bb, expose Michel Teule, de la F\u00e9d\u00e9ration des Comit\u00e9s d\u2019int\u00e9r\u00eats de quartier (CIQ) du 16e arrondissement. D\u2019apr\u00e8s les pr\u00e9visions de l\u2019adjoint (EELV) \u00e0 la mer, Herv\u00e9 Menchon, aucun chantier ne devrait d\u00e9marrer avant\u00a02031. Une \u00e9ch\u00e9ance bien trop lointaine pour les associations qui s\u2019estiment l\u00e9s\u00e9es par rapport au littoral Sud qui b\u00e9n\u00e9ficie d\u00e9j\u00e0 d\u2019un plan d\u2019am\u00e9nagement. \u00ab\u00a0Pourquoi on devrait attendre encore plus de cinq ans pour que les choses bougent\u00a0? Parce que les habitants des quartiers Nord ne valent rien\u00a0? On n\u2019en peut plus d\u2019\u00eatre effac\u00e9s de la carte du territoire\u00a0\u00bb, regrette une militante associative.<\/p>\n","protected":false},"excerpt":{"rendered":"Le projet \u00ab\u00a0Grand Estaque\u00a0\u00bb, ne doit plus \u00eatre un mirage, implorent les habitants de l\u2019Estaque \u00e0 qui l\u2019on&hellip;\n","protected":false},"author":2,"featured_media":561208,"comment_status":"","ping_status":"","sticky":false,"template":"","format":"standard","meta":{"footnotes":""},"categories":[2814],"tags":[17,1111,11,2511,30770,1777,674,1011,27,2515,5776,43926,884,12,1095,882,25,104],"class_list":{"0":"post-561207","1":"post","2":"type-post","3":"status-publish","4":"format-standard","5":"has-post-thumbnail","7":"category-marseille","8":"tag-17","9":"tag-actu","10":"tag-actualites","11":"tag-cest","12":"tag-estaque","13":"tag-eu","14":"tag-europe","15":"tag-fr","16":"tag-france","17":"tag-grand","18":"tag-jamais","19":"tag-maintenant","20":"tag-marseille","21":"tag-news","22":"tag-projet","23":"tag-provence-alpes-cote-dazur","24":"tag-republique-francaise","25":"tag-societe"},"share_on_mastodon":{"url":"https:\/\/pubeurope.com\/@fr\/115619058429775812","error":""},"_links":{"self":[{"href":"https:\/\/www.europesays.com\/fr\/wp-json\/wp\/v2\/posts\/561207","targetHints":{"allow":["GET"]}}],"collection":[{"href":"https:\/\/www.europesays.com\/fr\/wp-json\/wp\/v2\/posts"}],"about":[{"href":"https:\/\/www.europesays.com\/fr\/wp-json\/wp\/v2\/types\/post"}],"author":[{"embeddable":true,"href":"https:\/\/www.europesays.com\/fr\/wp-json\/wp\/v2\/users\/2"}],"replies":[{"embeddable":true,"href":"https:\/\/www.europesays.com\/fr\/wp-json\/wp\/v2\/comments?post=561207"}],"version-history":[{"count":0,"href":"https:\/\/www.europesays.com\/fr\/wp-json\/wp\/v2\/posts\/561207\/revisions"}],"wp:featuredmedia":[{"embeddable":true,"href":"https:\/\/www.europesays.com\/fr\/wp-json\/wp\/v2\/media\/561208"}],"wp:attachment":[{"href":"https:\/\/www.europesays.com\/fr\/wp-json\/wp\/v2\/media?parent=561207"}],"wp:term":[{"taxonomy":"category","embeddable":true,"href":"https:\/\/www.europesays.com\/fr\/wp-json\/wp\/v2\/categories?post=561207"},{"taxonomy":"post_tag","embeddable":true,"href":"https:\/\/www.europesays.com\/fr\/wp-json\/wp\/v2\/tags?post=561207"}],"curies":[{"name":"wp","href":"https:\/\/api.w.org\/{rel}","templated":true}]}}