{"id":561209,"date":"2025-11-27T01:26:14","date_gmt":"2025-11-27T01:26:14","guid":{"rendered":"https:\/\/www.europesays.com\/fr\/561209\/"},"modified":"2025-11-27T01:26:14","modified_gmt":"2025-11-27T01:26:14","slug":"previsions-du-jeudi-27-novembre-2025-6","status":"publish","type":"post","link":"https:\/\/www.europesays.com\/fr\/561209\/","title":{"rendered":"pr\u00e9visions du jeudi 27 novembre 2025"},"content":{"rendered":"<p>Marseille va \u00eatre baign\u00e9e de soleil durant cette journ\u00e9e. Les temp\u00e9ratures seront comprises entre 5\u00b0C et 11\u00b0C. Les Marseillais vont avoir froid le matin : les temp\u00e9ratures ne vont pas d\u00e9passer 10\u00b0C. Les valeurs afficheront entre 5 et 10\u00b0C. Une petite brise de nord soufflera. Les temp\u00e9ratures vont enregistrer une augmentation de quelques degr\u00e9s dans l&rsquo;apr\u00e8s-midi. Les valeurs seront de 9\u00b0C au minimum et de 11\u00b0C au maximum. Des \u00e9claircies sont pr\u00e9vues : on passera une soir\u00e9e agr\u00e9able. Les temp\u00e9ratures seront de 8\u00b0C. Entre jeudi et vendredi, la nuit sera claire.<\/p>\n<p>Demain, les Marseillais vont pouvoir b\u00e9n\u00e9ficier d&rsquo;un soleil magnifique. Un temps plus chaud est attendu \u00e9tant donn\u00e9 que le mercure va conna\u00eetre une hausse. Il va faire environ 9\u00b0C. Un l\u00e9ger vent de nord-ouest sera ressenti par les habitants. Les maximales iront jusqu&rsquo;\u00e0 10\u00b0C dans la matin\u00e9e tandis que les minimales seront de 7\u00b0C. Demain apr\u00e8s-midi, les valeurs s&rsquo;\u00e9chelonneront entre 10 et 11\u00b0C. La ville aura quelques \u00e9claircies demain soir. Les temp\u00e9ratures iront de 9 \u00e0 10\u00b0C.<\/p>\n<p>Les conditions m\u00e9t\u00e9orologiques des journ\u00e9es qui suivent vont \u00e9voluer progressivement. Apr\u00e8s un temps similaire samedi, la situation changera dimanche.<\/p>\n<p><\/p>\n","protected":false},"excerpt":{"rendered":"Marseille va \u00eatre baign\u00e9e de soleil durant cette journ\u00e9e. Les temp\u00e9ratures seront comprises entre 5\u00b0C et 11\u00b0C. Les&hellip;\n","protected":false},"author":2,"featured_media":561210,"comment_status":"","ping_status":"","sticky":false,"template":"","format":"standard","meta":{"footnotes":""},"categories":[2814],"tags":[1111,11,1777,674,1011,27,884,12,2119,882,25],"class_list":{"0":"post-561209","1":"post","2":"type-post","3":"status-publish","4":"format-standard","5":"has-post-thumbnail","7":"category-marseille","8":"tag-actu","9":"tag-actualites","10":"tag-eu","11":"tag-europe","12":"tag-fr","13":"tag-france","14":"tag-marseille","15":"tag-news","16":"tag-previsions-meteo","17":"tag-provence-alpes-cote-dazur","18":"tag-republique-francaise"},"share_on_mastodon":{"url":"https:\/\/pubeurope.com\/@fr\/115619062385289232","error":""},"_links":{"self":[{"href":"https:\/\/www.europesays.com\/fr\/wp-json\/wp\/v2\/posts\/561209","targetHints":{"allow":["GET"]}}],"collection":[{"href":"https:\/\/www.europesays.com\/fr\/wp-json\/wp\/v2\/posts"}],"about":[{"href":"https:\/\/www.europesays.com\/fr\/wp-json\/wp\/v2\/types\/post"}],"author":[{"embeddable":true,"href":"https:\/\/www.europesays.com\/fr\/wp-json\/wp\/v2\/users\/2"}],"replies":[{"embeddable":true,"href":"https:\/\/www.europesays.com\/fr\/wp-json\/wp\/v2\/comments?post=561209"}],"version-history":[{"count":0,"href":"https:\/\/www.europesays.com\/fr\/wp-json\/wp\/v2\/posts\/561209\/revisions"}],"wp:featuredmedia":[{"embeddable":true,"href":"https:\/\/www.europesays.com\/fr\/wp-json\/wp\/v2\/media\/561210"}],"wp:attachment":[{"href":"https:\/\/www.europesays.com\/fr\/wp-json\/wp\/v2\/media?parent=561209"}],"wp:term":[{"taxonomy":"category","embeddable":true,"href":"https:\/\/www.europesays.com\/fr\/wp-json\/wp\/v2\/categories?post=561209"},{"taxonomy":"post_tag","embeddable":true,"href":"https:\/\/www.europesays.com\/fr\/wp-json\/wp\/v2\/tags?post=561209"}],"curies":[{"name":"wp","href":"https:\/\/api.w.org\/{rel}","templated":true}]}}