{"id":561215,"date":"2025-11-27T01:30:37","date_gmt":"2025-11-27T01:30:37","guid":{"rendered":"https:\/\/www.europesays.com\/fr\/561215\/"},"modified":"2025-11-27T01:30:37","modified_gmt":"2025-11-27T01:30:37","slug":"un-decret-va-etre-pris-en-urgence-pour-retablir-le-versement-des-bourses","status":"publish","type":"post","link":"https:\/\/www.europesays.com\/fr\/561215\/","title":{"rendered":"Un d\u00e9cret va \u00eatre pris en urgence pour r\u00e9tablir le versement des bourses&#8230;"},"content":{"rendered":"<p>\n\t\t\t\t\t\t\t\t\t\t\t\t\tPLFSS 2026\u00a0: d\u00e9put\u00e9s et s\u00e9nateurs \u00e9chouent \u00e0 trouver un accord en CMP\t\t\t\t\t\t\t\t\t\t\t\t<\/p>\n<p>Apr\u00e8s une premi\u00e8re lecture avort\u00e9e \u00e0 l\u2019Assembl\u00e9e nationale (<a href=\"https:\/\/www.aefinfo.fr\/depeche\/740842-plfss-2026-fin-des-debats-a-lassemblee-nationale-la-version-modifiee-du-texte-est-envoyee-sans-vote-au-senat\" title=\"lire sur AEF info\" id_depeche=\"740842\" class=\"linkIntDep\" target=\"_blank\" rel=\"noopener\">lire sur AEF info<\/a>), puis un examen au S\u00e9nat s\u2019\u00e9tant conclu par l\u2019adoption d\u2019une version profond\u00e9ment remani\u00e9e (<a href=\"https:\/\/www.aefinfo.fr\/depeche\/741635-le-senat-adopte-le-projet-de-loi-de-financement-de-la-securite-sociale-pour-2026-profondement-remanie\" title=\"lire sur AEF info\" id_depeche=\"741635\" class=\"linkIntDep\" target=\"_blank\" rel=\"noopener\">lire sur AEF info<\/a>), une CMP\u00a0sur le\u00a0PLFSS\u00a0pour 2026\u00a0s\u2019est tenue le 26\u00a0novembre\u00a02025 en d\u00e9but de soir\u00e9e. Sans surprise au regard des divergences entre les deux chambres du Parlement, par exemple sur la suspension de la r\u00e9forme des retraites, l\u2019instance r\u00e9unissant quatorze parlementaires n\u2019est pas parvenue \u00e0 s\u2019accorder sur un texte commun. La CPM est donc non conclusive, et le PLFSS pour 2026 va poursuivre son parcours parlementaire avec une nouvelle lecture \u00e0 l\u2019Assembl\u00e9e nationale. Selon l\u2019ordre du jour de l\u2019Assembl\u00e9e nationale en ligne sur son site internet, cet examen commencera en s\u00e9ance publique la semaine du 1er\u00a0d\u00e9cembre et un vote solennel sur l\u2019ensemble du texte aura lieu le 9\u00a0d\u00e9cembre \u00e0 15\u00a0heures.<\/p>\n<p>\t\t\t\t\t\t\t\t\t\t\t\t<img decoding=\"async\" src=\"https:\/\/www.aefinfo.fr\/assets\/img\/picto-plus-rouge.svg\" height=\"10\" alt=\"Lire la suite\"\/>Lire la suite<\/p>\n","protected":false},"excerpt":{"rendered":"PLFSS 2026\u00a0: d\u00e9put\u00e9s et s\u00e9nateurs \u00e9chouent \u00e0 trouver un accord en CMP Apr\u00e8s une premi\u00e8re lecture avort\u00e9e \u00e0&hellip;\n","protected":false},"author":2,"featured_media":561216,"comment_status":"","ping_status":"","sticky":false,"template":"","format":"standard","meta":{"footnotes":""},"categories":[1592],"tags":[1111,11,1777,674,1011,27,662,12,626,25],"class_list":{"0":"post-561215","1":"post","2":"type-post","3":"status-publish","4":"format-standard","5":"has-post-thumbnail","7":"category-ile-de-france","8":"tag-actu","9":"tag-actualites","10":"tag-eu","11":"tag-europe","12":"tag-fr","13":"tag-france","14":"tag-ile-de-france","15":"tag-news","16":"tag-paris","17":"tag-republique-francaise"},"share_on_mastodon":{"url":"https:\/\/pubeurope.com\/@fr\/115619078894178293","error":""},"_links":{"self":[{"href":"https:\/\/www.europesays.com\/fr\/wp-json\/wp\/v2\/posts\/561215","targetHints":{"allow":["GET"]}}],"collection":[{"href":"https:\/\/www.europesays.com\/fr\/wp-json\/wp\/v2\/posts"}],"about":[{"href":"https:\/\/www.europesays.com\/fr\/wp-json\/wp\/v2\/types\/post"}],"author":[{"embeddable":true,"href":"https:\/\/www.europesays.com\/fr\/wp-json\/wp\/v2\/users\/2"}],"replies":[{"embeddable":true,"href":"https:\/\/www.europesays.com\/fr\/wp-json\/wp\/v2\/comments?post=561215"}],"version-history":[{"count":0,"href":"https:\/\/www.europesays.com\/fr\/wp-json\/wp\/v2\/posts\/561215\/revisions"}],"wp:featuredmedia":[{"embeddable":true,"href":"https:\/\/www.europesays.com\/fr\/wp-json\/wp\/v2\/media\/561216"}],"wp:attachment":[{"href":"https:\/\/www.europesays.com\/fr\/wp-json\/wp\/v2\/media?parent=561215"}],"wp:term":[{"taxonomy":"category","embeddable":true,"href":"https:\/\/www.europesays.com\/fr\/wp-json\/wp\/v2\/categories?post=561215"},{"taxonomy":"post_tag","embeddable":true,"href":"https:\/\/www.europesays.com\/fr\/wp-json\/wp\/v2\/tags?post=561215"}],"curies":[{"name":"wp","href":"https:\/\/api.w.org\/{rel}","templated":true}]}}