{"id":561219,"date":"2025-11-27T01:32:13","date_gmt":"2025-11-27T01:32:13","guid":{"rendered":"https:\/\/www.europesays.com\/fr\/561219\/"},"modified":"2025-11-27T01:32:13","modified_gmt":"2025-11-27T01:32:13","slug":"linternational-anglais-joe-marchant-quittera-le-stade-francais-a-la-fin-de-la-saison","status":"publish","type":"post","link":"https:\/\/www.europesays.com\/fr\/561219\/","title":{"rendered":"l\u2019international anglais Joe Marchant quittera le Stade Fran\u00e7ais \u00e0 la fin de la saison"},"content":{"rendered":"<p>\n    Le centre Joe Marchant (29 ans) quittera le Stade fran\u00e7ais \u00e0 la fin de la saison afin de rejoindre les Sharks en Angleterre.<\/p>\n<p class=\"fig-paragraph\">Le centre international anglais\u00a0<a href=\"http:\/\/www.lefigaro.fr\/sports\/rugby\/top-14\/top-14-annonce-partant-l-anglais-joe-marchant-confirme-au-stade-francais-20250728\" target=\"_blank\" data-fig-type=\"NewsFlash\" rel=\"sponsored noopener nofollow\" data-gtm-custom-categorie=\"navigation\" data-gtm-custom-action=\"crossclick\" data-gtm-custom-label=\"Contextuel\" data-gtm-event=\"customEventSPE\" data-fig-domain=\"LEFIGARO\">Joe Marchant<\/a>, arriv\u00e9 au\u00a0<a href=\"http:\/\/www.lefigaro.fr\/sports\/rugby\/top-14\/top-14-toujours-souverain-a-domicile-le-stade-francais-sur-le-podium-20251123\" target=\"_blank\" data-fig-type=\"NewsFlash\" rel=\"sponsored noopener nofollow\" data-gtm-custom-categorie=\"navigation\" data-gtm-custom-action=\"crossclick\" data-gtm-custom-label=\"Contextuel\" data-gtm-event=\"customEventSPE\" data-fig-domain=\"LEFIGARO\">Stade Fran\u00e7ais<\/a>\u00a0en 2023, va rejoindre les Sales Sharks \u00e0 l&rsquo;issue de la saison, a annonc\u00e9 mercredi le club anglais. Le joueur de 29 ans compte 26 s\u00e9lections avec le<a href=\"http:\/\/www.lefigaro.fr\/sports\/rugby\/angleterre-nouvelle-zelande-le-resume-video-de-la-victoire-du-xv-de-la-rose-a-twickenham-20251115\" target=\"_blank\" data-fig-type=\"NewsFlash\" rel=\"sponsored noopener nofollow\" data-gtm-custom-categorie=\"navigation\" data-gtm-custom-action=\"crossclick\" data-gtm-custom-label=\"Contextuel\" data-gtm-event=\"customEventSPE\" data-fig-domain=\"LEFIGARO\">\u00a0XV de la Rose<\/a>, la derni\u00e8re lors du match pour la troisi\u00e8me place du Mondial 2023 en France, gagn\u00e9 contre l&rsquo;Argentine et au cours duquel il avait inscrit un doubl\u00e9.<\/p>\n<p>Un retour en s\u00e9lection\u00a0?<\/p>\n<p class=\"fig-paragraph\">Son d\u00e9part en France l&rsquo;a rendu in\u00e9ligible pour la s\u00e9lection, mais il le sera de nouveau en jouant avec Sale et il a affirm\u00e9 dans le communiqu\u00e9 de Sale vouloir rejouer avec le XV de la Rose. Avec le Stade fran\u00e7ais, il a jou\u00e9 53 matches depuis son arriv\u00e9e, connaissant la belle saison 2023-2024 (demi-finaliste du Top 14) mais aussi celle achev\u00e9e \u00e0 la 12e place en 2024-2025. Il a disput\u00e9 sept matches cette saison, dont cinq titularisations, sans marquer d&rsquo;essai.<\/p>\n","protected":false},"excerpt":{"rendered":"Le centre Joe Marchant (29 ans) quittera le Stade fran\u00e7ais \u00e0 la fin de la saison afin de&hellip;\n","protected":false},"author":2,"featured_media":561220,"comment_status":"","ping_status":"","sticky":false,"template":"","format":"standard","meta":{"footnotes":""},"categories":[1888],"tags":[1111,1928,11,1927,1777,674,1011,27,12,1926,626,1925,25,2558,25441],"class_list":{"0":"post-561219","1":"post","2":"type-post","3":"status-publish","4":"format-standard","5":"has-post-thumbnail","7":"category-paris","8":"tag-actu","9":"tag-actu-paris","10":"tag-actualites","11":"tag-actualites-paris","12":"tag-eu","13":"tag-europe","14":"tag-fr","15":"tag-france","16":"tag-news","17":"tag-news-paris","18":"tag-paris","19":"tag-paris-news","20":"tag-republique-francaise","21":"tag-stade-francais","22":"tag-xv-de-la-rose"},"share_on_mastodon":{"url":"https:\/\/pubeurope.com\/@fr\/115619086152102534","error":""},"_links":{"self":[{"href":"https:\/\/www.europesays.com\/fr\/wp-json\/wp\/v2\/posts\/561219","targetHints":{"allow":["GET"]}}],"collection":[{"href":"https:\/\/www.europesays.com\/fr\/wp-json\/wp\/v2\/posts"}],"about":[{"href":"https:\/\/www.europesays.com\/fr\/wp-json\/wp\/v2\/types\/post"}],"author":[{"embeddable":true,"href":"https:\/\/www.europesays.com\/fr\/wp-json\/wp\/v2\/users\/2"}],"replies":[{"embeddable":true,"href":"https:\/\/www.europesays.com\/fr\/wp-json\/wp\/v2\/comments?post=561219"}],"version-history":[{"count":0,"href":"https:\/\/www.europesays.com\/fr\/wp-json\/wp\/v2\/posts\/561219\/revisions"}],"wp:featuredmedia":[{"embeddable":true,"href":"https:\/\/www.europesays.com\/fr\/wp-json\/wp\/v2\/media\/561220"}],"wp:attachment":[{"href":"https:\/\/www.europesays.com\/fr\/wp-json\/wp\/v2\/media?parent=561219"}],"wp:term":[{"taxonomy":"category","embeddable":true,"href":"https:\/\/www.europesays.com\/fr\/wp-json\/wp\/v2\/categories?post=561219"},{"taxonomy":"post_tag","embeddable":true,"href":"https:\/\/www.europesays.com\/fr\/wp-json\/wp\/v2\/tags?post=561219"}],"curies":[{"name":"wp","href":"https:\/\/api.w.org\/{rel}","templated":true}]}}