{"id":561224,"date":"2025-11-27T01:35:19","date_gmt":"2025-11-27T01:35:19","guid":{"rendered":"https:\/\/www.europesays.com\/fr\/561224\/"},"modified":"2025-11-27T01:35:19","modified_gmt":"2025-11-27T01:35:19","slug":"russie-le-francais-laurent-vinatier-pourrait-etre-juge-fin-fevrier-pour-espionnage","status":"publish","type":"post","link":"https:\/\/www.europesays.com\/fr\/561224\/","title":{"rendered":"Russie : le Fran\u00e7ais Laurent Vinatier pourrait \u00eatre jug\u00e9 fin f\u00e9vrier pour espionnage"},"content":{"rendered":"<ul class=\"jsx-862013697 ArticleChapo__List\">\n<li class=\"jsx-862013697 ArticleChapo__List_Item flex\">Laurent Vinatier est incarc\u00e9r\u00e9 depuis juin 2024 en Russie.<\/li>\n<li class=\"jsx-862013697 ArticleChapo__List_Item flex\">Ce chercheur fran\u00e7ais de 49 ans a \u00e9t\u00e9 condamn\u00e9 \u00e0 3 ans de prison pour ne pas s&rsquo;\u00eatre enregistr\u00e9 en tant qu'\u00a0\u00bbagent de l&rsquo;\u00e9tranger\u00a0\u00bb.<\/li>\n<li class=\"jsx-862013697 ArticleChapo__List_Item flex\">Il va de nouveau \u00eatre jug\u00e9 \u00ab\u00a0sans doute\u00a0\u00bb le 28 f\u00e9vrier pour espionnage, selon son avocat fran\u00e7ais.<\/li>\n<\/ul>\n<p data-module=\"article-paragraph\" class=\"jsx-3046738180 Paragraph\">Il est d\u00e9tenu en Russie depuis un an et demi. Le <a href=\"https:\/\/www.tf1info.fr\/international\/prisonnier-en-russie-depuis-17-mois-les-parents-de-laurent-vinatier-temoignent-en-exclusivite-sur-tf1-2408659.html\" target=\"_blank\" rel=\"noopener\">chercheur fran\u00e7ais Laurent Vinatier<\/a> pourrait conna\u00eetre un nouveau proc\u00e8s fin f\u00e9vrier, cette fois pour espionnage, selon son avocat fran\u00e7ais. Une audience, initialement annonc\u00e9e pour ce jeudi, a \u00ab\u00a0eu lieu le 21 novembre, sans doute par souci de discr\u00e9tion\u00a0\u00bb, a d\u00e9clar\u00e9 mercredi 26 novembre Me Fr\u00e9d\u00e9ric B\u00e9lot. L&rsquo;enqu\u00eate pour espionnage a \u00e9t\u00e9 \u00ab\u00a0prolong\u00e9e, avec remise des conclusions fin janvier et sans doute proc\u00e8s le 28 f\u00e9vrier\u00a0\u00bb, a-t-il pr\u00e9cis\u00e9.\u00a0<\/p>\n<p data-module=\"article-paragraph\" class=\"jsx-3046738180 Paragraph\">Laurent Vinatier, sp\u00e9cialiste de 49 ans de l&rsquo;espace post-sovi\u00e9tique, est incarc\u00e9r\u00e9 depuis juin 2024 en Russie. Il a \u00e9t\u00e9 condamn\u00e9 en octobre 2024 \u00e0 trois ans de prison pour ne pas s&rsquo;\u00eatre enregistr\u00e9 en tant qu'\u00a0\u00bbagent de l&rsquo;\u00e9tranger\u00a0\u00bb, le label utilis\u00e9 par les autorit\u00e9s russes pour r\u00e9primer leurs d\u00e9tracteurs. Depuis fin ao\u00fbt, il est vis\u00e9 par de nouvelles accusations d&rsquo;espionnage, passibles d&rsquo;un maximum de vingt ans de prison.<\/p>\n<p data-module=\"article-paragraph\" class=\"jsx-3046738180 Paragraph Paragraph__End\">\u00ab\u00a0Nous sommes tr\u00e8s attentifs \u00e0 la proc\u00e9dure p\u00e9nale en cours. Nous esp\u00e9rons que les arguments de la d\u00e9fense seront entendus et nous comptons sur le soutien de la diplomatie fran\u00e7aise, qui est tr\u00e8s important pour Laurent et sa famille\u00a0\u00bb, a soulign\u00e9 Me B\u00e9lot, pr\u00e9cisant que Laurent Vinatier va \u00ab\u00a0bien\u00a0\u00bb.\u00a0<\/p>\n<p>Les autorit\u00e9s fran\u00e7aises \u00ab\u00a0pleinement mobilis\u00e9es\u00a0\u00bb<\/p>\n<p data-module=\"article-paragraph\" class=\"jsx-3046738180 Paragraph\">Le Quai d&rsquo;Orsay a de son c\u00f4t\u00e9 fait savoir que \u00ab\u00a0les autorit\u00e9s fran\u00e7aises restent pleinement mobilis\u00e9es pour porter assistance \u00e0 Laurent Vinatier, arbitrairement d\u00e9tenu en Russie, et pour accompagner ses proches\u00a0\u00bb. Il a aussi indiqu\u00e9 que \u00ab\u00a0le consulat g\u00e9n\u00e9ral de France \u00e0 Moscou continuera de suivre attentivement (sa) situation\u00a0\u00bb.<\/p>\n<p data-module=\"article-paragraph\" class=\"jsx-3046738180 Paragraph Paragraph__End\">Le chercheur \u00e9tait employ\u00e9 en Russie par une ONG suisse faisant de la m\u00e9diation dans des conflits hors des circuits diplomatiques officiels, notamment s&rsquo;agissant de l&rsquo;Ukraine. Fin ao\u00fbt, Brigitte et Alain Vinatier avaient d\u00e9clar\u00e9 que leur fils \u00e9tait un \u00ab\u00a0prisonnier politique\u00a0\u00bb, un \u00ab\u00a0pion\u00a0\u00bb utilis\u00e9 par les Russes pour \u00ab\u00a0faire pression\u00a0\u00bb. \u00c0 l&rsquo;issue d&rsquo;une audience fin ao\u00fbt, Laurent Vinatier avait expliqu\u00e9 \u00eatre \u00ab\u00a0fatigu\u00e9\u00a0\u00bb et avait r\u00e9pondu \u00ab\u00a0oui\u00a0\u00bb lorsqu&rsquo;une journaliste lui avait demand\u00e9 s&rsquo;il s&rsquo;estimait \u00ab\u00a0otage\u00a0\u00bb du pouvoir russe.<\/p>\n<p><a href=\"https:\/\/www.tf1info.fr\/justice-faits-divers\/espionnage-et-ingerence-au-profit-de-la-russie-ce-que-l-on-sait-des-4-personnes-mises-en-examen-2409026.html\" rel=\"noopener\" class=\"jsx-3308031228 Link flex\" target=\"_blank\"><img decoding=\"async\" src=\"https:\/\/www.europesays.com\/fr\/wp-content\/uploads\/2025\/11\/x-ouvrir-le-document-dans-une-nouvelle-fenetrex-espionnage-et-ingerence-au-profit-de-la-russie-trois.jpeg\" alt=\"X&#10;Ouvrir le document dans une nouvelle fen\u00eatreX&#10;Espionnage et ing\u00e9rence au profit de la Russie: trois personnes \u00e9crou\u00e9es \u00e0 Paris\" loading=\"lazy\" importance=\"low\" fetchpriority=\"low\" class=\"\" aria-hidden=\"true\"\/><\/p>\n<p class=\"jsx-3657663356 ReadMoreArticle__Title\">Lire aussi<\/p>\n<p class=\"jsx-3657663356\">Espionnage et ing\u00e9rence au profit de la Russie : ce que l&rsquo;on sait des 4 personnes mises en examen<\/p>\n<p><\/a><\/p>\n<p data-module=\"article-paragraph\" class=\"jsx-3046738180 Paragraph\">Ces derniers mois, Paris a exig\u00e9 de Moscou sa lib\u00e9ration, accusant la Russie de chercher \u00e0 prendre des Occidentaux en otage, alors que les relations entre les deux pays sont au plus bas depuis l&rsquo;assaut russe contre l&rsquo;Ukraine lanc\u00e9 en f\u00e9vrier 2022 et les sanctions qui ont suivi. La France se voit notamment reprocher par Moscou son soutien militaire \u00e0 Kiev.\u00a0<\/p>\n<p data-module=\"article-paragraph\" class=\"jsx-3046738180 Paragraph Paragraph__End\">Une s\u00e9rie d&rsquo;actes de d\u00e9stabilisation et de d\u00e9sinformation ont aussi \u00e9t\u00e9 imput\u00e9s \u00e0 Moscou depuis deux ans en France. Ces derniers jours, quatre personnes ont d&rsquo;ailleurs \u00e9t\u00e9 mises en examen \u00e0 Paris dans le cadre d&rsquo;une double affaire d&rsquo;espionnage \u00e9conomique au profit de Moscou et d&rsquo;ing\u00e9rence.<\/p>\n<p>E.R. avec AFP<\/p>\n","protected":false},"excerpt":{"rendered":"Laurent Vinatier est incarc\u00e9r\u00e9 depuis juin 2024 en Russie. Ce chercheur fran\u00e7ais de 49 ans a \u00e9t\u00e9 condamn\u00e9&hellip;\n","protected":false},"author":2,"featured_media":561225,"comment_status":"","ping_status":"","sticky":false,"template":"","format":"standard","meta":{"footnotes":""},"categories":[1591],"tags":[1111,11,1921,1887,1922,12,2694,1885,1886,132,133,1920],"class_list":{"0":"post-561224","1":"post","2":"type-post","3":"status-publish","4":"format-standard","5":"has-post-thumbnail","7":"category-russie","8":"tag-actu","9":"tag-actualites","10":"tag-article-video","11":"tag-federation-de-russie","12":"tag-info","13":"tag-news","14":"tag-proces","15":"tag-russia","16":"tag-russian-federation","17":"tag-russie","18":"tag-video","19":"tag-video-international"},"share_on_mastodon":{"url":"https:\/\/pubeurope.com\/@fr\/115619098345865172","error":""},"_links":{"self":[{"href":"https:\/\/www.europesays.com\/fr\/wp-json\/wp\/v2\/posts\/561224","targetHints":{"allow":["GET"]}}],"collection":[{"href":"https:\/\/www.europesays.com\/fr\/wp-json\/wp\/v2\/posts"}],"about":[{"href":"https:\/\/www.europesays.com\/fr\/wp-json\/wp\/v2\/types\/post"}],"author":[{"embeddable":true,"href":"https:\/\/www.europesays.com\/fr\/wp-json\/wp\/v2\/users\/2"}],"replies":[{"embeddable":true,"href":"https:\/\/www.europesays.com\/fr\/wp-json\/wp\/v2\/comments?post=561224"}],"version-history":[{"count":0,"href":"https:\/\/www.europesays.com\/fr\/wp-json\/wp\/v2\/posts\/561224\/revisions"}],"wp:featuredmedia":[{"embeddable":true,"href":"https:\/\/www.europesays.com\/fr\/wp-json\/wp\/v2\/media\/561225"}],"wp:attachment":[{"href":"https:\/\/www.europesays.com\/fr\/wp-json\/wp\/v2\/media?parent=561224"}],"wp:term":[{"taxonomy":"category","embeddable":true,"href":"https:\/\/www.europesays.com\/fr\/wp-json\/wp\/v2\/categories?post=561224"},{"taxonomy":"post_tag","embeddable":true,"href":"https:\/\/www.europesays.com\/fr\/wp-json\/wp\/v2\/tags?post=561224"}],"curies":[{"name":"wp","href":"https:\/\/api.w.org\/{rel}","templated":true}]}}