{"id":561233,"date":"2025-11-27T01:39:19","date_gmt":"2025-11-27T01:39:19","guid":{"rendered":"https:\/\/www.europesays.com\/fr\/561233\/"},"modified":"2025-11-27T01:39:19","modified_gmt":"2025-11-27T01:39:19","slug":"allemagne-augmentation-alarmante-de-la-criminalite-dans-les-gares-et-les-trains","status":"publish","type":"post","link":"https:\/\/www.europesays.com\/fr\/561233\/","title":{"rendered":"Allemagne : augmentation alarmante de la criminalit\u00e9 dans les gares et les trains"},"content":{"rendered":"<p>La violence dans les gares allemandes a de nouveau augment\u00e9, selon <a href=\"https:\/\/bundespolizei.de\/aktuelles\/meldungen\/jahresbericht-2024-der-bundespolizei-veroeffentlicht\" target=\"_blank\" rel=\"noreferrer nofollow noopener\"><strong>le rapport annuel 2024 de la police f\u00e9d\u00e9rale<\/strong><\/a> qui vient d&rsquo;\u00eatre publi\u00e9.<\/p>\n<p>6 % de d\u00e9lits violents suppl\u00e9mentaires ont \u00e9t\u00e9 enregistr\u00e9s l&rsquo;ann\u00e9e derni\u00e8re par rapport \u00e0 2023, et 51 % de plus par rapport \u00e0 2019. Au total, la police f\u00e9d\u00e9rale a enregistr\u00e9 27 160 d\u00e9lits de violence dans les gares et les trains en 2024. <\/p>\n<p>Outre les grandes villes, les petites gares et m\u00eame les gares rurales sont de plus en plus souvent prises pour cible.<\/p>\n<p>Les d\u00e9lits sexuels en forte hausse<\/p>\n<p>L&rsquo;augmentation des d\u00e9lits sexuels dans les gares et les trains est \u00e9galement alarmante. En 2024, la police f\u00e9d\u00e9rale allemande a enregistr\u00e9 19,2 % de cas suppl\u00e9mentaires d&rsquo;exhibitionnisme, de harc\u00e8lement sexuel, de viol ainsi que d&rsquo;autres d\u00e9lits sexuels. <\/p>\n<p>Au total, il y a eu 381 894 d\u00e9lits dans les gares et les trains allemands en 2024 &#8211; 10,1 % de moins qu&rsquo;en 2023.<\/p>\n<p>\u00ab\u00a0Ce rapport nous inqui\u00e8te\u00a0\u00bb, explique le vice-pr\u00e9sident du syndicat de la police f\u00e9d\u00e9rale Manuel Ostermann, interrog\u00e9 par Euronews. \u00ab\u00a0Le nombre total de d\u00e9lits a baiss\u00e9, mais l\u00e0 o\u00f9 \u00e7a compte vraiment &#8211; les d\u00e9lits violents et sexuels ainsi que les infractions \u00e0 la loi sur les armes &#8211; la situation est mauvaise\u00a0\u00bb.<\/p>\n<p>Comme dans les gares, le nombre total de d\u00e9lits a baiss\u00e9 de 18,8 % entre 2023 et 2024. Il s&rsquo;\u00e9l\u00e8ve d\u00e9sormais \u00e0 environ 640 000 d\u00e9lits enregistr\u00e9s. Un succ\u00e8s qui s&rsquo;explique en grande partie par la baisse du nombre d&rsquo;infractions \u00e0 la loi sur le s\u00e9jour des \u00e9trangers.<\/p>\n<p>Le rapport pr\u00e9sente une image ambigu\u00eb : en effet, le nombre de <a href=\"https:\/\/fr.euronews.com\/my-europe\/2025\/10\/16\/les-abus-sexuels-sur-les-enfants-sont-une-pandemie-cachee-en-europe-selon-un-nouveau-rappo\" rel=\"nofollow noopener\" target=\"_blank\"><strong>d\u00e9lits violents et sexuels a augment\u00e9<\/strong><\/a> dans toute l&rsquo;Allemagne &#8211; de 6,6 % et de 13 % respectivement.<\/p>\n<p>Pourquoi une telle augmentation de la violence ?<\/p>\n<p>Les causes de cette augmentation de la violence sont multiples, selon Manuel Ostermann. D&rsquo;une part, de plus en plus de personnes en Allemagne sont livr\u00e9es \u00e0 elles-m\u00eames en raison du manque d&rsquo;infrastructures sociales, comme par exemple des travailleurs de rue et des enseignants.<\/p>\n<p>D&rsquo;autre part, les familles sont de plus en plus souvent d\u00e9pass\u00e9es, la violence domestique et la consommation de drogues augmentant dans tout le pays. Mais Manuel Ostermann attribue \u00e9galement une part de responsabilit\u00e9 \u00e0 la migration. <\/p>\n<p>\u00ab\u00a0Le profil des auteurs est en premier lieu masculin, et en second lieu, si l&rsquo;on consid\u00e8re le rapport \u00e0 la population totale, ce sont des hommes issus des principaux pays d&rsquo;origine des demandeurs d&rsquo;asile\u00a0\u00bb, affirme-t-il.<\/p>\n<p>Selon le rapport, environ 79 % des auteurs de violences sont des hommes, dont la moiti\u00e9 (49 %) \u00e9taient sous l&#8217;emprise de l&rsquo;alcool ou de la drogue au moment des faits. Un peu plus de la moiti\u00e9 (53 %) <a href=\"https:\/\/fr.euronews.com\/my-europe\/2024\/12\/02\/portugal-fake-news-sur-limmigration-euroverify-vous-aide-a-y-voir-clair\" rel=\"nofollow noopener\" target=\"_blank\"><strong>n&rsquo;avait pas la nationalit\u00e9 allemande<\/strong><\/a>.<\/p>\n<p>Dans les gares, la police f\u00e9d\u00e9rale et la Deutsche Bahn tentent de lutter contre la criminalit\u00e9 par une pr\u00e9sence accrue de leur personnel, des entretiens avec des personnes dangereuses, des zones interdites aux armes et 11 000 cam\u00e9ras de surveillance.<\/p>\n<p>Manuel Ostermann demande que la Deutsche Bahn AG soit davantage mise \u00e0 contribution, estimant qu'\u00a0\u00bbelle doit \u00e9galement prot\u00e9ger elle-m\u00eame ses gares avec plus de personnel de s\u00e9curit\u00e9\u00a0\u00bb.<\/p>\n<p>\u00ab\u00a0Beaucoup de choses ont \u00e9t\u00e9 n\u00e9glig\u00e9es au cours des dix derni\u00e8res ann\u00e9es\u00a0\u00bb<\/p>\n<p>Dans le m\u00eame temps, le nombre d&rsquo;agressions contre les policiers f\u00e9d\u00e9raux a l\u00e9g\u00e8rement baiss\u00e9, passant de 2 979 en 2023 \u00e0 2 967 en 2024. Il s&rsquo;agit cependant de la deuxi\u00e8me valeur la plus \u00e9lev\u00e9e depuis l&rsquo;introduction des statistiques en 2001.<\/p>\n<p>\u00ab\u00a0Chaque attaque contre l&rsquo;int\u00e9grit\u00e9 physique de nos fonctionnaires est une attaque contre notre soci\u00e9t\u00e9 dans son ensemble, contre notre cohabitation pacifique\u00a0\u00bb, d\u00e9clare \u00e0 ce sujet le ministre de l&rsquo;Int\u00e9rieur Alexander Dobrindt (CSU) dans le rapport.<\/p>\n<p>L&rsquo;ann\u00e9e derni\u00e8re, 804 policiers f\u00e9d\u00e9raux, en majorit\u00e9 des hommes, ont \u00e9t\u00e9 bless\u00e9s. <\/p>\n<p>\u00ab\u00a0Les agressions ont presque toujours eu lieu au moyen de la violence physique, par des coups de pied, des coups de poing, des crachats, des morsures ainsi que des coups de t\u00eate et de corps. Dans une attaque sur huit, des objets ont \u00e9galement \u00e9t\u00e9 utilis\u00e9s comme moyen d&rsquo;action. Le plus souvent, il s&rsquo;agissait de bouteilles, de pierres et d&rsquo;objets d&rsquo;usage courant\u00a0\u00bb, indique la police f\u00e9d\u00e9rale.<\/p>\n<p>Manuel Ostermann, lui-m\u00eame membre de la CDU, se dit tr\u00e8s satisfait du travail du ministre de l&rsquo;Int\u00e9rieur, Alexander Dobrindt, mais il estime que beaucoup de choses ont \u00e9t\u00e9 n\u00e9glig\u00e9es au cours des dix derni\u00e8res ann\u00e9es.<\/p>\n<p>\u00ab\u00a0Sur le plan de la s\u00e9curit\u00e9, nous allons assister \u00e0 des ann\u00e9es sombres. Plus de cam\u00e9ras, c&rsquo;est bien, mais s&rsquo;il manque la technique, le nivellement l\u00e9gal et le personnel, on a des probl\u00e8mes\u00a0\u00bb, a d\u00e9clar\u00e9 Ostermann \u00e0 Euronews.<\/p>\n<p>\u00ab\u00a0Nous sommes loin d&rsquo;une bonne coop\u00e9ration politique entre le gouvernement f\u00e9d\u00e9ral et les L\u00e4nder. Si nous regardons par exemple dans les \u00e9coles, tout est en friche et a \u00e9t\u00e9 laiss\u00e9 en sommeil pendant des d\u00e9cennies. Ce sera un sprint tout autant qu&rsquo;un marathon pour reconstruire tout cela\u00a0\u00bb.<\/p>\n<p>Au final, le signal est clair : malgr\u00e9 des \u00e9volutions positives dans certains domaines, la situation s&rsquo;aggrave en de nombreux endroits, l\u00e0 o\u00f9 elle est la plus sensible.<\/p>\n","protected":false},"excerpt":{"rendered":"La violence dans les gares allemandes a de nouveau augment\u00e9, selon le rapport annuel 2024 de la police&hellip;\n","protected":false},"author":2,"featured_media":561234,"comment_status":"","ping_status":"","sticky":false,"template":"","format":"standard","meta":{"footnotes":""},"categories":[1587],"tags":[11,672,1804,271,1805,6122,1803,1777,674,1801,12,1072,1802,1265,2949],"class_list":{"0":"post-561233","1":"post","2":"type-post","3":"status-publish","4":"format-standard","5":"has-post-thumbnail","7":"category-allemagne","8":"tag-actualites","9":"tag-allemagne","10":"tag-bundesrepublik-deutschland","11":"tag-crime","12":"tag-de","13":"tag-deutsche-bahn","14":"tag-deutschland","15":"tag-eu","16":"tag-europe","17":"tag-germany","18":"tag-news","19":"tag-police","20":"tag-republique-federale-dallemagne","21":"tag-viol","22":"tag-violences"},"share_on_mastodon":{"url":"https:\/\/pubeurope.com\/@fr\/115619113470007178","error":""},"_links":{"self":[{"href":"https:\/\/www.europesays.com\/fr\/wp-json\/wp\/v2\/posts\/561233","targetHints":{"allow":["GET"]}}],"collection":[{"href":"https:\/\/www.europesays.com\/fr\/wp-json\/wp\/v2\/posts"}],"about":[{"href":"https:\/\/www.europesays.com\/fr\/wp-json\/wp\/v2\/types\/post"}],"author":[{"embeddable":true,"href":"https:\/\/www.europesays.com\/fr\/wp-json\/wp\/v2\/users\/2"}],"replies":[{"embeddable":true,"href":"https:\/\/www.europesays.com\/fr\/wp-json\/wp\/v2\/comments?post=561233"}],"version-history":[{"count":0,"href":"https:\/\/www.europesays.com\/fr\/wp-json\/wp\/v2\/posts\/561233\/revisions"}],"wp:featuredmedia":[{"embeddable":true,"href":"https:\/\/www.europesays.com\/fr\/wp-json\/wp\/v2\/media\/561234"}],"wp:attachment":[{"href":"https:\/\/www.europesays.com\/fr\/wp-json\/wp\/v2\/media?parent=561233"}],"wp:term":[{"taxonomy":"category","embeddable":true,"href":"https:\/\/www.europesays.com\/fr\/wp-json\/wp\/v2\/categories?post=561233"},{"taxonomy":"post_tag","embeddable":true,"href":"https:\/\/www.europesays.com\/fr\/wp-json\/wp\/v2\/tags?post=561233"}],"curies":[{"name":"wp","href":"https:\/\/api.w.org\/{rel}","templated":true}]}}