{"id":561242,"date":"2025-11-27T01:44:12","date_gmt":"2025-11-27T01:44:12","guid":{"rendered":"https:\/\/www.europesays.com\/fr\/561242\/"},"modified":"2025-11-27T01:44:12","modified_gmt":"2025-11-27T01:44:12","slug":"france-les-anciens-appeles-se-souviennent-du-service-militaire-obligatoire","status":"publish","type":"post","link":"https:\/\/www.europesays.com\/fr\/561242\/","title":{"rendered":"France: les anciens appel\u00e9s se souviennent du service militaire obligatoire"},"content":{"rendered":"<p>\n                                                Face au conflit qui s&rsquo;enlise en Ukraine et aux craintes d&rsquo;une expansion de la guerre \u00e0 d&rsquo;autres pays europ\u00e9ens, Emmanuel Macron doit annoncer, ce jeudi 27 novembre, la cr\u00e9ation d&rsquo;un service militaire volontaire en France. Le service militaire obligatoire, lui, a \u00e9t\u00e9 supprim\u00e9 en 1997 dans le pays. Quel souvenir en gardent ceux qui l&rsquo;ont effectu\u00e9 ?                    <\/p>\n<p>Il y a d&rsquo;abord les souvenirs, br\u00fblants pour certains. \u00ab\u00a0Des week-ends entiers \u00e0 garder une ancienne poudri\u00e8re en plein cagnard. On n&rsquo;a jamais su s&rsquo;il y avait encore des munitions. C&rsquo;\u00e9tait un peu le \u00ab\u00a0D\u00e9sert des Tartares\u00a0\u00bb\u00a0\u00bb, s&rsquo;amuse un ancien appel\u00e9 du contingent, en se rem\u00e9morant son service militaire en <strong><a href=\"https:\/\/www.rfi.fr\/fr\/tag\/france\/\" target=\"_self\" rel=\"noopener\">France<\/a><\/strong>. Un souvenir au contraire glacial, pour d&rsquo;autres\u00a0: \u00ab\u00a0J&rsquo;ai pass\u00e9 le permis poids lourds lors de mes classes en plein hiver, dans la Sarthe, au sud-ouest de <a href=\"https:\/\/www.rfi.fr\/fr\/tag\/paris\/\" target=\"_self\" rel=\"noopener\"><strong>Paris<\/strong><\/a>, dans une base a\u00e9rienne d\u00e9saffect\u00e9e o\u00f9 il faisait r\u00e9guli\u00e8rement des temp\u00e9ratures n\u00e9gatives. Un souvenir tr\u00e8s froid.\u00a0\u00bb<\/p>\n<p>\u00ab\u00a0J&rsquo;ai fait une pr\u00e9paration militaire parachutiste. On saute de 400 m\u00e8tres, l&rsquo;atterrissage peut \u00eatre un peu brutal\u00a0\u00bb, confie un ancien participant.\u00a0\u00ab\u00a0Une vie rythm\u00e9e par le r\u00e9veil matinal, la prise des repas \u00e0 des horaires bien pr\u00e9cis, le lever des couleurs, les s\u00e9ances de sport&#8230; Il y avait une vraie fracture entre la vie civile et la vie militaire\u00a0\u00bb, d\u00e9taille un autre.<\/p>\n<p>Une vie routini\u00e8re et un travail souvent per\u00e7u comme besogneux. \u00ab\u00a0Cela \u00e9voque des choses totalement inutiles pour moi. J&rsquo;ai ramass\u00e9 tout ce qui n&rsquo;\u00e9tait pas gravillons au sol.\u00a0On \u00e9tait cens\u00e9 enlever les brins d&rsquo;herbe. D\u00e8s qu&rsquo;il y en a un ou deux qui d\u00e9connaient, ils allaient en cabane\u00a0\u00bb, raconte cet homme.<\/p>\n<p>De longs moments d&rsquo;ennuis, parfois ponctu\u00e9s\u00a0de franches rigolades, li\u00e9es \u00e0 ces petites strat\u00e9gies afin d&rsquo;\u00e9chapper aux sanctions. \u00ab\u00a0\u200b\u200b\u200b\u200b\u200b\u200b\u200bJe me souviens d&rsquo;un sergent-chef assez gros, rougeaud. On sentait qu&rsquo;il aimait bien titiller du goulot. Lui, son grand plaisir, c&rsquo;\u00e9tait de faire un trafic de pneus. \u00c0 l&rsquo;\u00e9poque, autour de l&rsquo;arm\u00e9e, il y avait plein de petites combines comme cela. C&rsquo;\u00e9tait la \u00ab\u00a0combinazzione\u00a0\u00bb\u00a0\u00bb, d\u00e9crit cet ancien appel\u00e9.<\/p>\n<p>Cet homme, aux cheveux longs qui tombent sur les \u00e9paules, se souvient de sa surprise apr\u00e8s les avoir ras\u00e9s\u00a0:\u00a0\u00ab\u00a0\u200b\u200b\u200b\u200b\u200b\u200b\u200bMon p\u00e8re m&rsquo;a \u00e0 peine reconnu quand je suis retourn\u00e9 en permission. J&rsquo;avais les cheveux coup\u00e9s courts.\u00a0\u00bb<\/p>\n<p>De longues ann\u00e9es apr\u00e8s, les souvenirs des uns et des autres sont partag\u00e9s, concernant leur service militaire. Pour certains, l&rsquo;\u00e9pisode reste douloureux\u00a0: \u00ab\u00a0\u200b\u200b\u200b\u200b\u200b\u200b\u200bC&rsquo;\u00e9tait un tr\u00e8s mauvais moment. Douze mois difficiles.\u00a0\u00bb Certains ont su tirer profit de cette parenth\u00e8se militaire dans leur vie\u00a0: \u00ab\u00a0Je faisais des \u00e9tudes de sciences politiques. J&rsquo;ai toujours aim\u00e9 la sociologie des organisations et de l&rsquo;arm\u00e9e. C&rsquo;\u00e9tait un cas pratique merveilleux.\u00a0\u00bb<\/p>\n<p>D&rsquo;autres mettent en avant le brassage social qu&rsquo;ils ont v\u00e9cu. \u00ab\u00a0Moi, j&rsquo;appartiens \u00e0 la classe moyenne, plut\u00f4t confortable, mais j&rsquo;\u00e9tais avec des gens qui n&rsquo;\u00e9taient pas confortables du tout. Des gens qui n&rsquo;avaient pas fait d&rsquo;\u00e9tudes, d&rsquo;autres qui en faisaient beaucoup. Il y a de tout. On arrive quand m\u00eame \u00e0 fraterniser un peu.\u00a0\u00bb<\/p>\n<p>\u00c0 cette \u00e9poque, le service militaire durait un an et \u00e9tait obligatoire pour les hommes. Il fut suspendu par le pr\u00e9sident de la R\u00e9publique <strong><a href=\"https:\/\/www.rfi.fr\/fr\/tag\/jacques-chirac\/\" target=\"_self\" rel=\"noopener\">Jacques Chirac<\/a><\/strong> en 1997.<\/p>\n<p class=\"a-read-more\">\u00c0 lire aussi<a href=\"https:\/\/www.rfi.fr\/fr\/france\/20251124-vers-service-militaire-volontaire-france\" target=\"_self\" class=\"a-read-more__link\" rel=\"noopener\">Vers un service militaire volontaire en France<\/a><\/p>\n","protected":false},"excerpt":{"rendered":"Face au conflit qui s&rsquo;enlise en Ukraine et aux craintes d&rsquo;une expansion de la guerre \u00e0 d&rsquo;autres pays&hellip;\n","protected":false},"author":2,"featured_media":561243,"comment_status":"","ping_status":"","sticky":false,"template":"","format":"standard","meta":{"footnotes":""},"categories":[4],"tags":[11,554,1073,1011,27,12,5920,25],"class_list":{"0":"post-561242","1":"post","2":"type-post","3":"status-publish","4":"format-standard","5":"has-post-thumbnail","7":"category-france","8":"tag-actualites","9":"tag-defense","10":"tag-emmanuel-macron","11":"tag-fr","12":"tag-france","13":"tag-news","14":"tag-reportage-france","15":"tag-republique-francaise"},"share_on_mastodon":{"url":"https:\/\/pubeurope.com\/@fr\/115619133089348669","error":""},"_links":{"self":[{"href":"https:\/\/www.europesays.com\/fr\/wp-json\/wp\/v2\/posts\/561242","targetHints":{"allow":["GET"]}}],"collection":[{"href":"https:\/\/www.europesays.com\/fr\/wp-json\/wp\/v2\/posts"}],"about":[{"href":"https:\/\/www.europesays.com\/fr\/wp-json\/wp\/v2\/types\/post"}],"author":[{"embeddable":true,"href":"https:\/\/www.europesays.com\/fr\/wp-json\/wp\/v2\/users\/2"}],"replies":[{"embeddable":true,"href":"https:\/\/www.europesays.com\/fr\/wp-json\/wp\/v2\/comments?post=561242"}],"version-history":[{"count":0,"href":"https:\/\/www.europesays.com\/fr\/wp-json\/wp\/v2\/posts\/561242\/revisions"}],"wp:featuredmedia":[{"embeddable":true,"href":"https:\/\/www.europesays.com\/fr\/wp-json\/wp\/v2\/media\/561243"}],"wp:attachment":[{"href":"https:\/\/www.europesays.com\/fr\/wp-json\/wp\/v2\/media?parent=561242"}],"wp:term":[{"taxonomy":"category","embeddable":true,"href":"https:\/\/www.europesays.com\/fr\/wp-json\/wp\/v2\/categories?post=561242"},{"taxonomy":"post_tag","embeddable":true,"href":"https:\/\/www.europesays.com\/fr\/wp-json\/wp\/v2\/tags?post=561242"}],"curies":[{"name":"wp","href":"https:\/\/api.w.org\/{rel}","templated":true}]}}