{"id":561244,"date":"2025-11-27T01:47:15","date_gmt":"2025-11-27T01:47:15","guid":{"rendered":"https:\/\/www.europesays.com\/fr\/561244\/"},"modified":"2025-11-27T01:47:15","modified_gmt":"2025-11-27T01:47:15","slug":"super-league-tom-whitehead-pose-ses-valises-a-hull-kr-pour-3-ans-rugby-a-xiii","status":"publish","type":"post","link":"https:\/\/www.europesays.com\/fr\/561244\/","title":{"rendered":"Super League &#8211; Tom Whitehead pose ses valises \u00e0 Hull KR pour 3 ans &#8211; Rugby \u00e0 XIII"},"content":{"rendered":"<p style=\"text-align: justify;\"><strong>Tom Whitehead, jeune deuxi\u00e8me ligne prometteur de 23 ans, s\u2019engage avec Hull KR apr\u00e8s avoir fait le tour de la Grande-Bretagne.<\/strong><\/p>\n<p style=\"text-align: justify;\">Sign\u00e9 en 2022 par les Warrington Wolves, ces derniers ne l\u2019ont jamais vraiment int\u00e9gr\u00e9 au projet : 15 petites apparitions en 3 saisons. Mais Whitehead n\u2019est pas rest\u00e9 \u00e0 cirer les bancs des tribunes. Il a \u00e9t\u00e9 pr\u00eat\u00e9 en Super League et surtout en Championship o\u00f9 il a pu faire montre de son talent. Pour la seule ann\u00e9e 2025, outre les Wolves, il a jou\u00e9 avec Londres, Halifax, Salford et Oldham. Montrant toujours le meilleur de lui-m\u00eame.<\/p>\n<p style=\"text-align: justify;\">Aujourd\u2019hui, il signe \u00e0 Hull KR, le champion en titre, qui ne fait pas beaucoup d\u2019erreurs de recrutement ces derniers temps. Le joueur est heureux de se poser :<\/p>\n<blockquote>\n<p style=\"text-align: justify;\">Je suis ravi. Quand l\u2019opportunit\u00e9 s\u2019est pr\u00e9sent\u00e9e, j\u2019ai regard\u00e9 l\u2019\u00e9quipe et ce que faisait le club. Quand j\u2019ai parl\u00e9 au coach Willie Peters, il m\u2019a motiv\u00e9 en me parlant de ce que je pouvais apport\u00e9 au paquet d\u2019avant. Je suis \u00e0 un point de ma carri\u00e8re o\u00f9 je veux continuer de me d\u00e9velopper et apporter une plus value sur le terrain. Ils ont fait le doubl\u00e9 cette saison et ne semblent pas vouloir s\u2019arr\u00eater l\u00e0. C\u2019est une bonne p\u00e9riode pour \u00eatre un Robin.<\/p>\n<\/blockquote>\n<p style=\"text-align: justify;\">Un joueur performant sur le terrain qui a l\u2019air d\u2019avoir une t\u00eate bien faite.<\/p>\n<blockquote class=\"twitter-tweet\" data-width=\"500\" data-dnt=\"true\">\n<p lang=\"en\" dir=\"ltr\">Hull KR are excited to announce the signing of second-rower, Tom Whitehead on a three-year deal \ud83d\udc4a<\/p>\n<p>Read more \ud83d\udc49 <a href=\"https:\/\/t.co\/I2WcK5g2La\">https:\/\/t.co\/I2WcK5g2La<\/a><a href=\"https:\/\/twitter.com\/hashtag\/UpTheRobins?src=hash&amp;ref_src=twsrc%5Etfw\" target=\"_blank\" rel=\"noopener\">#UpTheRobins<\/a>\ud83d\udd34\u26aa\ufe0f <a href=\"https:\/\/t.co\/7koVK24kXU\">pic.twitter.com\/7koVK24kXU<\/a><\/p>\n<p>\u2014 Hull KR (@hullkrofficial) <a href=\"https:\/\/twitter.com\/hullkrofficial\/status\/1990449860689162697?ref_src=twsrc%5Etfw\" target=\"_blank\" rel=\"noopener\">November 17, 2025<\/a><\/p>\n<\/blockquote>\n<p>        <script async src=\"https:\/\/platform.twitter.com\/widgets.js\" charset=\"utf-8\"><\/script><\/p>\n","protected":false},"excerpt":{"rendered":"Tom Whitehead, jeune deuxi\u00e8me ligne prometteur de 23 ans, s\u2019engage avec Hull KR apr\u00e8s avoir fait le tour&hellip;\n","protected":false},"author":2,"featured_media":561245,"comment_status":"","ping_status":"","sticky":false,"template":"","format":"standard","meta":{"footnotes":""},"categories":[1416],"tags":[1011,27,9879,479,2228,1468,2229,60,4474,67783],"class_list":{"0":"post-561244","1":"post","2":"type-post","3":"status-publish","4":"format-standard","5":"has-post-thumbnail","7":"category-rugby","8":"tag-fr","9":"tag-france","10":"tag-hull-kr","11":"tag-rugby","12":"tag-rugby-a-xiii","13":"tag-rugby-football","14":"tag-rugby-league","15":"tag-sports","16":"tag-super-league","17":"tag-tom-whitehead"},"share_on_mastodon":{"url":"https:\/\/pubeurope.com\/@fr\/115619144932360449","error":""},"_links":{"self":[{"href":"https:\/\/www.europesays.com\/fr\/wp-json\/wp\/v2\/posts\/561244","targetHints":{"allow":["GET"]}}],"collection":[{"href":"https:\/\/www.europesays.com\/fr\/wp-json\/wp\/v2\/posts"}],"about":[{"href":"https:\/\/www.europesays.com\/fr\/wp-json\/wp\/v2\/types\/post"}],"author":[{"embeddable":true,"href":"https:\/\/www.europesays.com\/fr\/wp-json\/wp\/v2\/users\/2"}],"replies":[{"embeddable":true,"href":"https:\/\/www.europesays.com\/fr\/wp-json\/wp\/v2\/comments?post=561244"}],"version-history":[{"count":0,"href":"https:\/\/www.europesays.com\/fr\/wp-json\/wp\/v2\/posts\/561244\/revisions"}],"wp:featuredmedia":[{"embeddable":true,"href":"https:\/\/www.europesays.com\/fr\/wp-json\/wp\/v2\/media\/561245"}],"wp:attachment":[{"href":"https:\/\/www.europesays.com\/fr\/wp-json\/wp\/v2\/media?parent=561244"}],"wp:term":[{"taxonomy":"category","embeddable":true,"href":"https:\/\/www.europesays.com\/fr\/wp-json\/wp\/v2\/categories?post=561244"},{"taxonomy":"post_tag","embeddable":true,"href":"https:\/\/www.europesays.com\/fr\/wp-json\/wp\/v2\/tags?post=561244"}],"curies":[{"name":"wp","href":"https:\/\/api.w.org\/{rel}","templated":true}]}}