{"id":561246,"date":"2025-11-27T01:48:38","date_gmt":"2025-11-27T01:48:38","guid":{"rendered":"https:\/\/www.europesays.com\/fr\/561246\/"},"modified":"2025-11-27T01:48:38","modified_gmt":"2025-11-27T01:48:38","slug":"une-saison-2025-remarquable-et-prometteuse-pour-felix-auger-aliassime","status":"publish","type":"post","link":"https:\/\/www.europesays.com\/fr\/561246\/","title":{"rendered":"Une saison 2025 remarquable et prometteuse pour F\u00e9lix Auger-Aliassime"},"content":{"rendered":"<p class=\"c-paragraph\">Les derni\u00e8res semaines de F\u00e9lix Auger-Aliassime ont \u00e9t\u00e9 hautes en couleur, avec une participation aux Finales de l\u2019ATP.<\/p>\n<p class=\"c-paragraph\">Sauf que la derni\u00e8re ann\u00e9e n\u2019a pas toujours \u00e9t\u00e9 rose pour FAA, qui a v\u00e9cu de v\u00e9ritables montagnes russes.<\/p>\n<p class=\"c-paragraph\">Retra\u00e7ons les moments cl\u00e9s de sa campagne.<\/p>\n<p class=\"c-paragraph\">Apr\u00e8s une saison 2024 d\u00e9cevante, Auger-Aliassime amorce l\u2019ann\u00e9e 2025 en force avec deux titres \u00e0 ses trois premiers tournois de l\u2019ann\u00e9e, \u00e0 Ad\u00e9la\u00efde et \u00e0 Montpellier.<\/p>\n<p class=\"c-paragraph\">\u00c9limin\u00e9 au deuxi\u00e8me tour aux Internationaux d\u2019Australie, FAA poursuit ensuite son bon d\u00e9but de saison en f\u00e9vrier. Il atteint la demi-finale au tournoi de Doha, puis il est d\u00e9fait en finale au tournoi de Duba\u00ef par Stefanos Tsitsipas. Apr\u00e8s deux mois, FAA semble alors en route pour conna\u00eetre une excellente saison 2025.<\/p>\n<p class=\"c-paragraph\">Les emb\u00fbches suivent toutefois au d\u00e9but de l\u2019\u00e9t\u00e9.<\/p>\n<p class=\"c-paragraph\">Le Qu\u00e9b\u00e9cois ne signe que quatre victoires lors des 11 matchs suivant sa finale \u00e0 Duba\u00ef. <\/p>\n<p class=\"c-paragraph\">Auger-Aliassime est ensuite victime d\u2019\u00e9liminations au premier tour \u00e0 Roland-Garros, au deuxi\u00e8me tour \u00e0 Wimbledon et au deuxi\u00e8me tour \u00e0 Toronto.<\/p>\n<p class=\"c-paragraph\"><b>Le d\u00e9but d\u2019une belle fin de saison<\/b><\/p>\n<p class=\"c-paragraph\">Une participation aux quarts de finale \u00e0 Cincinnati au d\u00e9but ao\u00fbt permet \u00e0 Auger-Aliassime d\u2019avoir le vent dans les voiles pour le tout dernier majeur de la saison : les Internationaux des \u00c9tats-Unis. <\/p>\n<p class=\"c-paragraph\">FAA remporte 12 de ses 13 premi\u00e8res manches du tournoi, \u00e9liminant au passage Alexander Zverev et Andrey Rublev. Auger-Aliassime se d\u00e9barrasse ensuite d\u2019Alex de Minaur en quarts de finale, pour atteindre les demi-finales du US Open pour la deuxi\u00e8me fois de sa carri\u00e8re.<\/p>\n<p class=\"c-paragraph\">Sauf qu\u2019encore une fois, Jannik vient priver Auger-Aliassime de la premi\u00e8re finale en tournoi majeur de sa carri\u00e8re. Apr\u00e8s une belle bataille, FAA baisse pavillon en quatre manches devant la premi\u00e8re raquette mondiale.<\/p>\n<p class=\"c-paragraph\">Le Qu\u00e9b\u00e9cois prend une petite pause des terrains de tennis pour se marier le 20 septembre, au Maroc. Ce n\u2019est peut-\u00eatre qu\u2019une co\u00efncidence, ou le fait qu\u2019il \u00e9volue dans son environnement favori \u2013 les courts int\u00e9rieurs \u2013, mais FAA remporte son troisi\u00e8me titre de la saison au tournoi de Bruxelles quelques semaines plus tard.<\/p>\n<p class=\"c-paragraph\">Place ensuite au dernier Masters 1000 de la saison, \u00e0 Paris&#8230;<\/p>\n<p class=\"c-paragraph\">Auger-Aliassime atteint sa cinqui\u00e8me finale de la saison, apr\u00e8s avoir battu Alexander Bublik en demi-finale. Dernier obstacle \u00e0 Paris : Jannik Sinner. <\/p>\n<p class=\"c-paragraph\">Malgr\u00e9 un duel beaucoup plus serr\u00e9 que les deux pr\u00e9c\u00e9dents, l\u2019Italien est trop fort pour F\u00e9lix, qui doit baisser pavillon en finale.<\/p>\n<p class=\"c-paragraph\">Cette excellente fin de saison du Qu\u00e9b\u00e9cois lui permet de percer le top-8 pour l\u2019ann\u00e9e 2025 et de participer aux Finales de l\u2019ATP pour la deuxi\u00e8me fois de sa carri\u00e8re. <\/p>\n<p class=\"c-paragraph\">Des victoires face \u00e0 Ben Shelton et Zverev propulsent FAA en demi-finale. Carlos Alcaraz viendra toutefois g\u00e2cher le beau parcours de FAA et mettre fin \u00e0 sa saison.<\/p>\n<p class=\"c-paragraph\">Auger-Aliassime conclut donc l\u2019ann\u00e9e 2025 avec 50 victoires, dont sept contre des joueurs du top-10 mondial. <\/p>\n<p class=\"c-paragraph\">Il est \u00e9galement pass\u00e9 du 29e au 5e rang mondial, le meilleur classement de sa carri\u00e8re, remportant trois titres au passage. La nouvelle saison s\u2019annonce donc tr\u00e8s prometteuse pour le Qu\u00e9b\u00e9cois, mais sera-t-il en mesure de s\u2019approcher du niveau de jeu du monstre \u00e0 deux t\u00eates surnomm\u00e9 Sincaraz?<\/p>\n","protected":false},"excerpt":{"rendered":"Les derni\u00e8res semaines de F\u00e9lix Auger-Aliassime ont \u00e9t\u00e9 hautes en couleur, avec une participation aux Finales de l\u2019ATP.&hellip;\n","protected":false},"author":2,"featured_media":561247,"comment_status":"","ping_status":"","sticky":false,"template":"","format":"standard","meta":{"footnotes":""},"categories":[1415],"tags":[49902,1011,27,60,1467],"class_list":{"0":"post-561246","1":"post","2":"type-post","3":"status-publish","4":"format-standard","5":"has-post-thumbnail","7":"category-tennis","8":"tag-felix-auger-aliassime","9":"tag-fr","10":"tag-france","11":"tag-sports","12":"tag-tennis"},"share_on_mastodon":{"url":"https:\/\/pubeurope.com\/@fr\/115619148800442647","error":""},"_links":{"self":[{"href":"https:\/\/www.europesays.com\/fr\/wp-json\/wp\/v2\/posts\/561246","targetHints":{"allow":["GET"]}}],"collection":[{"href":"https:\/\/www.europesays.com\/fr\/wp-json\/wp\/v2\/posts"}],"about":[{"href":"https:\/\/www.europesays.com\/fr\/wp-json\/wp\/v2\/types\/post"}],"author":[{"embeddable":true,"href":"https:\/\/www.europesays.com\/fr\/wp-json\/wp\/v2\/users\/2"}],"replies":[{"embeddable":true,"href":"https:\/\/www.europesays.com\/fr\/wp-json\/wp\/v2\/comments?post=561246"}],"version-history":[{"count":0,"href":"https:\/\/www.europesays.com\/fr\/wp-json\/wp\/v2\/posts\/561246\/revisions"}],"wp:featuredmedia":[{"embeddable":true,"href":"https:\/\/www.europesays.com\/fr\/wp-json\/wp\/v2\/media\/561247"}],"wp:attachment":[{"href":"https:\/\/www.europesays.com\/fr\/wp-json\/wp\/v2\/media?parent=561246"}],"wp:term":[{"taxonomy":"category","embeddable":true,"href":"https:\/\/www.europesays.com\/fr\/wp-json\/wp\/v2\/categories?post=561246"},{"taxonomy":"post_tag","embeddable":true,"href":"https:\/\/www.europesays.com\/fr\/wp-json\/wp\/v2\/tags?post=561246"}],"curies":[{"name":"wp","href":"https:\/\/api.w.org\/{rel}","templated":true}]}}