{"id":561248,"date":"2025-11-27T01:52:11","date_gmt":"2025-11-27T01:52:11","guid":{"rendered":"https:\/\/www.europesays.com\/fr\/561248\/"},"modified":"2025-11-27T01:52:11","modified_gmt":"2025-11-27T01:52:11","slug":"une-championne-deurope-a-kdm-pack-cycling-team-actualite","status":"publish","type":"post","link":"https:\/\/www.europesays.com\/fr\/561248\/","title":{"rendered":"Une Championne d&rsquo;Europe \u00e0 KDM-Pack Cycling Team &#8211; Actualit\u00e9"},"content":{"rendered":"<p style=\"text-align: justify;\">KDM-Pack Cycling a annonc\u00e9 une Championne d&rsquo;Europe pour l&rsquo;ann\u00e9e prochaine. La Conti belge comptera sur la pr\u00e9sence de Marte Dolven, Junior sortante qui arrive du Team Rytger Carl Ras.<\/p>\n<p><strong><a href=\"https:\/\/www.directvelo.com\/coureur\/63000\/marte-dolven\" target=\"_blank\" rel=\"noopener\">Marte Dolven<\/a><\/strong>, 18 ans, a donc d\u00e9croch\u00e9 le titre continental sur le relais mixte, avec l&rsquo;\u00e9quipe de Norv\u00e8ge. Elle s&rsquo;est \u00e9galement impos\u00e9e sur une \u00e9tape du Tour de l&rsquo;Abitibi, en Coupe des Nations. Sur l&rsquo;\u00e9preuve canadienne, elle a \u00e9galement pris les 2e, 3e et 12e places des autres \u00e9tapes, pour une 8e place au classement g\u00e9n\u00e9ral final.<\/p>\n<p>La Norv\u00e9gienne a \u00e9galement termin\u00e9 2e de son Championnat national Juniors, et 4e sur le chrono, ou encore 19e du Tour des Flandres.<\/p>\n<p>Retrouvez tous les transferts du peloton f\u00e9minin <strong><a href=\"https:\/\/www.directvelo.com\/mutations\/2026#teams-women\" target=\"_blank\" rel=\"noopener\">en cliquant ici<\/a><\/strong>.<\/p>\n","protected":false},"excerpt":{"rendered":"KDM-Pack Cycling a annonc\u00e9 une Championne d&rsquo;Europe pour l&rsquo;ann\u00e9e prochaine. La Conti belge comptera sur la pr\u00e9sence de&hellip;\n","protected":false},"author":2,"featured_media":561249,"comment_status":"","ping_status":"","sticky":false,"template":"","format":"standard","meta":{"footnotes":""},"categories":[1411],"tags":[834,828,836,829,837,827,83,826,824,823,1154,207,814,817,815,816,822,821,832,211,839,1011,27,820,818,819,835,831,830,833,838,60,212,208,825],"class_list":{"0":"post-561248","1":"post","2":"type-post","3":"status-publish","4":"format-standard","5":"has-post-thumbnail","7":"category-cyclisme","8":"tag-attaque","9":"tag-belgique","10":"tag-braquet","11":"tag-bretagne","12":"tag-chute","13":"tag-competition","14":"tag-coupe-de-france","15":"tag-coureur","16":"tag-course-cyclisme","17":"tag-course-cycliste","18":"tag-cycling","19":"tag-cyclisme","20":"tag-direct","21":"tag-direct-velo","22":"tag-directvelo","23":"tag-directvelo-com","24":"tag-epreuve","25":"tag-epreuve-cycliste","26":"tag-federation-francaise-de-cyclisme","27":"tag-ffc","28":"tag-flandres","29":"tag-fr","30":"tag-france","31":"tag-live","32":"tag-live-course","33":"tag-live-epreuve","34":"tag-peloton","35":"tag-radio-peloton","36":"tag-radio-tour","37":"tag-ravitaillement","38":"tag-relance","39":"tag-sports","40":"tag-uci","41":"tag-velo","42":"tag-velos"},"share_on_mastodon":{"url":"https:\/\/pubeurope.com\/@fr\/115619164645113771","error":""},"_links":{"self":[{"href":"https:\/\/www.europesays.com\/fr\/wp-json\/wp\/v2\/posts\/561248","targetHints":{"allow":["GET"]}}],"collection":[{"href":"https:\/\/www.europesays.com\/fr\/wp-json\/wp\/v2\/posts"}],"about":[{"href":"https:\/\/www.europesays.com\/fr\/wp-json\/wp\/v2\/types\/post"}],"author":[{"embeddable":true,"href":"https:\/\/www.europesays.com\/fr\/wp-json\/wp\/v2\/users\/2"}],"replies":[{"embeddable":true,"href":"https:\/\/www.europesays.com\/fr\/wp-json\/wp\/v2\/comments?post=561248"}],"version-history":[{"count":0,"href":"https:\/\/www.europesays.com\/fr\/wp-json\/wp\/v2\/posts\/561248\/revisions"}],"wp:featuredmedia":[{"embeddable":true,"href":"https:\/\/www.europesays.com\/fr\/wp-json\/wp\/v2\/media\/561249"}],"wp:attachment":[{"href":"https:\/\/www.europesays.com\/fr\/wp-json\/wp\/v2\/media?parent=561248"}],"wp:term":[{"taxonomy":"category","embeddable":true,"href":"https:\/\/www.europesays.com\/fr\/wp-json\/wp\/v2\/categories?post=561248"},{"taxonomy":"post_tag","embeddable":true,"href":"https:\/\/www.europesays.com\/fr\/wp-json\/wp\/v2\/tags?post=561248"}],"curies":[{"name":"wp","href":"https:\/\/api.w.org\/{rel}","templated":true}]}}